{"id":252728,"date":"2025-11-24T06:52:21","date_gmt":"2025-11-24T06:52:21","guid":{"rendered":"https:\/\/www.europesays.com\/es\/252728\/"},"modified":"2025-11-24T06:52:21","modified_gmt":"2025-11-24T06:52:21","slug":"sanchez-prepara-el-asalto-total-a-la-gran-empresa-tras-la-condena-al-fiscal-general","status":"publish","type":"post","link":"https:\/\/www.europesays.com\/es\/252728\/","title":{"rendered":"S\u00e1nchez prepara el asalto total a la gran empresa tras la condena al fiscal general"},"content":{"rendered":"<p style=\"\">\u00abLa democracia no es un estado que se conquista de forma permanente, es un privilegio que debemos defender cada d\u00eda de nostalgias infundadas, de intereses econ\u00f3micos, de ataques que van cambiando su forma: hoy son campa\u00f1as de desinformaci\u00f3n y tambi\u00e9n abusos de poder\u00bb. Estas  &#8230; palabras pronunciadas por el propio Pedro S\u00e1nchez en la presentaci\u00f3n de una<strong> serie de Movistar Plus+<\/strong>, valga la redundancia, nada m\u00e1s conocerse<a href=\"https:\/\/www.abc.es\/espana\/supremo-condena-fiscal-general-estado-revelacion-secretos-20251120140311-nt.html\" target=\"_self\" data-voc-vtm-id=\"in-text-traffic\" title=\" la condena al Fiscal General del Estado\" data-mrf-link=\"www.abc.es\" rel=\"nofollow noopener\"> la condena al Fiscal General del Estado<\/a> llevaban una enorme carga de profundidad hacia el mundo de la empresa. <\/p>\n<p class=\"voc-p\" style=\"\">El presidente del Gobierno ha desempolvado su tesis de las oscuras maniobras de <strong>los \u00abse\u00f1ores del puro y la chistera\u00bb<\/strong> que amenazan su muy democr\u00e1tica mayor\u00eda Frankenstein para poner en marcha <a href=\"https:\/\/www.abc.es\/economia\/maria-jesus-perez-ordinary-people-monclovita-zampa-ibex-soles-lechugas-20251005195636-nt.html\" target=\"_self\" data-voc-vtm-id=\"in-text-traffic\" title=\"el asalto definitivo a los consejos del Ibex 35\" data-mrf-link=\"www.abc.es\" rel=\"nofollow noopener\">el asalto definitivo a los consejos del Ibex 35<\/a>. La oficina econ\u00f3mica de Manuel de la Rocha analiza con lupa el vencimiento de mandatos de consejeros y las vulnerabilidades en la gobernanza de grandes empresas para empotrar a sus peones antes del diluvio final de legislatura que intuye se avecina. <\/p>\n<p class=\"voc-p\" style=\"\">La estrategia es clara: <strong>un nuevo Gobierno<\/strong> puede cambiar r\u00e1pidamente el Consejo de Ministros, pero <a href=\"https:\/\/www.abc.es\/economia\/maria-jesus-perez-gobierno-queda-corto-ibex-echarle-lazo-20250223212325-nt.html\" target=\"_self\" data-voc-vtm-id=\"in-text-traffic\" title=\"los \u00f3rganos de gobierno requieren unas mayor\u00edas m\u00e1s sofisticadas de lograr\" data-mrf-link=\"www.abc.es\" rel=\"nofollow noopener\">los \u00f3rganos de gobierno requieren unas mayor\u00edas m\u00e1s sofisticadas de lograr<\/a> que, en el peor de los casos, permitir\u00edan al sanchismo el bombeo de recursos econ\u00f3micos desde el terreno conquistado durante varios meses por mucho que cambiara el color del Ejecutivo. <\/p>\n<p class=\"voc-p\" style=\"\">Ah\u00ed reside la importancia de sus palabras sobre los \u00abintereses econ\u00f3micos\u00bb que S\u00e1nchez presentaba como<strong> oscuros elementos de presi\u00f3n ileg\u00edtima<\/strong> a los que, por ende, cabr\u00eda contraatacar por cualquier medio disponible. <\/p>\n<p class=\"voc-p\" style=\"\">El plan supondr\u00eda un serio palo entre las ruedas de un futuro nuevo Gobierno, que se encontrar\u00eda con <a href=\"https:\/\/www.abc.es\/economia\/maria-jesus-perez-vale-ibex-mano-moncloas-volando-20240630193645-nt.html\" target=\"_self\" data-voc-vtm-id=\"in-text-traffic\" title=\"empresas estrat\u00e9gicas blindadas orbitando en torno al sanchismo\" data-mrf-link=\"www.abc.es\" rel=\"nofollow noopener\">empresas estrat\u00e9gicas blindadas orbitando en torno al sanchismo<\/a>. Y ah\u00ed caben todas: telecomunicaciones, banca, energ\u00e9ticas e infraestructuras\u2026 el relato del \u00ababuso de poder\u00bb desde instancias judiciales y econ\u00f3micas est\u00e1 en marcha y sus socios de Gobierno lo afianzan con ep\u00edtetos como \u00abgolpe de estado &#8216;soft&#8217;\u00bb.<strong> RTVE sirve de altavoz ma\u00f1ana, tarde y noche<\/strong> e incluso ha recuperado a Pablo Iglesias de su retiro tabernario para asegurar en directo con sus cuates Jes\u00fas Cintora y Luis Arroyo que todo vale para enfrentarse a los enemigos del Gobierno.<\/p>\n<p class=\"voc-p\" style=\"\">No faltan los susurradores que, espoleados por la que se le viene encima al expresidente Jos\u00e9 Luis Rodr\u00edguez Zapatero y al mundo Maduro, &#8216;cansinean&#8217; con eso de que \u00aben unos meses nos hemos hecho con el control de Telef\u00f3nica y hemos dinamitado la opa del BBVA; querer es poder\u00bb. En eso est\u00e1n, queriendo. A toda velocidad porque esto se acaba entre mordidas del 2%, comisiones de hidrocarburos y desprestigio internacional.<\/p>\n<p class=\"voc-p\" style=\"\">Los mismos ponen el ejemplo de Mariano Bacigalupo, el marido de la comisaria Teresa Ribera, a la que todav\u00eda est\u00e1n esperando por Valencia. El \u00ednclito, desde su sill\u00f3n en la CNMV, parece ser que result\u00f3 determinante <a href=\"https:\/\/www.abc.es\/economia\/bbva-culpa-sabadell-haber-influido-resultado-confundir-20251016220603-nt.html\" target=\"_self\" data-voc-vtm-id=\"in-text-traffic\" title=\"para bloquear la reacci\u00f3n del banco de Carlos Torres\" data-mrf-link=\"www.abc.es\" rel=\"nofollow noopener\">para bloquear la reacci\u00f3n del banco de Carlos Torres<\/a> haciendo imposible en la pr\u00e1ctica una segunda opa sobre el Sabadell. Jugando con los tiempos, la informaci\u00f3n filtrada y la letra peque\u00f1a de las decisiones que tom\u00f3 el regulador, al que quiz\u00e1s, dicen las malas lenguas entre bambalinas, le cuesta algo m\u00e1s de la cuenta dar la cara en muchos temas delicados que pudieran haber afectado al buen funcionamiento de los mercados de valores en Espa\u00f1a, ya que entre sus funciones tiene la obligaci\u00f3n de supervisar e inspeccionar su actividad, asegurar la transparencia, <strong>proteger a los inversores<\/strong> y promover la correcta formaci\u00f3n de precios.<\/p>\n<p class=\"voc-p\" style=\"\">Mientras, en La Moncloa corren estos d\u00edas <a href=\"https:\/\/www.abc.es\/economia\/maria-jesus-perez-telefonica-rtve-cne-redeia-luz-verde-panchivillismo-20240331040403-nt.html\" target=\"_self\" data-voc-vtm-id=\"in-text-traffic\" title=\"listas de nombres y apellidos para incluir en los consejos\" data-mrf-link=\"www.abc.es\" rel=\"nofollow noopener\">listas de nombres y apellidos para incluir en los consejos<\/a> de administraci\u00f3n de las principales empresas de este pa\u00eds y<strong> candidaturas bien apadrinadas<\/strong> para presidir algunas de ellas, con especial menci\u00f3n a prohombres del gusto del presidente de la Generalitat catalana, Salvador Illa, y sus intereses econ\u00f3micos, que parece que el futuro del PSOE se divide entre Santo Domingo y el Palau. <\/p>\n<p class=\"voc-p\" style=\"\">M\u00e1s valdr\u00eda que el PP y sus posibles socios de coalici\u00f3n estuvieran m\u00e1s atentos a lo que se cuece en el Ibex y a <strong>pedir ayuda de Europa<\/strong> ante una injerencia masiva que a caer en <a href=\"https:\/\/www.abc.es\/economia\/maria-jesus-perez-china-abre-ano-nuevo-economia-mundial-telefonica-20251102185931-nt.html\" target=\"_self\" data-voc-vtm-id=\"in-text-traffic\" title=\"las trampas argumentales de las gafas de S\u00e1nchez\" data-mrf-link=\"www.abc.es\" rel=\"nofollow noopener\">las trampas argumentales de las gafas de S\u00e1nchez<\/a> o los bolsos de la vicepresidenta segunda Yolanda D\u00edaz. Una pista: cojan con pinzas a todos aquellos aprendices de ejecutivo que se esfuercen en recordar sin que nadie les pregunte que ellos son muy profesionales y que no le deben nada a ning\u00fan pol\u00edtico. Dicho queda.<\/p>\n","protected":false},"excerpt":{"rendered":"\u00abLa democracia no es un estado que se conquista de forma permanente, es un privilegio que debemos defender&hellip;\n","protected":false},"author":2,"featured_media":252729,"comment_status":"","ping_status":"","sticky":false,"template":"","format":"standard","meta":{"footnotes":""},"categories":[8],"tags":[17223,17,18,793,4269,25,24,13,14,6987,3015,3956,11,19,20,9,10,15,16,5936,199,23,12,1627,575,21,22],"class_list":{"0":"post-252728","1":"post","2":"type-post","3":"status-publish","4":"format-standard","5":"has-post-thumbnail","7":"category-espana","8":"tag-asalto","9":"tag-breaking-news","10":"tag-breakingnews","11":"tag-condena","12":"tag-empresa","13":"tag-es","14":"tag-espana","15":"tag-featured-news","16":"tag-featurednews","17":"tag-fiscal","18":"tag-general","19":"tag-gran","20":"tag-headlines","21":"tag-latest-news","22":"tag-latestnews","23":"tag-news","24":"tag-noticias","25":"tag-noticias-destacadas","26":"tag-noticiasdestacadas","27":"tag-prepara","28":"tag-sanchez","29":"tag-spain","30":"tag-titulares","31":"tag-total","32":"tag-tras","33":"tag-ultimas-noticias","34":"tag-ultimasnoticias"},"share_on_mastodon":{"url":"https:\/\/pubeurope.com\/@es\/115603357416205490","error":""},"_links":{"self":[{"href":"https:\/\/www.europesays.com\/es\/wp-json\/wp\/v2\/posts\/252728","targetHints":{"allow":["GET"]}}],"collection":[{"href":"https:\/\/www.europesays.com\/es\/wp-json\/wp\/v2\/posts"}],"about":[{"href":"https:\/\/www.europesays.com\/es\/wp-json\/wp\/v2\/types\/post"}],"author":[{"embeddable":true,"href":"https:\/\/www.europesays.com\/es\/wp-json\/wp\/v2\/users\/2"}],"replies":[{"embeddable":true,"href":"https:\/\/www.europesays.com\/es\/wp-json\/wp\/v2\/comments?post=252728"}],"version-history":[{"count":0,"href":"https:\/\/www.europesays.com\/es\/wp-json\/wp\/v2\/posts\/252728\/revisions"}],"wp:featuredmedia":[{"embeddable":true,"href":"https:\/\/www.europesays.com\/es\/wp-json\/wp\/v2\/media\/252729"}],"wp:attachment":[{"href":"https:\/\/www.europesays.com\/es\/wp-json\/wp\/v2\/media?parent=252728"}],"wp:term":[{"taxonomy":"category","embeddable":true,"href":"https:\/\/www.europesays.com\/es\/wp-json\/wp\/v2\/categories?post=252728"},{"taxonomy":"post_tag","embeddable":true,"href":"https:\/\/www.europesays.com\/es\/wp-json\/wp\/v2\/tags?post=252728"}],"curies":[{"name":"wp","href":"https:\/\/api.w.org\/{rel}","templated":true}]}}