{"id":252734,"date":"2025-11-24T07:02:11","date_gmt":"2025-11-24T07:02:11","guid":{"rendered":"https:\/\/www.europesays.com\/es\/252734\/"},"modified":"2025-11-24T07:02:11","modified_gmt":"2025-11-24T07:02:11","slug":"el-barca-completa-un-fin-de-semana-idilico-y-se-queda-a-un-paso-del-liderato","status":"publish","type":"post","link":"https:\/\/www.europesays.com\/es\/252734\/","title":{"rendered":"El Bar\u00e7a completa un fin de semana id\u00edlico y se queda a un paso del liderato"},"content":{"rendered":"<p data-gtm-element-container=\"modulo-texto-link\" class=\"paragraph\">A la emotiva y victoriosa jornada del s\u00e1bado con la goleada al <strong>Athletic Club<\/strong> (4-0) en el retorno al<strong> Spotify Camp Nou<\/strong>, se sum\u00f3 ayer la felicidad de recortar m\u00e1s distancias con el <strong>Real Madrid <\/strong>por el liderato de <strong>LaLiga<\/strong>. Los blancos, que llegaban de empatar en la \u00faltima jornada en <strong>Vallecas <\/strong>y perder en <strong>Liverpool <\/strong>en partido de Champions, volvieron a fallar y pincharon en <strong>Elche <\/strong>(2-2) cediendo dos nuevos puntos.<\/p>\n<p data-gtm-element-container=\"modulo-texto-link\" class=\"paragraph\">A pesar de que pudieron salir derrotados, pues hasta en dos ocasiones el conjunto del ex azulgrana <strong>Eder Sarabia <\/strong>se puso por delante en el marcador, los de<strong> Xabi Alonso <\/strong>lograron empatar con dos goles pol\u00e9micos. El primero, en el 78 marcado por <strong>Huijsen<\/strong>, lleg\u00f3 precedido de una mano de <strong>Bellingham<\/strong>. En el 87, e l propio <strong>Bellingham <\/strong>logr\u00f3 el definitivo 2-2, tras otra jugada que encendi\u00f3 al t\u00e9cnico del Elche,<strong> Eder Sarabia<\/strong>, pues <strong>Vinicius <\/strong>dej\u00f3 tendido a <strong>I\u00f1aki Pe\u00f1a<\/strong> en el suelo tras golpearle en la nariz con la rodilla, justo antes del gol del ingl\u00e9s.<\/p>\n<p data-gtm-element-container=\"modulo-texto-link\" class=\"paragraph\"><strong>La pr\u00f3xima jornada, el Bar\u00e7a repite en casa y el Madrid, fuera<\/strong><\/p>\n<p data-gtm-element-container=\"modulo-texto-link\" class=\"paragraph\">Con el empate en <strong>Elche<\/strong>, el <strong>Madrid <\/strong>contin\u00faa l\u00edder con 32 puntos, pero el <strong>Bar\u00e7a <\/strong>ya se sit\u00faa a solo uno, con 31. El pr\u00f3ximo fin de semana, el <strong>Bar\u00e7a <\/strong>recibir\u00e1 al <strong>Alav\u00e9s <\/strong>el s\u00e1bado a las 16:15 horas, mientras que el <strong>Madrid <\/strong>volver\u00e1 a cerrar la jornada del domingo visitando al <strong>Girona <\/strong>en el estadi de <strong>Montilivi<\/strong>.<\/p>\n","protected":false},"excerpt":{"rendered":"A la emotiva y victoriosa jornada del s\u00e1bado con la goleada al Athletic Club (4-0) en el retorno&hellip;\n","protected":false},"author":2,"featured_media":252735,"comment_status":"","ping_status":"","sticky":false,"template":"","format":"standard","meta":{"footnotes":""},"categories":[268],"tags":[168,25,24,280,282,281,23,167],"class_list":{"0":"post-252734","1":"post","2":"type-post","3":"status-publish","4":"format-standard","5":"has-post-thumbnail","7":"category-futbol","8":"tag-deportes","9":"tag-es","10":"tag-espana","11":"tag-football","12":"tag-futbol","13":"tag-soccer","14":"tag-spain","15":"tag-sports"},"share_on_mastodon":{"url":"https:\/\/pubeurope.com\/@es\/115603396633095506","error":""},"_links":{"self":[{"href":"https:\/\/www.europesays.com\/es\/wp-json\/wp\/v2\/posts\/252734","targetHints":{"allow":["GET"]}}],"collection":[{"href":"https:\/\/www.europesays.com\/es\/wp-json\/wp\/v2\/posts"}],"about":[{"href":"https:\/\/www.europesays.com\/es\/wp-json\/wp\/v2\/types\/post"}],"author":[{"embeddable":true,"href":"https:\/\/www.europesays.com\/es\/wp-json\/wp\/v2\/users\/2"}],"replies":[{"embeddable":true,"href":"https:\/\/www.europesays.com\/es\/wp-json\/wp\/v2\/comments?post=252734"}],"version-history":[{"count":0,"href":"https:\/\/www.europesays.com\/es\/wp-json\/wp\/v2\/posts\/252734\/revisions"}],"wp:featuredmedia":[{"embeddable":true,"href":"https:\/\/www.europesays.com\/es\/wp-json\/wp\/v2\/media\/252735"}],"wp:attachment":[{"href":"https:\/\/www.europesays.com\/es\/wp-json\/wp\/v2\/media?parent=252734"}],"wp:term":[{"taxonomy":"category","embeddable":true,"href":"https:\/\/www.europesays.com\/es\/wp-json\/wp\/v2\/categories?post=252734"},{"taxonomy":"post_tag","embeddable":true,"href":"https:\/\/www.europesays.com\/es\/wp-json\/wp\/v2\/tags?post=252734"}],"curies":[{"name":"wp","href":"https:\/\/api.w.org\/{rel}","templated":true}]}}