{"id":252740,"date":"2025-11-24T07:06:21","date_gmt":"2025-11-24T07:06:21","guid":{"rendered":"https:\/\/www.europesays.com\/es\/252740\/"},"modified":"2025-11-24T07:06:21","modified_gmt":"2025-11-24T07:06:21","slug":"del-final-de-franco-al-dj-carl-cox-la-ruta-cambia-el-bakalao-por-ibiza-para-contar-dos-espanas-paralelas-series-de-television","status":"publish","type":"post","link":"https:\/\/www.europesays.com\/es\/252740\/","title":{"rendered":"Del final de Franco al \u2018dj\u2019 Carl Cox: \u2018La ruta\u2019 cambia el bakalao por Ibiza para contar dos Espa\u00f1as paralelas | Series de Televisi\u00f3n"},"content":{"rendered":"<p class=\"\">La serie de Atresplayer <a href=\"https:\/\/elpais.com\/television\/2022-09-23\/la-ruta-desanda-los-pasos-de-la-movida-valenciana-en-busca-de-su-lado-mas-luminoso-y-desconocido.html\" target=\"_self\" rel=\"nofollow noopener\" title=\"https:\/\/elpais.com\/television\/2022-09-23\/la-ruta-desanda-los-pasos-de-la-movida-valenciana-en-busca-de-su-lado-mas-luminoso-y-desconocido.html\">La ruta se llev\u00f3 un buen pu\u00f1ado de premios y alabanzas de la cr\u00edtica<\/a> hace un par de temporadas. Ambientada en los a\u00f1os ochenta y noventa y contada marcha atr\u00e1s (cada cap\u00edtulo se centraba en lo que ocurr\u00eda al mismo grupo de personajes un a\u00f1o antes), mostraba los or\u00edgenes de La ruta del bakalao como un movimiento cultural lleno de efervescencia y creatividad. La historia \u201cterminaba\u201d (aunque ese momento se emit\u00eda en su primer cap\u00edtulo) con uno de sus personajes, el atormentado Marc Rib\u00f3, tomando un vuelo a Ibiza para convertirse en un dj de renombre. Lo que segu\u00eda era el origen de las cosas, la reconstrucci\u00f3n de la intensa relaci\u00f3n con su hermano adoptivo y con sus amigos. <\/p>\n<p class=\"\">La inesperada segunda temporada de la serie, <a href=\"https:\/\/www.justwatch.com\/es\/serie\/la-ruta\/temporada-2\" target=\"_self\" rel=\"nofollow noopener\" title=\"https:\/\/www.justwatch.com\/es\/serie\/la-ruta\/temporada-2\">La ruta Vol. 2: Ibiza<\/a>, vuelve a recurrir a un giro narrativo para dar nueva vida a un relato que parec\u00eda acabado. Esta vez, sus cap\u00edtulos transcurren en dos l\u00edneas temporales paralelas. Por un lado, contin\u00faa la aventura de Marc, ya instalado en su nueva vida y con sus sue\u00f1os cumplidos justo en el momento en el que Ibiza est\u00e1 a punto de convertirse en la capital del ocio mundial. Por otro, cuenta la historia de sus padres biol\u00f3gicos cuando llegan a esa misma isla 25 a\u00f1os antes, en un momento crucial de sus vidas y de la historia de Espa\u00f1a. El lugar era un oasis de libertad en el final del franquismo. Esa es la Ibiza que conocen los padres de Marc pocos meses antes de morir en el famoso accidente a\u00e9reo del Caravelle de 1972.<\/p>\n<p class=\"\">El sexto y \u00faltimo cap\u00edtulo se lanza en la plataforma de Atresmedia el pr\u00f3ximo domingo, que plantea un reto interpretativo a \u00c0lex Monner y a Irene Escolar. Cada uno de los cuatro actores encarna a dos personajes distintos (padre e hijo y madre e hija) en una ficci\u00f3n que ahonda en cuestiones como la identidad y las relaciones paterno-filiales.<\/p>\n<p>\u00c0lex Monner: Marc y Manuel<img decoding=\"auto\" class=\"_re lazyload a_m-h\" height=\"317\"  width=\"414\"  src=\"https:\/\/www.europesays.com\/es\/wp-content\/uploads\/2025\/11\/5Y4T54DDZBBX7GK62ZONSRC2VU.jpg\" loading=\"lazy\"\/>\u00c0lex Monner interpreta a padre e hijo, en los a\u00f1os setenta y los noventa, en la segunda temporada de la serie.ATRESMEDIA<\/p>\n<p class=\"\">El actor barcelon\u00e9s de 30 a\u00f1os interpreta a Marc Rib\u00f3 en los a\u00f1os noventa, un joven con todo un futuro por delante en un lugar a punto de alcanzar su m\u00e1ximo potencial. Pero a pesar de su aparente \u00e9xito, algo falla en su vida. Esa sensaci\u00f3n de permanente insatisfacci\u00f3n, de estar viviendo una vida prestada, est\u00e1 conectada con su pasado, narrado en la primera temporada de la serie. <\/p>\n<p class=\"\">Monner tambi\u00e9n interpreta a Manuel, el padre de Marc, en la trama correspondiente a los a\u00f1os setenta. Se trata de un hombre hijo de su tiempo, pero con iniciativa y ambici\u00f3n suficientes para buscar un futuro mejor. Por eso se compromete a construir un hotel en la efervescente isla en tiempo r\u00e9cord. El actor catal\u00e1n se enfrent\u00f3 a una nueva trama, la de la Espa\u00f1a del desarrollismo tardofranquista, que \u201cten\u00eda un punto menos naturalista que lo que la serie nos ten\u00eda acostumbrados\u201d, se\u00f1ala.<\/p>\n<p>M\u00e1s informaci\u00f3n<\/p>\n<p class=\"\">\u201cEn el caso de Marc, supuso retomar un personaje que ya conoc\u00eda, que ya hab\u00eda estado construyendo en la primera temporada y con quien me apetec\u00eda reencontrarme\u201d, cuenta el actor a EL PA\u00cdS. \u201cLa llegada de la trama de los setenta abr\u00eda las posibilidades a una serie que era totalmente distinta en todos los sentidos\u201d.<\/p>\n<p class=\"\">\u201cRecuerdo estar grabando escenas como Manuel hablando al Marc de siete a\u00f1os y esos momentos reverberaban en c\u00f3mo viv\u00eda ciertas cosas el Marc que interpreto en los noventa. Es una situaci\u00f3n rara y una oportunidad de pocas veces tiene un actor\u201d, celebra Monner. \u201cMarc es un chulo de mierda, pero es lo que m\u00e1s disfrut\u00e9 de interpretarlo\u201d.<\/p>\n<p>Carla D\u00edaz: Vicky<img decoding=\"auto\" class=\"_re lazyload a_m-h\" height=\"234\"  width=\"414\"  src=\"https:\/\/www.europesays.com\/es\/wp-content\/uploads\/2025\/11\/LNN2EIFIG5HDHHDCVU2VHJCI5E.jpg\" loading=\"lazy\"\/>Carla D\u00edaz se incorpora a &#8216;La ruta&#8217; como Vicky.ATRESMEDIA<\/p>\n<p class=\"\">Carla D\u00edaz, madrile\u00f1a de 27 a\u00f1os, se incorpora a la serie interpretando a Vicky, novia de Marc, en los a\u00f1os noventa. Es una joven que se traslada a Ibiza en busca de una vida m\u00e1s pr\u00f3spera. Cuando conoce al dj, encuentra una v\u00eda para lograr sus sue\u00f1os, pero tambi\u00e9n a una persona con la que conecta profundamente, al sentirse igual de perdida que \u00e9l. Y entonces anuncia que est\u00e1 embarazada. \u201cTrabaj\u00e9 el personaje desde ese punto, alguien que ve a Marc como el pr\u00edncipe azul que ha venido a rescatarla\u201d, comenta la actriz. <\/p>\n<p class=\"\">\u00c0lex Monner ve a Vicky como la princesa azul del personaje de Marc. \u201c\u00c9l es un personaje desencantado, podrido por dentro. Y entonces, llega Vicky con la posibilidad de una nueva vida y le da algo de luz\u201d, comenta el actor.<\/p>\n<p class=\"\">\u201cVicky ya era una superviviente nata antes de lo que se ve en la serie, pero el quedarse embarazada le hace serlo el doble, por s\u00ed misma y por su hijo\u201d, desvela D\u00edaz. \u201cMuchas veces, te sumas a un proyecto que no sabes c\u00f3mo va a salir. Pero en el caso de La ruta ya sab\u00eda que iba a salir bien, porque era fan de la primera temporada\u201d, explica la actriz. <\/p>\n<p>Irene Escolar: Violeta y Olivia<img decoding=\"auto\" class=\"_re lazyload a_m-h\" height=\"317\"  width=\"414\"  src=\"https:\/\/www.europesays.com\/es\/wp-content\/uploads\/2025\/11\/YCTYOBXFOZHX7JL734ABGU7PAM.jpg\" loading=\"lazy\"\/>Irene Escolar se convierte en Violeta y en su hija Olivia en las dos tramas de &#8216;La ruta 2&#8217;.ATRESMEDIA<\/p>\n<p class=\"\">Si la primera temporada de La ruta se cuenta a trav\u00e9s de la m\u00fasica, esta segunda lo hace a trav\u00e9s de la arquitectura. Violeta, hija de la contracultura catalana y fan de Janis Joplin, se traslada a Instant City, una ciudad hinchable en Ibiza creada para acoger a los estudiantes del Congreso Internacional de Dise\u00f1o a la que han acabado llegando hippies de todo el mundo para protestar contra los mastodontes hoteleros que empiezan a conquistar el lugar. Mientras tanto, experimentan con el sexo y las drogas. Cuando conoce a Leo, la madre de Marc, conectan casi de inmediato.<\/p>\n<p class=\"\">\u201cMe parece bonito que haya una relaci\u00f3n de dos mujeres en pantalla que sea tan ambivalente, que haya tanto de seducci\u00f3n y a la vez de curiosidad y a la vez de necesidad. No es tan habitual ver eso\u201d, comenta Irene Escolar (Madrid, 37 a\u00f1os).<\/p>\n<p class=\"\">Escolar tambi\u00e9n interpreta a Olivia, la hija de Violeta, en la trama de los a\u00f1os noventa. Sus sensaciones a la hora de abordar dos personajes conectados han sido similares a las de \u00c1lex Monner. \u201cEra m\u00e1s complicado de lo normal. Porque en el fondo hab\u00eda que construir dos personajes, pero en una trama trabajaba con una ni\u00f1a que de mayor iba a ser yo. Y la ni\u00f1a ten\u00eda una intuici\u00f3n incre\u00edble y, cuando la vi trabajar, me di cuenta de que cuando construyera a la Olivia mayor, hab\u00eda cosas de su trabajo que ten\u00edan que estar ah\u00ed\u201c.<\/p>\n<p>Marina Salas: Leo<img decoding=\"auto\" class=\"_re lazyload a_m-h\" height=\"278\"  width=\"414\"  src=\"https:\/\/www.europesays.com\/es\/wp-content\/uploads\/2025\/11\/247UCNJINJDJ5ON2XJWMH4V3SU.jpg\" loading=\"lazy\"\/>Marina Salas como Leo, en la trama setentera de &#8216;La ruta 2&#8217;.ATRESMEDIA<\/p>\n<p class=\"\">Marina Salas, barcelonesa de 37 a\u00f1os, es Leo, la madre de Marc, en los a\u00f1os setenta. Cuando llega a Ibiza para acompa\u00f1ar a su marido, se encuentra con una ni\u00f1a, Olivia, y as\u00ed es como conoce a su madre, Violeta, cuyas ideas hippies hacen que se replantee su vida. Aunque ambas mujeres parecen antag\u00f3nicas, en realidad no lo son. \u201cLeo es una mujer que est\u00e1 todo el tiempo cuestionada, por su marido y el resto del mundo. Pero no por Violeta\u201d, cuenta la int\u00e9rprete de Leo.<\/p>\n<p class=\"\">\u201cEs muy bonito ver la maternidad desde estos dos puntos de vista y vidas tan diferentes en un mismo contexto. Refleja lo que era ser mujer en ese momento y las posibilidades de lo que realmente pod\u00eda ver\u201d, dice la actriz. \u201cEn esta segunda temporada queda todav\u00eda m\u00e1s claro el doble sentido del t\u00edtulo de la serie. Los personajes tienen una ruta marcada de la que desean huir\u201d.<\/p>\n<p class=\"\">Pero la relaci\u00f3n de ambas mujeres es rec\u00edproca. Y Leo tambi\u00e9n influye en Violeta. \u201cHay algo del relato de Violeta que se resquebraja cuando aparece Leo\u201d, avanza Irene Escolar. \u201cEse cambio en Violeta es muy interesante para luego entender a Olivia\u201d, completa Salas. <\/p>\n","protected":false},"excerpt":{"rendered":"La serie de Atresplayer La ruta se llev\u00f3 un buen pu\u00f1ado de premios y alabanzas de la cr\u00edtica&hellip;\n","protected":false},"author":2,"featured_media":252741,"comment_status":"","ping_status":"","sticky":false,"template":"","format":"standard","meta":{"footnotes":""},"categories":[171],"tags":[1014,1015,801,151,18069,146,147,25,24,448,63885,3804,185,63886,8190,8191,8189,23,807,214],"class_list":{"0":"post-252740","1":"post","2":"type-post","3":"status-publish","4":"format-standard","5":"has-post-thumbnail","7":"category-tv","8":"tag-actores","9":"tag-actrices","10":"tag-arquitectura","11":"tag-atresmedia","12":"tag-atresplayer","13":"tag-entertainment","14":"tag-entretenimiento","15":"tag-es","16":"tag-espana","17":"tag-historia","18":"tag-irene-escolar","19":"tag-isla-ibiza","20":"tag-musica","21":"tag-ruta-del-bakalao","22":"tag-series-espanolas","23":"tag-series-europeas","24":"tag-series-television","25":"tag-spain","26":"tag-television","27":"tag-tv"},"share_on_mastodon":{"url":"https:\/\/pubeurope.com\/@es\/115603413199717779","error":""},"_links":{"self":[{"href":"https:\/\/www.europesays.com\/es\/wp-json\/wp\/v2\/posts\/252740","targetHints":{"allow":["GET"]}}],"collection":[{"href":"https:\/\/www.europesays.com\/es\/wp-json\/wp\/v2\/posts"}],"about":[{"href":"https:\/\/www.europesays.com\/es\/wp-json\/wp\/v2\/types\/post"}],"author":[{"embeddable":true,"href":"https:\/\/www.europesays.com\/es\/wp-json\/wp\/v2\/users\/2"}],"replies":[{"embeddable":true,"href":"https:\/\/www.europesays.com\/es\/wp-json\/wp\/v2\/comments?post=252740"}],"version-history":[{"count":0,"href":"https:\/\/www.europesays.com\/es\/wp-json\/wp\/v2\/posts\/252740\/revisions"}],"wp:featuredmedia":[{"embeddable":true,"href":"https:\/\/www.europesays.com\/es\/wp-json\/wp\/v2\/media\/252741"}],"wp:attachment":[{"href":"https:\/\/www.europesays.com\/es\/wp-json\/wp\/v2\/media?parent=252740"}],"wp:term":[{"taxonomy":"category","embeddable":true,"href":"https:\/\/www.europesays.com\/es\/wp-json\/wp\/v2\/categories?post=252740"},{"taxonomy":"post_tag","embeddable":true,"href":"https:\/\/www.europesays.com\/es\/wp-json\/wp\/v2\/tags?post=252740"}],"curies":[{"name":"wp","href":"https:\/\/api.w.org\/{rel}","templated":true}]}}