{"id":252742,"date":"2025-11-24T07:07:12","date_gmt":"2025-11-24T07:07:12","guid":{"rendered":"https:\/\/www.europesays.com\/es\/252742\/"},"modified":"2025-11-24T07:07:12","modified_gmt":"2025-11-24T07:07:12","slug":"los-3-peores-discos-de-talking-heads-segun-especialistas","status":"publish","type":"post","link":"https:\/\/www.europesays.com\/es\/252742\/","title":{"rendered":"Los 3 peores discos de Talking Heads seg\u00fan especialistas"},"content":{"rendered":"<p>Pocos grupos de la new wave lograron un impacto tan duradero como <strong>Talking Heads<\/strong>. Liderados por <a href=\"https:\/\/indiehoy.com\/noticias\/david-byrne-comparte-la-playlist-de-su-boda-42-canciones-con-toque-latino\/\" target=\"_blank\" rel=\"noreferrer noopener nofollow\"><strong>David<\/strong> <strong>Byrne<\/strong><\/a>, la banda redefini\u00f3 los l\u00edmites del rock con su fusi\u00f3n de elementos del punk, el funk, la m\u00fasica africana y la experimentaci\u00f3n art\u00edstica que dieron como resultado un sonido \u00fanico y atrapante.<\/p>\n<p>A lo largo de sus 16 a\u00f1os juntos, el conjunto estadounidense construy\u00f3 una discograf\u00eda repleta de momentos brillantes y alg\u00fan que otro tropiezo art\u00edstico. Por eso, te invitamos a repasar <strong>los 3 discos m\u00e1s flojos de Talking Heads <a href=\"https:\/\/ultimateclassicrock.com\/talking-heads-albums-ranked\/\" target=\"_blank\" rel=\"noreferrer noopener nofollow\">seg\u00fan especialistas<\/a><\/strong>.<\/p>\n<p>3. More Songs About Buildings and Food (1978)<\/p>\n<p>Este disco de Talking Heads fue lanzado el 14 de julio de 1978 y fue su primer trabajo con <strong>Brian Eno<\/strong> como coproductor. Aunque alcanz\u00f3 el puesto 29 en el Billboard Pop Albums de EE.UU. y el 21 en Reino Unido, no logr\u00f3 el estatus creativo de sus trabajos m\u00e1s reconocidos.<\/p>\n<p>2. Naked (1988)<\/p>\n<p>El \u00faltimo LP de la banda se public\u00f3 el 15 de marzo de 1988 y fue producido por <strong>Steve Lillywhite<\/strong> junto al grupo. A pesar de sus esfuerzos por retomar un sonido worldbeat-funk y sumar a invitados de lujo como <strong><a href=\"https:\/\/indiehoy.com\/noticias\/a-johnny-marr-le-perdieron-las-guitarras-y-exploto-de-bronca\/\" target=\"_blank\" rel=\"noreferrer noopener nofollow\">Johnny Marr<\/a><\/strong>, la recepci\u00f3n cr\u00edtica y el impacto quedaron lejos de sus mejores obras.<\/p>\n<p>1. True Stories (1986)<\/p>\n<p>Lanzado en 1986, este \u00e1lbum sirve como banda sonora del film del mismo nombre dirigido por Byrne. Seg\u00fan varias rese\u00f1as, incluyendo rankings recientes, True Stories es el punto m\u00e1s bajo de la discograf\u00eda por su poca cohesi\u00f3n, demasiada influencia cinematogr\u00e1fica y falta de la frescura experimental que volvi\u00f3 popular al grupo.<\/p>\n","protected":false},"excerpt":{"rendered":"Pocos grupos de la new wave lograron un impacto tan duradero como Talking Heads. Liderados por David Byrne,&hellip;\n","protected":false},"author":2,"featured_media":252743,"comment_status":"","ping_status":"","sticky":false,"template":"","format":"standard","meta":{"footnotes":""},"categories":[170],"tags":[146,147,25,24,184,185,23,31334],"class_list":{"0":"post-252742","1":"post","2":"type-post","3":"status-publish","4":"format-standard","5":"has-post-thumbnail","7":"category-musica","8":"tag-entertainment","9":"tag-entretenimiento","10":"tag-es","11":"tag-espana","12":"tag-music","13":"tag-musica","14":"tag-spain","15":"tag-talking-heads"},"share_on_mastodon":{"url":"https:\/\/pubeurope.com\/@es\/115603416316077636","error":""},"_links":{"self":[{"href":"https:\/\/www.europesays.com\/es\/wp-json\/wp\/v2\/posts\/252742","targetHints":{"allow":["GET"]}}],"collection":[{"href":"https:\/\/www.europesays.com\/es\/wp-json\/wp\/v2\/posts"}],"about":[{"href":"https:\/\/www.europesays.com\/es\/wp-json\/wp\/v2\/types\/post"}],"author":[{"embeddable":true,"href":"https:\/\/www.europesays.com\/es\/wp-json\/wp\/v2\/users\/2"}],"replies":[{"embeddable":true,"href":"https:\/\/www.europesays.com\/es\/wp-json\/wp\/v2\/comments?post=252742"}],"version-history":[{"count":0,"href":"https:\/\/www.europesays.com\/es\/wp-json\/wp\/v2\/posts\/252742\/revisions"}],"wp:featuredmedia":[{"embeddable":true,"href":"https:\/\/www.europesays.com\/es\/wp-json\/wp\/v2\/media\/252743"}],"wp:attachment":[{"href":"https:\/\/www.europesays.com\/es\/wp-json\/wp\/v2\/media?parent=252742"}],"wp:term":[{"taxonomy":"category","embeddable":true,"href":"https:\/\/www.europesays.com\/es\/wp-json\/wp\/v2\/categories?post=252742"},{"taxonomy":"post_tag","embeddable":true,"href":"https:\/\/www.europesays.com\/es\/wp-json\/wp\/v2\/tags?post=252742"}],"curies":[{"name":"wp","href":"https:\/\/api.w.org\/{rel}","templated":true}]}}