{"id":252748,"date":"2025-11-24T07:10:12","date_gmt":"2025-11-24T07:10:12","guid":{"rendered":"https:\/\/www.europesays.com\/es\/252748\/"},"modified":"2025-11-24T07:10:12","modified_gmt":"2025-11-24T07:10:12","slug":"las-senales-que-revelan-problemas-de-salud-sin-que-lo-notes","status":"publish","type":"post","link":"https:\/\/www.europesays.com\/es\/252748\/","title":{"rendered":"las se\u00f1ales que revelan problemas de salud sin que lo notes"},"content":{"rendered":"\n<p> La idea de que <strong>\u201ctu piel te est\u00e1 hablando\u201d<\/strong> adquiere una dimensi\u00f3n distinta gracias a estudios que la identifican como un marcador temprano de <strong>problemas de salud ocultos<\/strong>. M\u00e1s all\u00e1 del <a href=\"https:\/\/www.elconfidencial.com\/tecnologia\/ciencia\/2025-11-12\/sol-llamarada-potente-2025-radio-europa-1qrt_4245940\/\" target=\"_self\" rel=\"nofollow noopener\">impacto del sol<\/a>, del estr\u00e9s o de los h\u00e1bitos diarios, su estado puede anticipar <strong>alteraciones internas<\/strong> que suelen pasar inadvertidas. Arrugas prematuras, zonas resecas o manchas irregulares dejan de ser simples detalles est\u00e9ticos para convertirse en <strong>se\u00f1ales de advertencia<\/strong> que conviene interpretar con atenci\u00f3n. <\/p>\n<p> <a href=\"https:\/\/www.nia.nih.gov\/research\/labs\/blsa\" target=\"_blank\" rel=\"nofollow noopener\">El hist\u00f3rico Estudio Longitudinal de Baltimore<\/a> evidenci\u00f3 que quienes aparentaban una edad superior ten\u00edan m\u00e1s probabilidades de desarrollar <strong>enfermedades graves<\/strong> con el paso del tiempo. Investigaciones posteriores confirmaron que casi el 99 % de quienes parec\u00edan diez a\u00f1os mayores presentaban alg\u00fan <strong>trastorno m\u00e9dico relevante<\/strong>. Esa conexi\u00f3n entre apariencia cut\u00e1nea y salud interna abarca <strong>riesgos cardiovasculares<\/strong>, p\u00e9rdida de densidad \u00f3sea y procesos de <strong>deterioro neurodegenerativo<\/strong>. <\/p>\n<p>              <img decoding=\"async\" class=\"inTextNews__img\" alt=\"Foto: san-buettner-experto-longevidad-gente-vive-mas-anos\" src=\"https:\/\/www.europesays.com\/es\/wp-content\/uploads\/2025\/11\/f.elconfidencial.com\/original\/598\/56a\/a15\/59856aa1527a9552662a3730674443d6.jpg\"  \/>     <\/p>\n<p>TE PUEDE INTERESAR<\/p>\n<p>      <a class=\"inTextNews__title\" href=\"https:\/\/www.elconfidencial.com\/alma-corazon-vida\/2025-11-23\/san-buettner-experto-longevidad-gente-vive-mas-anos_4252894\/\" onclick=\"window.ECCO.emit(&#039;amplitude&#039;, { dataEventName: &#039;click_related_article_module&#039;, data: { related_article_url: &#039;https:\/\/www.elconfidencial.com\/alma-corazon-vida\/2025-11-23\/san-buettner-experto-longevidad-gente-vive-mas-anos_4252894\/&#039;, related_article_author: &#039;Silvia L\u00f3pez&#039;, related_article_section: &#039;alma-corazon-vida&#039; } })\" rel=\"nofollow noopener\" target=\"_blank\"> Dan Buettner, experto en longevidad: \u00abLa gente que m\u00e1s a\u00f1os vive no hace Crossfit o Pilates\u00bb <\/a>   <\/p>\n<p>    Silvia L\u00f3pez   <\/p>\n<p> Los cient\u00edficos explican este fen\u00f3meno mediante la teor\u00eda de la <strong>\u201cinflamaci\u00f3n-envejecimiento\u201d<\/strong>. La piel da\u00f1ada por la radiaci\u00f3n solar o por la edad libera <strong>sustancias inflamatorias<\/strong> que pueden circular por la sangre y afectar a otros \u00f3rganos. En este escenario, un deterioro cut\u00e1neo aparentemente leve puede favorecer <strong>diabetes tipo 2<\/strong>, <strong>deterioro cognitivo<\/strong> o diversas <strong>enfermedades del coraz\u00f3n<\/strong>, acelerando el envejecimiento general del organismo. <\/p>\n<p> La buena noticia es que existen formas eficaces de reducir estos riesgos. La <strong>protecci\u00f3n solar<\/strong> \u2014ropa adecuada, filtros de alto factor, gafas y sombrero\u2014 es esencial para limitar el fotoenvejecimiento y disminuir la <strong>inflamaci\u00f3n sist\u00e9mica<\/strong>. A ello se suma la <strong>hidrataci\u00f3n diaria<\/strong>: estudios recientes prueban que el uso constante de <strong>humectantes<\/strong> reduce marcadores inflamatorios y contribuye a preservar la <strong>funci\u00f3n cognitiva<\/strong> en adultos mayores. Cuidar la piel es, en \u00faltima instancia, cuidar la salud global. <\/p>\n<p> La idea de que <strong>\u201ctu piel te est\u00e1 hablando\u201d<\/strong> adquiere una dimensi\u00f3n distinta gracias a estudios que la identifican como un marcador temprano de <strong>problemas de salud ocultos<\/strong>. M\u00e1s all\u00e1 del <a href=\"https:\/\/www.elconfidencial.com\/tecnologia\/ciencia\/2025-11-12\/sol-llamarada-potente-2025-radio-europa-1qrt_4245940\/\" target=\"_self\" rel=\"nofollow noopener\">impacto del sol<\/a>, del estr\u00e9s o de los h\u00e1bitos diarios, su estado puede anticipar <strong>alteraciones internas<\/strong> que suelen pasar inadvertidas. Arrugas prematuras, zonas resecas o manchas irregulares dejan de ser simples detalles est\u00e9ticos para convertirse en <strong>se\u00f1ales de advertencia<\/strong> que conviene interpretar con atenci\u00f3n. <\/p>\n","protected":false},"excerpt":{"rendered":"La idea de que \u201ctu piel te est\u00e1 hablando\u201d adquiere una dimensi\u00f3n distinta gracias a estudios que la&hellip;\n","protected":false},"author":2,"featured_media":252749,"comment_status":"","ping_status":"","sticky":false,"template":"","format":"standard","meta":{"footnotes":""},"categories":[92],"tags":[25,24,165,166,23],"class_list":{"0":"post-252748","1":"post","2":"type-post","3":"status-publish","4":"format-standard","5":"has-post-thumbnail","7":"category-salud","8":"tag-es","9":"tag-espana","10":"tag-health","11":"tag-salud","12":"tag-spain"},"share_on_mastodon":{"url":"https:\/\/pubeurope.com\/@es\/115603428319854433","error":""},"_links":{"self":[{"href":"https:\/\/www.europesays.com\/es\/wp-json\/wp\/v2\/posts\/252748","targetHints":{"allow":["GET"]}}],"collection":[{"href":"https:\/\/www.europesays.com\/es\/wp-json\/wp\/v2\/posts"}],"about":[{"href":"https:\/\/www.europesays.com\/es\/wp-json\/wp\/v2\/types\/post"}],"author":[{"embeddable":true,"href":"https:\/\/www.europesays.com\/es\/wp-json\/wp\/v2\/users\/2"}],"replies":[{"embeddable":true,"href":"https:\/\/www.europesays.com\/es\/wp-json\/wp\/v2\/comments?post=252748"}],"version-history":[{"count":0,"href":"https:\/\/www.europesays.com\/es\/wp-json\/wp\/v2\/posts\/252748\/revisions"}],"wp:featuredmedia":[{"embeddable":true,"href":"https:\/\/www.europesays.com\/es\/wp-json\/wp\/v2\/media\/252749"}],"wp:attachment":[{"href":"https:\/\/www.europesays.com\/es\/wp-json\/wp\/v2\/media?parent=252748"}],"wp:term":[{"taxonomy":"category","embeddable":true,"href":"https:\/\/www.europesays.com\/es\/wp-json\/wp\/v2\/categories?post=252748"},{"taxonomy":"post_tag","embeddable":true,"href":"https:\/\/www.europesays.com\/es\/wp-json\/wp\/v2\/tags?post=252748"}],"curies":[{"name":"wp","href":"https:\/\/api.w.org\/{rel}","templated":true}]}}