{"id":252750,"date":"2025-11-24T07:11:05","date_gmt":"2025-11-24T07:11:05","guid":{"rendered":"https:\/\/www.europesays.com\/es\/252750\/"},"modified":"2025-11-24T07:11:05","modified_gmt":"2025-11-24T07:11:05","slug":"marta-sanchez-ya-enterre-a-la-sex-symbol-soy-marta-la-artista-no-marta-la-guapa-el-mundo","status":"publish","type":"post","link":"https:\/\/www.europesays.com\/es\/252750\/","title":{"rendered":"Marta S\u00e1nchez: &quot;Ya enterr\u00e9 a la sex symbol. Soy Marta la artista, no Marta la guapa&quot; &#8211; El Mundo"},"content":{"rendered":"<ol>\n<li><a href=\"https:\/\/news.google.com\/rss\/articles\/CBMieEFVX3lxTE1PLUFMMlZGQmx3TDhnRmUtdm9aWHNTYVltVW9YS1pKcVlpcHoyalgzTHlxYk5uTll1dVgtaEsyemhmZjFLc05lSG9qLWNsMTdtMGVxM2xPR3UtbG1hZUNjeHhVNVFPUnNScy1vR2NaX19mM05yWFRVStIBeEFVX3lxTFBOalR1MFA1Nkh0ZnA1SGtlWEJKZHRnMDBfUGl2T1hucWtnV0otd2V5V2xWbHZEd1diYldCWjMyM0N6S2ZOMkEtY3NnS1M4a1ZNUDZzTUFiSFZpYWVHckFvYm05U0hBUFN6VUZ3VU1wZWkwb2VfeXo1Vw?oc=5\" target=\"_blank\" rel=\"nofollow noopener\">Marta S\u00e1nchez: \u00abYa enterr\u00e9 a la sex symbol. Soy Marta la artista, no Marta la guapa\u00bb<\/a>&nbsp;&nbsp;El Mundo<\/li>\n<li><a href=\"https:\/\/news.google.com\/rss\/articles\/CBMihgJBVV95cUxOSXB4QVpHZktqUzhJZmFkRUZaa0o2Wkg0WUJmNzk0ZXdiZ0k5YmY3NkZuLXI0VkhORXNSVzJHeEJ3QnBCUmVxTkNfYkJDZ2Yta3dCZ2ZqYmh1MkcwVHdqYXZpc0VMM09qN0tJMXRhZFZBZ1EwSlJQZnUxLTY2M2k0ZVo4R1paaHI0bFo0TW4yT1AwQzFsTTdBOHVlemhCbTlHVVNpUElxcVNqNGxfUUxyUkNULWNTeUdUWlBoeE5wakJVSXJ2R0h1alY5X2ZnWWRkS0RKdWxWbTQ0eE9jWVZ6N0xzbFZoelh1RlZsODVBWm9nT2FlWmdMUTJiQ3ZvcS0xS1JmQkZB0gGGAkFVX3lxTE1FTTh5MXZzSklfSElGeEktX2ZNNUdOQXhoTWthZDRXOWJCQU1WR0JScGtiUFktMlFzVUdSS1liNDdSOWY2M2R5T0p4bVVrTHBoZEExZWVyeG9zd1BSMmpockJ2ZERFOG0zVFE5MWUyd0FyeS1lUXBhZC1JMG5uaG5YUHhmeU5XOU5QTVFxX0lHRWJLNElFR19EQmQtVjV5SmxwcjlPemp0Q2hjbFBnbVhidVdPbXN5d0RKd2NGV0g1dWduRGZrRUtnaUs2ZVlsLWJNNFA1eW1haXVLbmNrb0ZtcWtLX3BNNlJwaE1VcGJsMWh1aWl5UWVON0xmUGNuVGxiRWxYQ0E?oc=5\" target=\"_blank\" rel=\"nofollow noopener\">Marta S\u00e1nchez responde a las cr\u00edticas y desmiente los rumores que circulan sobre ella: \u00abMe jode un huevo\u00bb<\/a>&nbsp;&nbsp;Antena 3<\/li>\n<li><a href=\"https:\/\/news.google.com\/rss\/articles\/CBMi4gFBVV95cUxOTXhrd3RTamtyNGY3ZTJFX0Vfd3czWWcyNTNBLTBwS3RUMkVLVzdkTXJmeElLc3N4WjV5MFFWZ1B4TFphWVFfRXdURzV1Ty1vcTFBd0lKRUdwMUxrS2tkN0h0X1ZLdTgyNW1jN3dyWUU0ekFIQURNV3RPYU5DMGZ6bmFXelNVd18xb1NNZHc3ZXJXM0ExVUFVTDNCTlprV1pUN3FUTlZINWpsc2FCVklUTEdiNnZENTBnT2NKT0tndE05NWpkaG5sN0tZRXczYkhEYVlTUUMxS2RXSHJvaUZvZ3l3?oc=5\" target=\"_blank\" rel=\"nofollow noopener\">Marta S\u00e1nchez (59 a\u00f1os): \u00abMe hace feliz una comida con amigas, una cena con mi pareja, disfrutar de un libro en la cama, cocinar para los m\u00edos\u00bb<\/a>&nbsp;&nbsp;El Mueble<\/li>\n<li><a href=\"https:\/\/news.google.com\/rss\/articles\/CBMiwgFBVV95cUxOUnVpM1Y3T2tvR1Q2Z0RveGFaVlhBWmprT0hzcllUcWJzWXd0dzU5bXg0aHRjLTFCbzJselBXRHR2OGlzQVlaN3pQaTFaTVFWOFpjekJIdGl4M0FnVHNHMHV3MGdJVkY3QV9sZE9tWGMwSGNOSnRmbGJpdTQtUXhlSmFEZDlnMEZZSVcwUmxfR1dfYnF5blFRQlNSbU1jYzg0NW5wVmRDcElYMkhGcTVzMEwwelktRUZjNnR2cTZjSDRiZ9IB1gFBVV95cUxQaE5JcUd3WFRQSVhMY25NREtaQzkzdUd4WlFrV1U2VWZHYU5LWXRsaDA0bnhJOEVnRHBRQ0h6S2c5RGhmOFBrUF9feWhNZ0lsMEV3cGZLSkRfN3VuYm9IUkdkR3RXWEdFZlJJb0tMY0RKQzNTXzRUUjFRMnNTNng4MG9rY2daaU9yWjVrdl9jTWJhOGIxUzZJQllvN1B2YmJuemxrQWtwSll5NlkxcGlEWXRhVTJ1ZkNpeEthZnpnMHBOV2o1dWk5bWlzUGk5UXRtZTcwelR3?oc=5\" target=\"_blank\" rel=\"nofollow noopener\">Marta S\u00e1nchez: \u00abParece que en Espa\u00f1a es un pecado ser guapa y cantar\u00bb<\/a>&nbsp;&nbsp;La Raz\u00f3n<\/li>\n<li><a href=\"https:\/\/news.google.com\/rss\/articles\/CBMi9AFBVV95cUxPX0tWQ0NfOUxiQ3Z1enNUQVgwUGRkc0xaZUluWktYQkpHV0c3a3dWcXlacjlmTVBIaE5jdk9KNkVJUkdnTVF1T2xCdERDeG9YMlJuWHZ1ZjVHTmdWUktvcFJ3bXR0cElyTjRJOHprell4a01xcm55Vm94Yko3cmxwWE02TWxYbVBVNkt6YmNBZ0F2MDZZRk9Xa2ZSQ0kzdmdDbkdSMUEweVJabW1KVWtzNnQyay10SV8ydDJCOU1NbXd1UXBFNkNrY2NleEpUbWtoWEpPaldUY0E5QU1lMDZTNnZ2al9yWmhsVHJ4dTJodnotaHFt?oc=5\" target=\"_blank\" rel=\"nofollow noopener\">De un terremoto a un toro: Marta S\u00e1nchez revela los momentos m\u00e1s terror\u00edficos de su vida<\/a>&nbsp;&nbsp;MSN<\/li>\n<\/ol>\n","protected":false},"excerpt":{"rendered":"Marta S\u00e1nchez: \u00abYa enterr\u00e9 a la sex symbol. Soy Marta la artista, no Marta la guapa\u00bb&nbsp;&nbsp;El Mundo Marta&hellip;\n","protected":false},"author":2,"featured_media":252751,"comment_status":"","ping_status":"","sticky":false,"template":"","format":"standard","meta":{"footnotes":""},"categories":[91],"tags":[209,146,147,25,24,185,847,23],"class_list":{"0":"post-252750","1":"post","2":"type-post","3":"status-publish","4":"format-standard","5":"has-post-thumbnail","7":"category-entretenimiento","8":"tag-cultura","9":"tag-entertainment","10":"tag-entretenimiento","11":"tag-es","12":"tag-espana","13":"tag-musica","14":"tag-papel","15":"tag-spain"},"share_on_mastodon":{"url":"https:\/\/pubeurope.com\/@es\/115603432134932645","error":""},"_links":{"self":[{"href":"https:\/\/www.europesays.com\/es\/wp-json\/wp\/v2\/posts\/252750","targetHints":{"allow":["GET"]}}],"collection":[{"href":"https:\/\/www.europesays.com\/es\/wp-json\/wp\/v2\/posts"}],"about":[{"href":"https:\/\/www.europesays.com\/es\/wp-json\/wp\/v2\/types\/post"}],"author":[{"embeddable":true,"href":"https:\/\/www.europesays.com\/es\/wp-json\/wp\/v2\/users\/2"}],"replies":[{"embeddable":true,"href":"https:\/\/www.europesays.com\/es\/wp-json\/wp\/v2\/comments?post=252750"}],"version-history":[{"count":0,"href":"https:\/\/www.europesays.com\/es\/wp-json\/wp\/v2\/posts\/252750\/revisions"}],"wp:featuredmedia":[{"embeddable":true,"href":"https:\/\/www.europesays.com\/es\/wp-json\/wp\/v2\/media\/252751"}],"wp:attachment":[{"href":"https:\/\/www.europesays.com\/es\/wp-json\/wp\/v2\/media?parent=252750"}],"wp:term":[{"taxonomy":"category","embeddable":true,"href":"https:\/\/www.europesays.com\/es\/wp-json\/wp\/v2\/categories?post=252750"},{"taxonomy":"post_tag","embeddable":true,"href":"https:\/\/www.europesays.com\/es\/wp-json\/wp\/v2\/tags?post=252750"}],"curies":[{"name":"wp","href":"https:\/\/api.w.org\/{rel}","templated":true}]}}