{"id":252752,"date":"2025-11-24T07:12:10","date_gmt":"2025-11-24T07:12:10","guid":{"rendered":"https:\/\/www.europesays.com\/es\/252752\/"},"modified":"2025-11-24T07:12:10","modified_gmt":"2025-11-24T07:12:10","slug":"el-black-friday-de-carrefour-nos-permite-comprar-esta-tele-samsung-de-65-pulgadas-a-precio-de-outlet","status":"publish","type":"post","link":"https:\/\/www.europesays.com\/es\/252752\/","title":{"rendered":"El Black Friday de Carrefour nos permite comprar esta tele Samsung de 65 pulgadas a precio de outlet"},"content":{"rendered":"<p>Carrefour ya est\u00e1 celebrando el Black Friday, una oportunidad perfecta para poder renovar la vieja tele de tu hogar. Si quieres un televisor grande, ahora puedes llevarte esta <strong>Samsung TQ65QN74FAT<\/strong> con un descuento de 300 euros, pudi\u00e9ndola comprar por <a rel=\"nofollow, sponsored, noopener, noreferrer\" target=\"_blank\" class=\"js-ecommerce\" id=\"link-ecommerce-1\" href=\"https:\/\/www.xatakahome.com\/redirect?url=https%3A%2F%2Fwww.carrefour.es%2Ftv-samsung-tq65qn74fat-65-1651-cm-neoqled-4k-miniled-120-hz-smart-tv-hdr-ots-lite-q-symphony-color-booster-pro%2FVC4A-30789097%2Fp&amp;category=seleccion&amp;ecomPostExpiration=perish&amp;postId=120169\" data-vars-affiliate-url=\"https:\/\/www.carrefour.es\/tv-samsung-tq65qn74fat-65-1651-cm-neoqled-4k-miniled-120-hz-smart-tv-hdr-ots-lite-q-symphony-color-booster-pro\/VC4A-30789097\/p\">699 euros<\/a>.<\/p>\n<p> <a rel=\"nofollow, sponsored, noopener, noreferrer\" target=\"_blank\" href=\"https:\/\/www.xatakahome.com\/redirect?site=xatakahome&amp;url=https%3A%2F%2Fwww.carrefour.es%2Ftv-samsung-tq65qn74fat-65-1651-cm-neoqled-4k-miniled-120-hz-smart-tv-hdr-ots-lite-q-symphony-color-booster-pro%2FVC4A-30789097%2Fp&amp;affiliate_id=&amp;ecomPostExpiration=perish&amp;postId=120169\"><br \/>\n     <img loading=\"lazy\" decoding=\"async\" src=\"https:\/\/i.blogs.es\/d802b1\/blob\/original.webp\" onerror=\"this.src=\" https:=\"\" false=\"\" alt=\"Smart TV Samsung TQ65QN74FAT\" width=\"600\" height=\"600\"\/><br \/>\n   <\/a><\/p>\n<p class=\"pivot-ecommerce-desc\">Smart TV Samsung TQ65QN74FAT<\/p>\n<p>El precio podr\u00eda variar. Obtenemos comisi\u00f3n por estos enlaces<\/p>\n<p>Una tele grande y con un buen descuento ahora<\/p>\n<p>                    <a rel=\"nofollow, sponsored, noopener, noreferrer\" target=\"_blank\" class=\"js-ecommerce\" id=\"link-ecommerce-2\" href=\"https:\/\/www.xatakahome.com\/redirect?url=https%3A%2F%2Fwww.carrefour.es%2Ftv-samsung-tq65qn74fat-65-1651-cm-neoqled-4k-miniled-120-hz-smart-tv-hdr-ots-lite-q-symphony-color-booster-pro%2FVC4A-30789097%2Fp&amp;category=seleccion&amp;ecomPostExpiration=perish&amp;postId=120169\" data-vars-affiliate-url=\"https:\/\/www.carrefour.es\/tv-samsung-tq65qn74fat-65-1651-cm-neoqled-4k-miniled-120-hz-smart-tv-hdr-ots-lite-q-symphony-color-booster-pro\/VC4A-30789097\/p\"><br \/>\n         <img class=\"centro_sinmarco\" height=\"600\" width=\"1200\" loading=\"lazy\" decoding=\"async\"  fetchpriority=\"high\"  src=\"https:\/\/www.europesays.com\/es\/wp-content\/uploads\/2025\/11\/1763968329_210_450_1000.jpeg\" alt=\"Samsung Samsung Tq65qn74fat\"\/><\/p>\n<p>     <\/a><\/p>\n<p>Esta tele de Samsung monta un <strong>panel NeoQLED de 65 pulgadas<\/strong> de diagonal con resoluci\u00f3n 4K y adem\u00e1s incorpora retroiluminaci\u00f3n <a class=\"text-outboundlink js-publishing-content-link\" data-vars-brand-customer=\"Sony\" href=\"https:\/\/www.xataka.com\/n\/que-televisores-mini-led-ideales-para-ver-series-peliculas-asi-explica-experto\" data-vars-post-title=\"Por qu\u00e9 los televisores Mini-LED son ideales para ver series y pel\u00edculas. As\u00ed lo explica un experto  \" data-vars-post-url=\"https:\/\/www.xataka.com\/n\/que-televisores-mini-led-ideales-para-ver-series-peliculas-asi-explica-experto\" rel=\"nofollow noopener\" target=\"_blank\">MiniLED<\/a>. Es compatible con HDR10+ y presenta una tasa de refresco de 144 Hz, por lo que es ideal tambi\u00e9n para gaming.<\/p>\n<p>    <a href=\"https:\/\/www.xataka.com\/seleccion\/xiaomi-baja-precio-su-gama-media-asequible-movil-512-gb-camara-principal-200-mp\" class=\"pivot-outboundlink\" target=\"_blank\" data-vars-post-title=\"Xiaomi baja el precio de su gama media asequible, un m\u00f3vil con 512 GB y c\u00e1mara principal de 200 MP \" rel=\"nofollow noopener\"><br \/>\n     <img loading=\"lazy\" decoding=\"async\" alt=\"Xiaomi baja el precio de su gama media asequible, un m\u00f3vil con 512 GB y c\u00e1mara principal de 200 MP \" width=\"375\" height=\"142\" src=\"https:\/\/www.europesays.com\/es\/wp-content\/uploads\/2025\/11\/1763968330_792_375_142.jpeg\"\/><br \/>\n    <\/a><\/p>\n<p>Sus dos altavoces ofrecen una <strong>potencia RMS de 20 W<\/strong> y sonido compatible con 360 Audio para <a class=\"text-outboundlink\" href=\"https:\/\/www.xataka.com\/seleccion\/guia-compras-auriculares-inalambricos-para-todos-bolsillos-36-modelos-15-euros-350-euros\" data-vars-post-title=\"Mejores auriculares inal\u00e1mbricos. Cu\u00e1l comprar y 21 modelos desde 15 euros hasta 470 euros\" data-vars-post-url=\"https:\/\/www.xataka.com\/seleccion\/guia-compras-auriculares-inalambricos-para-todos-bolsillos-36-modelos-15-euros-350-euros\" rel=\"nofollow noopener\" target=\"_blank\">auriculares Bluetooth<\/a>. Adem\u00e1s, su dise\u00f1o es de tipo AirSlim, con una panel fino y peana central ajustable y admite montaje VESA.<\/p>\n<p>Funciona bajo el <strong>sistema operativo Tizen<\/strong> y es compatible con Apple AirPlay 2 y asistentes de voz como Alexa y <a class=\"text-outboundlink\" href=\"https:\/\/www.xataka.com\/basics\/guia-inicio-google-assistant-que-como-funciona-que-puedes-hacer\" data-vars-post-title=\"Gu\u00eda de inicio de Google Assistant: qu\u00e9 es, c\u00f3mo funciona y qu\u00e9 puedes hacer con \u00e9l\" data-vars-post-url=\"https:\/\/www.xataka.com\/basics\/guia-inicio-google-assistant-que-como-funciona-que-puedes-hacer\" rel=\"nofollow noopener\" target=\"_blank\">Google Assistant<\/a>. En lo que a conectividad se refiere, incorpora WiFi 5, Bluetooth 5.3, Ethernet, cuatro HDMI, dos USB 2.0 y salida \u00f3ptica.<\/p>\n<p>Movistar Plus+, una app de streaming que te puede venir muy bien para esta tele<\/p>\n<p>                    <a rel=\"nofollow, sponsored, noopener, noreferrer\" target=\"_blank\" class=\"js-ecommerce\" id=\"link-ecommerce-3\" href=\"https:\/\/www.xatakahome.com\/redirect?url=https%3A%2F%2Fwww.movistarplus.es%2F&amp;category=seleccion&amp;ecomPostExpiration=perish&amp;postId=120169\" data-vars-affiliate-url=\"https:\/\/www.movistarplus.es\/\"><br \/>\n         <img class=\"centro_sinmarco\" height=\"600\" width=\"1200\" loading=\"lazy\" decoding=\"async\"  fetchpriority=\"high\"  src=\"https:\/\/www.europesays.com\/es\/wp-content\/uploads\/2025\/11\/1763968330_364_450_1000.jpeg\" alt=\"Movistar Plus+\"\/><\/p>\n<p>     <\/a><\/p>\n<p>Si quieres exprimir al m\u00e1ximo esta tele, una buena idea puede ser suscribirte a Movistar Plus+. Por solo <a rel=\"nofollow, sponsored, noopener, noreferrer\" target=\"_blank\" class=\"js-ecommerce\" id=\"link-ecommerce-4\" href=\"https:\/\/www.xatakahome.com\/redirect?url=https%3A%2F%2Fwww.movistarplus.es%2F&amp;category=seleccion&amp;ecomPostExpiration=perish&amp;postId=120169\" data-vars-affiliate-url=\"https:\/\/www.movistarplus.es\/\">9,99 euros al mes<\/a> (y sin ning\u00fan compromiso de permanencia) tendr\u00e1s acceso a un cat\u00e1logo de m\u00e1s de 2.000 series y pel\u00edculas, as\u00ed como a <strong>partidos de f\u00fatbol de las principales ligas<\/strong> y documentales, entre otros contenidos.<\/p>\n<p> <a rel=\"nofollow, sponsored, noopener, noreferrer\" target=\"_blank\" href=\"https:\/\/www.xatakahome.com\/redirect?site=xatakahome&amp;url=https%3A%2F%2Fwww.movistarplus.es%2F&amp;affiliate_id=&amp;ecomPostExpiration=perish&amp;postId=120169\"><br \/>\n     <img loading=\"lazy\" decoding=\"async\" src=\"https:\/\/i.blogs.es\/876c09\/blob\/original.webp\" onerror=\"this.src=\" https:=\"\" false=\"\" alt=\"Suscripci\u00f3n a Movistar Plus+\" width=\"600\" height=\"600\"\/><br \/>\n   <\/a><\/p>\n<p class=\"pivot-ecommerce-desc\">Suscripci\u00f3n a Movistar Plus+<\/p>\n<p>El precio podr\u00eda variar. Obtenemos comisi\u00f3n por estos enlaces<\/p>\n<p>Algunos accesorios perfectos para esta tele<\/p>\n<p> <a rel=\"nofollow, sponsored, noopener, noreferrer\" target=\"_blank\" href=\"https:\/\/www.xatakahome.com\/redirect?site=xatakahome&amp;url=https%3A%2F%2Fwww.elcorteingles.es%2Felectronica%2FA56087682-barra-de-sonido-tcl-s55he-21-canales%2F&amp;affiliate_id=&amp;ecomPostExpiration=perish&amp;postId=120169\"><br \/>\n     <img loading=\"lazy\" decoding=\"async\" src=\"https:\/\/i.blogs.es\/5c10fa\/21jjyfvse-l._sl500_\/original.webp\" onerror=\"this.src=\" https:=\"\" false=\"\" alt=\"TCL Barra de Sonido S55HE 2.1, 220 vatios\" width=\"500\" height=\"344\"\/><br \/>\n   <\/a><\/p>\n<p class=\"pivot-ecommerce-desc\">TCL Barra de Sonido S55HE 2.1, 220 vatios<\/p>\n<p>El precio podr\u00eda variar. Obtenemos comisi\u00f3n por estos enlaces<\/p>\n<p> <a rel=\"nofollow, sponsored, noopener, noreferrer\" target=\"_blank\" href=\"https:\/\/www.xatakahome.com\/redirect?site=xatakahome&amp;url=https%3A%2F%2Fwww.amazon.es%2Fdp%2FB0CJKTWTVT%3Ftag%3Dxatakahome-21%26linkCode%3Dogi%26th%3D1%26psc%3D1&amp;affiliate_id=&amp;ecomPostExpiration=perish&amp;postId=120169\"><br \/>\n     <img loading=\"lazy\" decoding=\"async\" src=\"https:\/\/i.blogs.es\/007a12\/41yjjbxwnll._sl500_\/original.webp\" onerror=\"this.src=\" https:=\"\" false=\"\" alt=\"Amazon Fire TV Stick 4K\" width=\"500\" height=\"500\"\/><br \/>\n   <\/a><\/p>\n<p>El precio podr\u00eda variar. Obtenemos comisi\u00f3n por estos enlaces<\/p>\n<p>Nota: algunos de los enlaces aqu\u00ed publicados son de afiliados y pueden reportar un beneficio.<\/p>\n<p>Im\u00e1genes | Webedia, Samsung y Movistar<\/p>\n<p>En Xataka Smart Home | <a class=\"text-outboundlink\" href=\"https:\/\/www.xatakahome.com\/seleccion\/mejores-tv-4k-oled-cual-comprar-consejos-recomendaciones\" data-vars-post-title=\"Las mejores TV 4K OLED: \u00bfCu\u00e1l comprar? Consejos y recomendaciones\" data-vars-post-url=\"https:\/\/www.xatakahome.com\/seleccion\/mejores-tv-4k-oled-cual-comprar-consejos-recomendaciones\" rel=\"nofollow noopener\" target=\"_blank\">Las mejores TV 4K OLED: \u00bfCu\u00e1l comprar? Consejos y recomendaciones<\/a><\/p>\n<p>En Xataka Smart Home | <a class=\"text-outboundlink\" href=\"https:\/\/www.xatakahome.com\/seleccion\/mejores-barras-sonido-cual-comprar-consejos-recomendaciones\" data-vars-post-title=\"Las mejores barras de sonido: \u00bfCu\u00e1l comprar? Consejos y recomendaciones\" data-vars-post-url=\"https:\/\/www.xatakahome.com\/seleccion\/mejores-barras-sonido-cual-comprar-consejos-recomendaciones\" rel=\"nofollow noopener\" target=\"_blank\">Las mejores barras de sonido: \u00bfCu\u00e1l comprar? Consejos y recomendaciones<\/a><\/p>\n","protected":false},"excerpt":{"rendered":"Carrefour ya est\u00e1 celebrando el Black Friday, una oportunidad perfecta para poder renovar la vieja tele de tu&hellip;\n","protected":false},"author":2,"featured_media":252753,"comment_status":"","ping_status":"","sticky":false,"template":"","format":"standard","meta":{"footnotes":""},"categories":[81],"tags":[119,123,124,25,24,117,121,122,23,118,120],"class_list":{"0":"post-252752","1":"post","2":"type-post","3":"status-publish","4":"format-standard","5":"has-post-thumbnail","7":"category-ciencia-y-tecnologia","8":"tag-ciencia","9":"tag-ciencia-y-tecnologia","10":"tag-cienciaytecnologia","11":"tag-es","12":"tag-espana","13":"tag-science","14":"tag-science-and-technology","15":"tag-scienceandtechnology","16":"tag-spain","17":"tag-technology","18":"tag-tecnologia"},"share_on_mastodon":{"url":"https:\/\/pubeurope.com\/@es\/115603436402775717","error":""},"_links":{"self":[{"href":"https:\/\/www.europesays.com\/es\/wp-json\/wp\/v2\/posts\/252752","targetHints":{"allow":["GET"]}}],"collection":[{"href":"https:\/\/www.europesays.com\/es\/wp-json\/wp\/v2\/posts"}],"about":[{"href":"https:\/\/www.europesays.com\/es\/wp-json\/wp\/v2\/types\/post"}],"author":[{"embeddable":true,"href":"https:\/\/www.europesays.com\/es\/wp-json\/wp\/v2\/users\/2"}],"replies":[{"embeddable":true,"href":"https:\/\/www.europesays.com\/es\/wp-json\/wp\/v2\/comments?post=252752"}],"version-history":[{"count":0,"href":"https:\/\/www.europesays.com\/es\/wp-json\/wp\/v2\/posts\/252752\/revisions"}],"wp:featuredmedia":[{"embeddable":true,"href":"https:\/\/www.europesays.com\/es\/wp-json\/wp\/v2\/media\/252753"}],"wp:attachment":[{"href":"https:\/\/www.europesays.com\/es\/wp-json\/wp\/v2\/media?parent=252752"}],"wp:term":[{"taxonomy":"category","embeddable":true,"href":"https:\/\/www.europesays.com\/es\/wp-json\/wp\/v2\/categories?post=252752"},{"taxonomy":"post_tag","embeddable":true,"href":"https:\/\/www.europesays.com\/es\/wp-json\/wp\/v2\/tags?post=252752"}],"curies":[{"name":"wp","href":"https:\/\/api.w.org\/{rel}","templated":true}]}}