{"id":252754,"date":"2025-11-24T07:13:07","date_gmt":"2025-11-24T07:13:07","guid":{"rendered":"https:\/\/www.europesays.com\/es\/252754\/"},"modified":"2025-11-24T07:13:07","modified_gmt":"2025-11-24T07:13:07","slug":"dudas-en-plena-cuenta-atras-para-empresas-y-autonomos","status":"publish","type":"post","link":"https:\/\/www.europesays.com\/es\/252754\/","title":{"rendered":"dudas en plena cuenta atr\u00e1s para empresas y aut\u00f3nomos"},"content":{"rendered":"<p data-gtm-element-container=\"modulo-texto-link\" class=\"paragraph\">Verifactu suena cada vez m\u00e1s fuerte entre empresas y aut\u00f3nomos. El sistema que incrementar\u00e1 el control y transparencia en la operativa diaria con facturas y tickets ser\u00e1 obligatorio para ciertas empresas a partir de enero y se trasladar\u00e1 a los aut\u00f3nomos en julio. La inminencia del calendario no elimina las dudas.<\/p>\n<p data-gtm-element-container=\"modulo-texto-link\" class=\"paragraph\">\u201cB\u00e1sicamente es un tema inform\u00e1tico, no hay un cambio en la forma ni en la obligaci\u00f3n de facturar. Persigue que los sistemas de informaci\u00f3n no se puedan manipular\u201d, expone Quim Alastuey, socio del \u00e1rea fiscal contable de AGM Abogados. En su aplicaci\u00f3n total, Verifactu es un marco de reporte fiscal a la Agencia Tributaria en tiempo real integrado en los programas de facturaci\u00f3n. Las empresas que los usen est\u00e1n obligadas a aplicarlo desde el 1 de enero del 2026, y los aut\u00f3nomos a partir del 1 julio.\u00a0<\/p>\n<p data-gtm-element-container=\"modulo-texto-link\" class=\"paragraph\">En t\u00e9rminos generales, para cumplir hay que tener un software certificado y homologado a Verifactu, para hacer una remisi\u00f3n en tiempo real a Hacienda de las facturas y tickets que se emitan. Estos pasar\u00e1n a contar con una huella digital y un QR, que al escanearlo garantizar\u00e1 que cumple con la AEAT. La idea es ir hacia un sistema certificado, no manipulable, que permite m\u00e1s control fiscal y transparencia, tumbando la contabilidad en B. La lucha contra el fraude fiscal es el gran argumento.<\/p>\n<p>Las empresas ser\u00e1n las primeras en cumplir, a partir del 1 de enero; los aut\u00f3nomos lo har\u00e1n desde el 1 de julio<\/p>\n<p data-gtm-element-container=\"modulo-texto-link\" class=\"paragraph\">El primer plazo puede afectar ya a muchas microempresas, que suelen estar constituidas por aut\u00f3nomos. \u00bfA qui\u00e9n afecta la obligaci\u00f3n? La aplicaci\u00f3n es generalizada, para empresas o aut\u00f3nomos, pero con grandes excepciones. Quedan excluidos los que ya est\u00e1n en el Suministro Inmediato de Informaci\u00f3n (SII), sistema similar. Seg\u00fan la AEAT, tambi\u00e9n queda exento \u201ccon car\u00e1cter general\u201d quien opera por m\u00f3dulos y no debe expedir factura. Lo mismo para quien no est\u00e9 obligado a facturar, para quien elabore facturas en Word o similares, o quien use el Excel con una hoja de c\u00e1lculo simple, sin macros (funciones avanzadas) que generen la contabilidad o los libros registro.<\/p>\n<p>    Lee tambi\u00e9n<\/p>\n<p data-gtm-element-container=\"modulo-texto-link\" class=\"paragraph\">Teniendo en cuenta esto \u00faltimo, \u201ca muchas peque\u00f1as empresas y aut\u00f3nomos no les afecta Verifactu\u201d, cree Alastuey. Para M\u00f2nica Gregori, presidenta de Pimec Comer\u00e7, esto es una fuente de disputa. \u201cA nosotros todav\u00eda no nos queda claro qui\u00e9n queda dentro y qui\u00e9n no, como un comercio que solo usa una caja registradora, necesito verlo expreso por escrito\u201d. De ah\u00ed que la asociaci\u00f3n pida \u201cun cambio gradual y una implementaci\u00f3n flexible\u201d. \u201cSe est\u00e1 metiendo un miedo en el cuerpo con las sanciones, de hasta 50.000 euros por a\u00f1o\u201d, advierte. Desde AGM Abogados creen que las dudas \u201cse ir\u00e1n resolviendo sobre la marcha\u201d y se ser\u00e1 permisivo los primeros meses.<\/p>\n<p>La aplicaci\u00f3n no obliga a aquellos que usen Word o un Excel simple para la emisi\u00f3n de facturas<\/p>\n<p data-gtm-element-container=\"modulo-texto-link\" class=\"paragraph\">Empresas y aut\u00f3nomos pueden contar con un programa que cumpla con Verifactu, pero luego deben decidir si env\u00edan la informaci\u00f3n en tiempo real a la Agencia Tributaria o no lo hacen, quedando la informaci\u00f3n almacenada por si Hacienda realiza un requerimiento. Esta segunda opci\u00f3n se conoce como \u201cNo Verifactu\u201d en el sector. \u201cNo quiere decir que no te acojas al sistema, sino que simplemente no env\u00edas en tiempo real\u201d, dice Roger Doba\u00f1o, consejero delegado de Quipu, firma catalana que desarrolla softwares para facturaci\u00f3n de empresas. \u201cIgualmente todo tiene que estar certificado, uno lo remite en un momento, el otro lo guarda&#8230;\u201d, incide Gregori.\u00a0<\/p>\n<p data-gtm-element-container=\"modulo-texto-link\" class=\"paragraph\">Un punto que hay que tener en cuenta es que el software que se contrate puede ofrecer solo una u otra opci\u00f3n por ahora, por lo que no habr\u00eda elecci\u00f3n. Las fuentes consultadas coinciden en que en el futuro seguramente se obligar\u00e1 a compartir la informaci\u00f3n en tiempo real.<\/p>\n<p>Herramienta gratuita\u00a0<\/p>\n<p class=\"module-text\">Para intentar facilitar el salto al nuevo sistema, la Agencia Tributaria ha lanzado una herramienta gratuita para peque\u00f1os empresarios y profesionales. Es \u201cuna aplicaci\u00f3n b\u00e1sica de facturaci\u00f3n, que podr\u00e1 utilizar siempre y cuando sus funcionalidades y condiciones de uso se ajusten a sus necesidades\u201d, se informa en el portal de la AEAT.\u00a0<\/p>\n","protected":false},"excerpt":{"rendered":"Verifactu suena cada vez m\u00e1s fuerte entre empresas y aut\u00f3nomos. El sistema que incrementar\u00e1 el control y transparencia&hellip;\n","protected":false},"author":2,"featured_media":252755,"comment_status":"","ping_status":"","sticky":false,"template":"","format":"standard","meta":{"footnotes":""},"categories":[80],"tags":[82,95,94,25,24,23],"class_list":{"0":"post-252754","1":"post","2":"type-post","3":"status-publish","4":"format-standard","5":"has-post-thumbnail","7":"category-economia","8":"tag-business","9":"tag-economia","10":"tag-economy","11":"tag-es","12":"tag-espana","13":"tag-spain"},"share_on_mastodon":{"url":"https:\/\/pubeurope.com\/@es\/115603439877919862","error":""},"_links":{"self":[{"href":"https:\/\/www.europesays.com\/es\/wp-json\/wp\/v2\/posts\/252754","targetHints":{"allow":["GET"]}}],"collection":[{"href":"https:\/\/www.europesays.com\/es\/wp-json\/wp\/v2\/posts"}],"about":[{"href":"https:\/\/www.europesays.com\/es\/wp-json\/wp\/v2\/types\/post"}],"author":[{"embeddable":true,"href":"https:\/\/www.europesays.com\/es\/wp-json\/wp\/v2\/users\/2"}],"replies":[{"embeddable":true,"href":"https:\/\/www.europesays.com\/es\/wp-json\/wp\/v2\/comments?post=252754"}],"version-history":[{"count":0,"href":"https:\/\/www.europesays.com\/es\/wp-json\/wp\/v2\/posts\/252754\/revisions"}],"wp:featuredmedia":[{"embeddable":true,"href":"https:\/\/www.europesays.com\/es\/wp-json\/wp\/v2\/media\/252755"}],"wp:attachment":[{"href":"https:\/\/www.europesays.com\/es\/wp-json\/wp\/v2\/media?parent=252754"}],"wp:term":[{"taxonomy":"category","embeddable":true,"href":"https:\/\/www.europesays.com\/es\/wp-json\/wp\/v2\/categories?post=252754"},{"taxonomy":"post_tag","embeddable":true,"href":"https:\/\/www.europesays.com\/es\/wp-json\/wp\/v2\/tags?post=252754"}],"curies":[{"name":"wp","href":"https:\/\/api.w.org\/{rel}","templated":true}]}}