{"id":252759,"date":"2025-11-24T07:16:09","date_gmt":"2025-11-24T07:16:09","guid":{"rendered":"https:\/\/www.europesays.com\/es\/252759\/"},"modified":"2025-11-24T07:16:09","modified_gmt":"2025-11-24T07:16:09","slug":"claves-del-cierre-de-la-cumbre-del-clima-del-tabu-de-los-combustibles-fosiles-a-la-adaptacion-clima-y-medio-ambiente","status":"publish","type":"post","link":"https:\/\/www.europesays.com\/es\/252759\/","title":{"rendered":"Claves del cierre de la cumbre del clima: del tab\u00fa de los combustibles f\u00f3siles a la adaptaci\u00f3n | Clima y Medio Ambiente"},"content":{"rendered":"<p class=\"\"><b>Este es un env\u00edo especial por la COP30 de la newsletter de la secci\u00f3n de Clima y Medio Ambiente, un bolet\u00edn exclusivo para los suscriptores de EL PA\u00cdS: <\/b><a href=\"https:\/\/plus.elpais.com\/newsletters\/lnp\/1\/391\" target=\"_self\" rel=\"nofollow noopener\" title=\"https:\/\/plus.elpais.com\/newsletters\/lnp\/1\/391\"><b>ap\u00fantate para recibirlo<\/b><\/a><b>.<\/b><\/p>\n<p class=\"\">\u00a1Ol\u00e1 desde Bel\u00e9m!<\/p>\n<p class=\"\">Hay dos palabras que en 30 a\u00f1os de conferencias sobre cambio clim\u00e1tico en el seno de la ONU son tab\u00fa: combustibles f\u00f3siles. Y eso que la ciencia tiene claro desde hace muchas d\u00e9cadas que son los principales responsables del problema que se quiere combatir. Porque cuando se quema ese petr\u00f3leo, gas y carb\u00f3n para producir energ\u00eda se emiten los gases de efecto invernadero que est\u00e1n sobrecalentando el planeta.<\/p>\n<p class=\"\">Pero la presi\u00f3n de los Estados m\u00e1s dependientes de esos combustibles ha hecho que los acuerdos y textos que salen de estas citas no los se\u00f1alen directamente y abiertamente en estas tres d\u00e9cadas. Solo se pone en el punto de mira a los gases y no a lo que los provocan, lo que hace que no se establezcan objetivos de reducci\u00f3n de su uso y producci\u00f3n.<\/p>\n<p class=\"\">Ha vuelto a ocurrir en la cumbre del clima de la ciudad brasile\u00f1a de Bel\u00e9m, la COP30. No se ha logrado ni mencionar a los combustibles f\u00f3siles en el acuerdo final. Mucho menos, a la necesidad de impulsar una hoja de ruta para dejarlos atr\u00e1s, como hab\u00eda propuesto el presidente brasile\u00f1o y anfitri\u00f3n de la cita, Luiz In\u00e1cio Lula da Silva, al inicio de esta conferencia en la Amazonia. Pero la propuesta de Lula no ha recabado suficientes apoyos. <a href=\"https:\/\/elpais.com\/clima-y-medio-ambiente\/2025-11-22\/la-presidencia-de-la-cop30-trata-de-cerrar-la-cumbre-sin-la-hoja-de-ruta-para-dejar-los-combustibles-fosiles.html\" rel=\"nofollow noopener\" target=\"_blank\">Esta es la cr\u00f3nica del pol\u00e9mico cierre de la cumbre<\/a> que hemos vivido en Bel\u00e9m el s\u00e1bado y en el que el contexto internacional y la presi\u00f3n de los petroestados han hecho fracasar esa iniciativa. Otra vez el tab\u00fa.<\/p>\n<p class=\"\">Aqu\u00ed os dejo algunas claves del final de la cumbre del clima de este a\u00f1o:<\/p>\n<p>Sin menciones<\/p>\n<p class=\"\">La ausencia de menciones a los combustibles f\u00f3siles es el gran titular de esta cita, en la que algunos pa\u00edses, entre ellos Colombia y Espa\u00f1a, se han peleado por intentar que se incluyera la hoja de ruta en la declaraci\u00f3n de cierre. Ha sido imposible. A cambio, esos pa\u00edses han logrado que en el texto se haga una menci\u00f3n a la creaci\u00f3n de un \u201cAcelerador Global de Implementaci\u00f3n\u201d, voluntario, teniendo en cuenta \u201cel Consenso de los Emiratos \u00c1rabes Unidos\u201d. Citar el consenso de Dub\u00e1i, en referencia a la COP de 2023, es la forma que se ha buscado para introducir el asunto de los combustibles f\u00f3siles. Porque la cumbre de Dub\u00e1i fue la primera y \u00faltima en la que se logr\u00f3 hacer una menci\u00f3n a la necesidad de dejar atr\u00e1s los combustibles f\u00f3siles. <\/p>\n<p>Impulso a la conferencia de Colombia<\/p>\n<p class=\"\">Una vez constatado el fracaso en la declaraci\u00f3n final, Brasil ha anunciado que impulsar\u00e1 al margen de la ONU hojas de ruta para el abandono de los combustibles f\u00f3siles y contra la deforestaci\u00f3n, otro tema que se ha quedado fuera de los acuerdos finales. En contraposici\u00f3n a lo ocurrido aqu\u00ed, emerge con fuerza ahora otra iniciativa: <a href=\"https:\/\/elpais.com\/clima-y-medio-ambiente\/2025-11-21\/el-ultimo-borrador-de-la-cop30-elimina-la-hoja-de-ruta-para-el-final-de-los-combustibles-fosiles.html\" rel=\"nofollow noopener\" target=\"_blank\">la conferencia para el abandono de los combustibles f\u00f3siles<\/a> que organizar\u00e1n Colombia y Pa\u00edses Bajos en abril del pr\u00f3ximo a\u00f1o. Esa cita ha surgido al socaire del tratado de no proliferaci\u00f3n de los combustibles f\u00f3siles que impulsan desde hace a\u00f1os organizaciones ecologistas y algunos pa\u00edses. \u00bfSer\u00e1 esa una respuesta acertada ante el persistente tab\u00fa en las COP?<\/p>\n<p>Las emisiones crecen<\/p>\n<p class=\"\">Porque, <a href=\"https:\/\/elpais.com\/clima-y-medio-ambiente\/2025-11-13\/las-emisiones-del-sector-fosil-han-crecido-un-10-desde-el-acuerdo-de-paris-pero-hay-esperanza-el-pico-esta-muy-cerca.html\" rel=\"nofollow noopener\" target=\"_blank\">como nos recordaba durante esta cumbre el informe Global Carbon Budget<\/a> las emisiones de di\u00f3xido de carbono (CO\u2082) generadas por los combustibles f\u00f3siles y la fabricaci\u00f3n de cemento en el mundo volver\u00e1n a crecer este a\u00f1o. Han aumentado casi un 10% desde que se firm\u00f3 hace diez a\u00f1os el Acuerdo de Par\u00eds, cebando m\u00e1s y m\u00e1s el problema del calentamiento. <\/p>\n<p>Desinformaci\u00f3n<\/p>\n<p class=\"\">\u00bfY si es tan evidente el v\u00ednculo entre los combustibles y el calentamiento, c\u00f3mo es posible que siga avanzando en el mundo el negacionismo? Quiz\u00e1s, una de las claves pueda ser la desinformaci\u00f3n. En los m\u00e1rgenes de esta cumbre, no dentro de las conversaciones oficiales de la ONU, se ha relanzado una iniciativa para luchar contra la desinformaci\u00f3n clim\u00e1tica a la que se han sumado una decena de pa\u00edses. <a href=\"https:\/\/elpais.com\/clima-y-medio-ambiente\/2025-11-12\/una-alianza-en-la-cumbre-del-clima-de-belem-contra-la-desinformacion-que-alimenta-el-negacionismo-y-retrasa-la-accion-urgente.html\" rel=\"nofollow noopener\" target=\"_blank\">Lo explicamos aqu\u00ed.<\/a> <\/p>\n<p>Adaptaci\u00f3n<\/p>\n<p class=\"\">Las cumbres del clima se centran principalmente en temas de mitigaci\u00f3n, es decir, en el recorte de los gases, y en la financiaci\u00f3n que los pa\u00edses ricos deben movilizar para las naciones con menos recursos. Pero la adaptaci\u00f3n, c\u00f3mo protegerse y prepararse para el calentamiento que ya es irreversible, no tiene tanto espacio. <\/p>\n<p class=\"\">En la COP30 de este a\u00f1o los pa\u00edses se han comprometido a triplicar los fondos destinados a adaptaci\u00f3n en 2035 tomando como referencia 2025. <\/p>\n<p class=\"\">Adem\u00e1s, se ha conseguido aprobar un conjunto de indicadores, unos 60, que servir\u00e1n a los pa\u00edses para poder medir c\u00f3mo est\u00e1n realizando esa adaptaci\u00f3n. Entre otros, figuran el nivel de estr\u00e9s h\u00eddrico y el de eficiencia en el uso del agua. Y la tasa de mortalidad asociada a impactos clim\u00e1ticos y el nivel de incidencia de enfermedades infecciosas sensibles al clima. <\/p>\n<p>Comercio<\/p>\n<p class=\"\">Adem\u00e1s, por primera vez en estos acuerdos se ha aprobado establecer un \u201cdi\u00e1logo\u201d sobre comercio global y cambio clim\u00e1tico tras las cr\u00edticas de China durante la COP30 al impuesto al di\u00f3xido de carbono puesto en marcha por la Uni\u00f3n Europea para las importaciones.<\/p>\n<p>Los planes se quedan cortos<\/p>\n<p class=\"\">Otro de los temas que ha quedado opacado ha sido el hecho de que este 2025 los casi 200 pa\u00edses firmantes del Acuerdo de Par\u00eds deber\u00edan haber entregado sus nuevos planes de recorte de emisiones, con las metas para 2035. Finalmente, lo han hecho 122, y de aplicarse todas las medidas el calentamiento a final de siglo rondar\u00e1 los 2,5 grados respecto a los niveles preindustriales, aunque este c\u00e1lculo est\u00e1 lleno de incertidumbres otra vez por el contexto internacional.<\/p>\n<p class=\"\">En cualquier caso, es mucho m\u00e1s del objetivo fijado en el Acuerdo de Par\u00eds: que el calentamiento global se quede entre los 1,5 y los 2 grados. De hecho, en el texto final ya se abre la puerta a la superaci\u00f3n del l\u00edmite de los 1,5, en el mejor de los escenarios de forma temporal. Algo que la ciencia considera que podr\u00eda ocurrir ya en la pr\u00f3xima d\u00e9cada de forma estable. <\/p>\n<p>Multilateralismo frente Trump<\/p>\n<p class=\"\">Varias han sido las voces de expertos en diplomacia clim\u00e1tica que han defendido tras el cierre en Bel\u00e9m que, pese al resultado de la COP30, el multilateralismo ha salido vivo de este envite. En la distancia, Trump ha intentado torpedear la cumbre. Sus pol\u00edticas han situado a su pa\u00eds <a href=\"https:\/\/elpais.com\/clima-y-medio-ambiente\/2025-11-18\/ee-uu-se-une-a-arabia-saudi-iran-y-rusia-en-el-grupo-de-paises-que-menos-hacen-contra-el-cambio-climatico.html\" rel=\"nofollow noopener\" target=\"_blank\">en el selecto grupo de naciones que menos hacen contra el calentamiento<\/a>, seg\u00fan el \u00cdndice del Desempe\u00f1o de Cambio Clim\u00e1tico. En esta edici\u00f3n, los cuatro \u00faltimos lugares de la clasificaci\u00f3n global que se realiza bajo esta iniciativa cada a\u00f1o los ocupan EE UU, Arabia Saud\u00ed, Ir\u00e1n y Rusia. <\/p>\n<p class=\"\">Pero no es solo que EE UU no act\u00fae frente al cambio clim\u00e1tico, sino que est\u00e1 intentando coaccionar a los que s\u00ed quieren medidas frente al calentamiento. <\/p>\n<p class=\"\">Un resumen interesante puede ser el mensaje que tras cerrarse la COP30 colg\u00f3 en las redes sociales Ant\u00f3nio Guterres, secretario general de la ONU: \u201cGracias a los incansables esfuerzos de la presidencia brasile\u00f1a, se ha alcanzado un acuerdo en la COP30, logrando avances y demostrando que el multilateralismo funciona. Se obtuvieron resultados importantes. Pero es dif\u00edcil alcanzar un consenso en un periodo de profunda divisi\u00f3n geopol\u00edtica. As\u00ed que, evidentemente, no podemos fingir que la COP ha entregado todo lo necesario. Debemos seguir impulsando una mayor ambici\u00f3n clim\u00e1tica y una mayor solidaridad. A todos los que marcharon, negociaron, aconsejaron, informaron y se movilizaron, les digo: No os rind\u00e1is. La historia est\u00e1 de tu lado, y tambi\u00e9n la ONU\u201d. <\/p>\n<p>M\u00e1s noticias<\/p>\n<p class=\"\">Durante toda la cumbre, nuestra compa\u00f1era Naiara Galarraga Gort\u00e1zar, la corresponsal de EL PA\u00cdS en Brasil, ha estado elaborando y publicando reportajes que ayudan a comprender mucho mejor la realidad medioambiental de este pa\u00eds fascinante, con sus contradicciones tambi\u00e9n. Os dejo aqu\u00ed una selecci\u00f3n de lo que ha hecho:<\/p>\n<p class=\"\">Hasta aqu\u00ed este bolet\u00edn especial sobre la cumbre. Muchas gracias por leernos. <\/p>\n","protected":false},"excerpt":{"rendered":"Este es un env\u00edo especial por la COP30 de la newsletter de la secci\u00f3n de Clima y Medio&hellip;\n","protected":false},"author":2,"featured_media":252760,"comment_status":"","ping_status":"","sticky":false,"template":"","format":"standard","meta":{"footnotes":""},"categories":[5],"tags":[18492,17,18,11465,1295,57271,12226,25,24,13,14,11,19,20,6688,9,10,15,16,492,23,12,21,22],"class_list":{"0":"post-252759","1":"post","2":"type-post","3":"status-publish","4":"format-standard","5":"has-post-thumbnail","7":"category-titulares","8":"tag-belem","9":"tag-breaking-news","10":"tag-breakingnews","11":"tag-calentamiento-global","12":"tag-cambio-climatico","13":"tag-cop30-cambio-climatico","14":"tag-emergencia-climatica","15":"tag-es","16":"tag-espana","17":"tag-featured-news","18":"tag-featurednews","19":"tag-headlines","20":"tag-latest-news","21":"tag-latestnews","22":"tag-medio-ambiente","23":"tag-news","24":"tag-noticias","25":"tag-noticias-destacadas","26":"tag-noticiasdestacadas","27":"tag-sociedad","28":"tag-spain","29":"tag-titulares","30":"tag-ultimas-noticias","31":"tag-ultimasnoticias"},"share_on_mastodon":{"url":"https:\/\/pubeurope.com\/@es\/115603451643695017","error":""},"_links":{"self":[{"href":"https:\/\/www.europesays.com\/es\/wp-json\/wp\/v2\/posts\/252759","targetHints":{"allow":["GET"]}}],"collection":[{"href":"https:\/\/www.europesays.com\/es\/wp-json\/wp\/v2\/posts"}],"about":[{"href":"https:\/\/www.europesays.com\/es\/wp-json\/wp\/v2\/types\/post"}],"author":[{"embeddable":true,"href":"https:\/\/www.europesays.com\/es\/wp-json\/wp\/v2\/users\/2"}],"replies":[{"embeddable":true,"href":"https:\/\/www.europesays.com\/es\/wp-json\/wp\/v2\/comments?post=252759"}],"version-history":[{"count":0,"href":"https:\/\/www.europesays.com\/es\/wp-json\/wp\/v2\/posts\/252759\/revisions"}],"wp:featuredmedia":[{"embeddable":true,"href":"https:\/\/www.europesays.com\/es\/wp-json\/wp\/v2\/media\/252760"}],"wp:attachment":[{"href":"https:\/\/www.europesays.com\/es\/wp-json\/wp\/v2\/media?parent=252759"}],"wp:term":[{"taxonomy":"category","embeddable":true,"href":"https:\/\/www.europesays.com\/es\/wp-json\/wp\/v2\/categories?post=252759"},{"taxonomy":"post_tag","embeddable":true,"href":"https:\/\/www.europesays.com\/es\/wp-json\/wp\/v2\/tags?post=252759"}],"curies":[{"name":"wp","href":"https:\/\/api.w.org\/{rel}","templated":true}]}}