{"id":252765,"date":"2025-11-24T07:26:14","date_gmt":"2025-11-24T07:26:14","guid":{"rendered":"https:\/\/www.europesays.com\/es\/252765\/"},"modified":"2025-11-24T07:26:14","modified_gmt":"2025-11-24T07:26:14","slug":"elena-tablada-desvela-que-su-relacion-con-javier-ungria-esta-frozen","status":"publish","type":"post","link":"https:\/\/www.europesays.com\/es\/252765\/","title":{"rendered":"Elena Tablada desvela que su relaci\u00f3n con Javier Ungr\u00eda est\u00e1 \u00abfrozen\u00bb"},"content":{"rendered":"<p>Elena Tablada ha desvelado c\u00f3mo es actualmente su relaci\u00f3n con Javier Ungr\u00eda tras la sentencia que, hace unos meses, le otorg\u00f3 a ella la custodia total de la hija que tienen en com\u00fan. En su \u00faltima aparici\u00f3n p\u00fablica, la dise\u00f1adora ha asegurado que est\u00e1 \u00abs\u00faper bien\u00bb y que la relaci\u00f3n con el empresario es <b>\u00abnormal, como frozen, pues as\u00ed\u00bb<\/b>, recordando que \u201cal final es el padre de mi hija, igual que es David\u00bb.<\/p>\n<p>Tablada se dej\u00f3 ver esta semana en la inauguraci\u00f3n de las <b>Navidades M\u00e1gicas de Torrej\u00f3n de Ardoz, <\/b>donde explic\u00f3 c\u00f3mo organizan tradicionalmente las fiestas para que las ni\u00f1as puedan celebrarlas juntas. \u00abS\u00ed, siempre, todos los a\u00f1os. <b>Coinciden las ni\u00f1as y dividimos:<\/b> unos a\u00f1os nos toca Nochebuena y otros Fin de A\u00f1o\u00bb, detall\u00f3.<\/p>\n<p>La dise\u00f1adora confes\u00f3 que afronta las pr\u00f3ximas semanas centrada en lo que realmente le importa: <b>\u00abEstar en familia, que es lo m\u00e1s importante, y agradecer a la vida por los que estamos aqu\u00ed y los que est\u00e1n arriba\u00bb.<\/b><\/p>\n<p>Por \u00faltimo, revel\u00f3 que vive un momento de serenidad tras tomar la decisi\u00f3n de reducir su presencia en eventos y priorizarse a s\u00ed misma. \u201cEstoy en un punto en el que estoy s\u00faper tranquila. Volv\u00ed del verano y decid\u00ed no ir a tantos eventos y dedicarme m\u00e1s a m\u00ed, a mi casa, a mi vida. Estoy estudiando un curso y a mis hijas. Estoy s\u00faper contenta y me agradezco mucho esta determinaci\u00f3n que he tomado\u201d.<\/p>\n<p>   <img decoding=\"async\" title=\"Cayetano Mart\u00ednez de Irujo, en un coloquio en Madrid\" alt=\"Cayetano Mart\u00ednez de Irujo, en un coloquio en Madrid\" width=\"480\" height=\"270\" src=\"https:\/\/www.europesays.com\/es\/wp-content\/uploads\/2025\/11\/cayetano-martinez-irujo-coloquio-madrid_70.jpg\" loading=\"lazy\" class=\"lazy\"\/><\/p>\n","protected":false},"excerpt":{"rendered":"Elena Tablada ha desvelado c\u00f3mo es actualmente su relaci\u00f3n con Javier Ungr\u00eda tras la sentencia que, hace unos&hellip;\n","protected":false},"author":2,"featured_media":252766,"comment_status":"","ping_status":"","sticky":false,"template":"","format":"standard","meta":{"footnotes":""},"categories":[174],"tags":[255,146,147,25,24,256,23],"class_list":{"0":"post-252765","1":"post","2":"type-post","3":"status-publish","4":"format-standard","5":"has-post-thumbnail","7":"category-famosos","8":"tag-celebrities","9":"tag-entertainment","10":"tag-entretenimiento","11":"tag-es","12":"tag-espana","13":"tag-famosos","14":"tag-spain"},"share_on_mastodon":{"url":"https:\/\/pubeurope.com\/@es\/115603491125582933","error":""},"_links":{"self":[{"href":"https:\/\/www.europesays.com\/es\/wp-json\/wp\/v2\/posts\/252765","targetHints":{"allow":["GET"]}}],"collection":[{"href":"https:\/\/www.europesays.com\/es\/wp-json\/wp\/v2\/posts"}],"about":[{"href":"https:\/\/www.europesays.com\/es\/wp-json\/wp\/v2\/types\/post"}],"author":[{"embeddable":true,"href":"https:\/\/www.europesays.com\/es\/wp-json\/wp\/v2\/users\/2"}],"replies":[{"embeddable":true,"href":"https:\/\/www.europesays.com\/es\/wp-json\/wp\/v2\/comments?post=252765"}],"version-history":[{"count":0,"href":"https:\/\/www.europesays.com\/es\/wp-json\/wp\/v2\/posts\/252765\/revisions"}],"wp:featuredmedia":[{"embeddable":true,"href":"https:\/\/www.europesays.com\/es\/wp-json\/wp\/v2\/media\/252766"}],"wp:attachment":[{"href":"https:\/\/www.europesays.com\/es\/wp-json\/wp\/v2\/media?parent=252765"}],"wp:term":[{"taxonomy":"category","embeddable":true,"href":"https:\/\/www.europesays.com\/es\/wp-json\/wp\/v2\/categories?post=252765"},{"taxonomy":"post_tag","embeddable":true,"href":"https:\/\/www.europesays.com\/es\/wp-json\/wp\/v2\/tags?post=252765"}],"curies":[{"name":"wp","href":"https:\/\/api.w.org\/{rel}","templated":true}]}}