{"id":252769,"date":"2025-11-24T07:31:00","date_gmt":"2025-11-24T07:31:00","guid":{"rendered":"https:\/\/www.europesays.com\/es\/252769\/"},"modified":"2025-11-24T07:31:00","modified_gmt":"2025-11-24T07:31:00","slug":"nodal-lanza-indirecta-a-angela-aguilar-y-la-deja-en-evidencia-gracias-a-dios-el-talento-no-se-cancela","status":"publish","type":"post","link":"https:\/\/www.europesays.com\/es\/252769\/","title":{"rendered":"Nodal lanza indirecta a \u00c1ngela Aguilar y la deja en evidencia: \u201cGracias a Dios el talento no se cancela\u201d"},"content":{"rendered":"<p><img alt=\"\u00c1ngela Aguilar y Christian Nodal\" class=\"global-image\" decoding=\"async\" fetchpriority=\"high\" height=\"1080\" loading=\"eager\" src=\"https:\/\/www.europesays.com\/es\/wp-content\/uploads\/2025\/11\/E7GAV2JQ5JGGDFS3QABANK37FQ.jpg\" width=\"1920\"\/>\u00c1ngela Aguilar y Christian Nodal en los Latin Grammy 2025. (Foto: Michael Tran \/ AFP)<\/p>\n<p class=\"paragraph\">La pareja formada por <b>Christian Nodal<\/b> y <b>\u00c1ngela Aguilar<\/b> vuelve a dar de qu\u00e9 hablar, luego de que una declaraci\u00f3n del cantante sonorense durante una entrevista se viralizara por lo que muchos internautas consideran <b>una indirecta a su esposa y hasta una burla. <\/b><\/p>\n<p class=\"paragraph\">Fue durante una entrevista en el canal de YouTube \u201cLas Vegas de Locura\u201d donde, tras hablar de su \u00e9xito actual y el apoyo de sus seguidores en su tour por Estados Unidos pese a sus pol\u00e9micas, Nodal lanz\u00f3 la frase que encendi\u00f3 las redes: <b>\u201cAm\u00e9n, hermano, gracias a Dios el talento no se cancela, pa\u201d.<\/b><\/p>\n<p>Nodal lanza dardo contra su esposa \u00c1ngela Aguilar al afirmar que \u00abgracias a Dios el talento no se cancela\u00bb, en medio de las dificultades de la joven para llenar recintos en EEUU. (Tiktok: cazzufansoficial) <\/p>\n<p class=\"paragraph\">La expresi\u00f3n fue r\u00e1pidamente interpretada por usuarios en TikTok y X como <b>un dardo velado a \u00c1ngela Aguilar<\/b>, ya que se produce justo cuando la cantante enfrenta la dificultad de llenar recintos y ha visto cancelados varios conciertos de su gira <b>\u201cLibre Coraz\u00f3n Tour 2025\u2033. <\/b><\/p>\n<p class=\"paragraph\">Y es que a pesar de la anticipaci\u00f3n y los esfuerzos promocionales, la cantante ha tenido que lidiar con reportes de baja venta de boletos, cancelaciones de fechas y recintos con detectables vac\u00edos durante sus presentaciones pese a regalar boletos. <\/p>\n<p class=\"paragraph\">En redes sociales, las im\u00e1genes de butacas libres y videos de pocos asistentes han sido replicadas y viralizadas. <\/p>\n<p class=\"paragraph\">El \u201cgolpe bajo\u201d de la frase \u201cel talento no se cancela\u201d encendi\u00f3 las redes, donde los comentarios de los internautas no solo reiteraron la comparaci\u00f3n directa con su esposa, sino que recuperaron incluso letras de Cazzu, expareja de Nodal, para alimentar la ola de burlas y memes.<\/p>\n<p><img alt=\"(Captura de pantalla)\" class=\"global-image\" decoding=\"async\" fetchpriority=\"low\" height=\"658\" loading=\"lazy\" src=\"https:\/\/www.europesays.com\/es\/wp-content\/uploads\/2025\/11\/5TBOZCMJFFFXXBCKQ564HUDDNQ.png\" width=\"500\"\/>(Captura de pantalla)<\/p>\n<p class=\"paragraph\">Varios internautas citaron la frase de la canci\u00f3n de Cazzu: <b>\u201cTienes tu enemigo durmiendo en tu cama\u2026\u201d<\/b> \u2014haciendo alusi\u00f3n a la situaci\u00f3n de \u00c1ngela y su esposo: <\/p>\n<ul data-icon=\"\u2b24\" class=\"list\">\n<li data-icon=\"\u2b24\">\u201cExactly, el talento de Cazzu no se cancela, Cazzu sigue triunfando aunque intenten tumbarla\u201d. <\/li>\n<li data-icon=\"\u2b24\">\u201cAmoooooor, \u00a1te lo dice tu esposito, el talento no se cancela!\u201d<\/li>\n<li data-icon=\"\u2b24\">\u201cTe refieres a los conciertos cancelados de la \u2018amoooor\u2019?\u201d<\/li>\n<li data-icon=\"\u2b24\">\u201cAh, \u00e9l es super talentoso, y a su esposa le quitan el apellido y es solo una muchacha que canta cover m\u00e1s o menos.\u201d<\/li>\n<li data-icon=\"\u2b24\">\u201cM\u00e1s claro para la t\u00eda madrastra.\u201d<\/li>\n<li data-icon=\"\u2b24\">\u201c\u00bfTas oyendo \u00c1ngela?\u201d<\/li>\n<li data-icon=\"\u2b24\">\u201cQu\u00e9 le quiso decir a su mujer.\u201d<\/li>\n<li data-icon=\"\u2b24\">\u201cPero \u00e9l dijo TALENTO\u201d<\/li>\n<\/ul>\n<p><img alt=\"(Captura de pantalla)\" class=\"global-image\" decoding=\"async\" fetchpriority=\"low\" height=\"754\" loading=\"lazy\" src=\"https:\/\/www.europesays.com\/es\/wp-content\/uploads\/2025\/11\/JEJKWSDSZZHAFL7527KQY4ATEI.png\" width=\"528\"\/>(Captura de pantalla)<\/p>\n<p class=\"paragraph\">En la misma entrevista, cuando el reportero se refiri\u00f3 a \u00c1ngela como \u201cla domadora\u201d, al decirle al cantante si llevar\u00eda a su esposa con \u00e9l a sus conciertos por EEUU, Nodal no s\u00f3lo no mostr\u00f3 incomodidad, sino que valid\u00f3 el apodo al contestar: <b>\u201cNo, ella tambi\u00e9n est\u00e1 trabajando, est\u00e1 de gira tambi\u00e9n\u201d<\/b>.<\/p>\n<p class=\"paragraph\">Esta reacci\u00f3n fue interpretada como <b>fr\u00eda y lejana <\/b>entre los internautas, y aument\u00f3 la percepci\u00f3n de distancia entre la pareja. <\/p>\n<p class=\"paragraph\">Estos no fueron los \u00fanicos desplantes de Christian Nodal a \u00c1ngela, y es que durante una din\u00e1mica en el programa descart\u00f3 su colaboraci\u00f3n con \u00c1ngela Aguilar como uno de sus duetos favoritos. <\/p>\n<p class=\"paragraph\">El cantante fue cuestionado sobre las <b>colaboraciones <\/b>que m\u00e1s ha disfrutado realizar a lo largo de su carrera y, pese a tener un tema emblem\u00e1tico con su esposa \u2014<b>Dime c\u00f3mo quieres<\/b>\u2014, opt\u00f3 por mencionar un proyecto in\u00e9dito junto a <b>Marc Anthony<\/b>, a quien describi\u00f3 como una influencia determinante en su desarrollo art\u00edstico. \u201cTenemos como tres o cuatro canciones juntas, pero no ha salido ninguna\u2026 las tres me encantan\u201d, dijo.<\/p>\n<p><img alt=\"(REUTERS: Ronda Churchill \/\/ TikTok)\" class=\"global-image\" decoding=\"async\" fetchpriority=\"low\" height=\"1080\" loading=\"lazy\" src=\"https:\/\/www.europesays.com\/es\/wp-content\/uploads\/2025\/11\/ENXMP4WBWZG2ZH2FAKWDU2OUL4.jpg\" width=\"1920\"\/>(REUTERS: Ronda Churchill \/\/ TikTok)<\/p>\n<p class=\"paragraph\">A esto se suman las recientes <b>omisiones <\/b>del cantante para su esposa, pues cabe recordar que durante la <b>entrega de los Latin Grammy 2025, <\/b>Nodal no mencion\u00f3 a la menor de la dinast\u00eda Aguilar al recibir su premio; tampoco le quiso dar un beso al bajar del escenario e igual se le vio solt\u00e1ndole la mano cuando ella intentaba bailar durante una presentaci\u00f3n de otro artista, lo que ha disparado a\u00fan m\u00e1s las cr\u00edticas y las burlas hacia la int\u00e9rprete.<\/p>\n","protected":false},"excerpt":{"rendered":"\u00c1ngela Aguilar y Christian Nodal en los Latin Grammy 2025. (Foto: Michael Tran \/ AFP) La pareja formada&hellip;\n","protected":false},"author":2,"featured_media":252770,"comment_status":"","ping_status":"","sticky":false,"template":"","format":"standard","meta":{"footnotes":""},"categories":[170],"tags":[146,147,25,24,184,185,23],"class_list":{"0":"post-252769","1":"post","2":"type-post","3":"status-publish","4":"format-standard","5":"has-post-thumbnail","7":"category-musica","8":"tag-entertainment","9":"tag-entretenimiento","10":"tag-es","11":"tag-espana","12":"tag-music","13":"tag-musica","14":"tag-spain"},"share_on_mastodon":{"url":"https:\/\/pubeurope.com\/@es\/115603511313823275","error":""},"_links":{"self":[{"href":"https:\/\/www.europesays.com\/es\/wp-json\/wp\/v2\/posts\/252769","targetHints":{"allow":["GET"]}}],"collection":[{"href":"https:\/\/www.europesays.com\/es\/wp-json\/wp\/v2\/posts"}],"about":[{"href":"https:\/\/www.europesays.com\/es\/wp-json\/wp\/v2\/types\/post"}],"author":[{"embeddable":true,"href":"https:\/\/www.europesays.com\/es\/wp-json\/wp\/v2\/users\/2"}],"replies":[{"embeddable":true,"href":"https:\/\/www.europesays.com\/es\/wp-json\/wp\/v2\/comments?post=252769"}],"version-history":[{"count":0,"href":"https:\/\/www.europesays.com\/es\/wp-json\/wp\/v2\/posts\/252769\/revisions"}],"wp:featuredmedia":[{"embeddable":true,"href":"https:\/\/www.europesays.com\/es\/wp-json\/wp\/v2\/media\/252770"}],"wp:attachment":[{"href":"https:\/\/www.europesays.com\/es\/wp-json\/wp\/v2\/media?parent=252769"}],"wp:term":[{"taxonomy":"category","embeddable":true,"href":"https:\/\/www.europesays.com\/es\/wp-json\/wp\/v2\/categories?post=252769"},{"taxonomy":"post_tag","embeddable":true,"href":"https:\/\/www.europesays.com\/es\/wp-json\/wp\/v2\/tags?post=252769"}],"curies":[{"name":"wp","href":"https:\/\/api.w.org\/{rel}","templated":true}]}}