{"id":252775,"date":"2025-11-24T07:34:11","date_gmt":"2025-11-24T07:34:11","guid":{"rendered":"https:\/\/www.europesays.com\/es\/252775\/"},"modified":"2025-11-24T07:34:11","modified_gmt":"2025-11-24T07:34:11","slug":"el-86-de-los-pacientes-pide-diagnostico-mas-temprano","status":"publish","type":"post","link":"https:\/\/www.europesays.com\/es\/252775\/","title":{"rendered":"el 86% de los pacientes pide diagn\u00f3stico m\u00e1s temprano"},"content":{"rendered":"<p> El 86% de los pacientes con enfermedad de Alzheimer (EA) identifica como prioritario el acceso temprano a pruebas diagn\u00f3sticas y a especialistas. As\u00ed lo explica la \u201cEncuesta sobre las necesidades y demandas de los pacientes con Alzheimer en estadios tempranos\u201d, presentada en el marco del Congreso de la Confederaci\u00f3n Espa\u00f1ola de Alzheimer (CEAFA), cuyo objetivo es identificar las necesidades no cubiertas percibidas por este grupo de pacientes. <\/p>\n<p>Los resultados de este estudio, llevado a cabo por Confederaci\u00f3n Espa\u00f1ola de Alzheimer (CEAFA), liderado por el doctor <strong>Guillermo Garc\u00eda Ribas<\/strong>, del Servicio de Neurolog\u00eda del Hospital Universitario Ram\u00f3n y Cajal, y promovido por <strong>Lilly <\/strong>en colaboraci\u00f3n con la consultora <strong>Outcomes 10<\/strong>, muestran un <strong>panorama complejo en el que la falta de informaci\u00f3n y acompa\u00f1amiento<\/strong> contin\u00faa siendo una de las <strong>principales barreras para las personas reci\u00e9n diagnosticadas<\/strong>. <\/p>\n<p>  <img fetchpriority=\"high\" decoding=\"async\" width=\"550\" height=\"350\" src=\"https:\/\/www.europesays.com\/es\/wp-content\/uploads\/2025\/11\/geriatricarea-Navidad-Alzheimer.jpg\" alt=\"geriatricarea Navidad Alzheimer\" class=\"wp-image-131629\" style=\"width:550px;height:auto\"  \/>El 86% de los pacientes con Alzheimer pide diagn\u00f3stico temprano, el 72% no ten\u00eda informaci\u00f3n previa y el 44% critica falta de apoyo m\u00e9dico tras diagn\u00f3stico <\/p>\n<p>As\u00ed, el <strong>72% de los encuestados afirm\u00f3<\/strong> que, antes del diagn\u00f3stico de <a href=\"https:\/\/www.geriatricarea.com\/?s=alzheimer\" target=\"_blank\" rel=\"noreferrer noopener nofollow\"><strong>la enfermedad<\/strong><\/a>, <strong>apenas ten\u00edan alg\u00fan conocimiento<\/strong> sobre la enfermedad. Adem\u00e1s, el <strong>58% considera que el nivel de conocimiento de los m\u00e9dicos de familia<\/strong> para detectar los <strong>primeros s\u00edntomas es nulo o muy bajo<\/strong>.<\/p>\n<p>El 75% de los pacientes fue <strong>diagnosticado en el sistema p\u00fablico de salud<\/strong>, la mayor\u00eda por un <strong>neur\u00f3logo tras derivaci\u00f3n desde Atenci\u00f3n Primaria<\/strong> (46%). Sin embargo, un 41% <strong>percibi\u00f3 que el proceso diagn\u00f3stico fue m\u00e1s lento de lo esperado<\/strong> y un 51% se sinti\u00f3 <strong>insatisfecho con la implicaci\u00f3n de su m\u00e9dico<\/strong> en la toma de decisiones sobre tratamiento.\u00a0<\/p>\n<p>Adem\u00e1s, un 44% de los encuestados mostraron <strong>alg\u00fan grado de descontento con la informaci\u00f3n recibida sobre la enfermedad<\/strong> y las <strong>opciones terap\u00e9uticas<\/strong>, porcentaje similar al de grado de insatisfacci\u00f3n con el tiempo que el neur\u00f3logo les dedic\u00f3 en consulta. <\/p>\n<p>Esta percepci\u00f3n de falta de apoyo se extiende al \u00e1mbito de los tratamientos. En las <strong>terapias farmacol\u00f3gicas<\/strong>, solo un <strong>36%<\/strong> de los pacientes se <strong>declar\u00f3 satisfecho<\/strong> y un <strong>8%<\/strong> se\u00f1al\u00f3 <strong>no haber recibido ning\u00fan tratamiento<\/strong>.\u00a0 Adem\u00e1s, al <strong>76% de los pacientes encuestados no se les ofreci\u00f3 participar en un ensayo cl\u00ednico<\/strong>, pese a que, de ellos, el <strong>73% lo har\u00eda si tuviera oportunidad<\/strong>.<\/p>\n<p> Reducir los tiempos de diagn\u00f3stico y de interconsulta <\/p>\n<p>En palabras de <strong>Jes\u00fas Rodrigo, director de Ceafa<\/strong>, \u201cel estudio ratifica la <strong>perspectiva de los pacientes<\/strong> de poder <strong>hablar en primera persona acerca de qu\u00e9 sienten y c\u00f3mo quieren ser tratados<\/strong>. En esta perspectiva se ha de <strong>establecer una relaci\u00f3n m\u00e9dico-paciente<\/strong> diferente y una adaptaci\u00f3n del sistema.<\/p>\n<p>Adem\u00e1s, el director de Ceafa a\u00f1ade que \u00abde los <strong>resultados de la encuesta se desprende que los profesionales han de hacer un esfuerzo por ser m\u00e1s emp\u00e1ticos<\/strong> con la <strong>situaci\u00f3n de los pacientes y el sistema debe reducir los tiempos<\/strong> no s\u00f3lo de diagn\u00f3stico, sino <strong>tambi\u00e9n los de interconsulta<\/strong>, con <strong>itinerarios espec\u00edficos<\/strong> para demencias.\u201d.\u00a0\u00a0\u00a0\u00a0\u00a0<\/p>\n<p>En esta l\u00ednea, el <strong>doctor Garc\u00eda Ribas<\/strong> agrega que \u201cel diagn\u00f3stico temprano de la enfermedad de Alzheimer <strong>cuando todav\u00eda el paciente tiene muchas capacidades<\/strong> conservadas representa una prioridad. A <strong>ninguna de las personas<\/strong> que <strong>contestaron la encuesta se les ofreci\u00f3 una adaptaci\u00f3n de su puesto de trabajo<\/strong>. <\/p>\n<p>De este modo, contin\u00faa <strong>Garc\u00eda Ribas<\/strong>, \u00abdirectamente <strong>al recibir un diagn\u00f3stico de EA<\/strong> se les pas\u00f3 a situaci\u00f3n de jubilaci\u00f3n. M\u00e1s de la mitad, <strong>consideran que las ayudas sociales<\/strong> ofrecidas <strong>no se ajustan<\/strong> a las necesidades reales de los pacientes y <strong>apenas se aportan recursos para las terapias no farmacol\u00f3gicas<\/strong> de la EA\u201d.<\/p>\n<p> Terapias no farmacol\u00f3gicas y la barrera econ\u00f3mica <\/p>\n<p>Por el lado de las terapias no farmacol\u00f3gicas (como juegos de memoria y orientaci\u00f3n, estimulaci\u00f3n cognitiva, etc.), el 92% <strong>afirma realizar alguna<\/strong>. En este sentido, el <strong>coste medio declarado por terapia fue de 219,6 euros<\/strong>, habiendo asumido el <strong>79% de los encuestados los gastos con alg\u00fan tipo de ayuda<\/strong>, mientras que un <strong>21% tuvo que hacerlo sin apoyo econ\u00f3mico<\/strong>.\u00a0\u00a0<\/p>\n<p>Por \u00faltimo, en cuanto a los recursos sociosanitarios, los <strong>centros de d\u00eda especializados se sit\u00faan como los m\u00e1s utilizados o demandados <\/strong>(67%), seguidos del <strong>apoyo psicosocial<\/strong> (33%) y la <strong>asistencia legal y financiera<\/strong> (22%). No obstante, casi el <strong>80% de los pacientes necesit\u00f3 alg\u00fan servicio<\/strong>, pero solo el <strong>12% accedi\u00f3 de manera financiada<\/strong>. Las <strong>principales barreras<\/strong> fueron la <strong>falta de coordinaci\u00f3n entre profesionales<\/strong> (21%) y la <strong>falta de recursos econ\u00f3micos<\/strong> (20%).\u00a0<\/p>\n<p>Asimismo, los pacientes <strong>encuestados por <a href=\"https:\/\/www.ceafa.es\/es\" target=\"_blank\" rel=\"noreferrer noopener nofollow\">CEAFA<\/a> identifican como puntos de mejora<\/strong>, adem\u00e1s del acceso temprano a <strong>pruebas diagn\u00f3sticas y especialistas<\/strong>, el poder <strong>contar con terapias no farmacol\u00f3gicas en la sanidad p\u00fablica<\/strong> (79%), la <strong>disponibilidad de medicamentos efectivos<\/strong> (61%) o <strong>servicios adaptados a las necesidades<\/strong> del paciente (58%).<\/p>\n","protected":false},"excerpt":{"rendered":"El 86% de los pacientes con enfermedad de Alzheimer (EA) identifica como prioritario el acceso temprano a pruebas&hellip;\n","protected":false},"author":2,"featured_media":252776,"comment_status":"","ping_status":"","sticky":false,"template":"","format":"standard","meta":{"footnotes":""},"categories":[92],"tags":[25,24,165,166,23],"class_list":{"0":"post-252775","1":"post","2":"type-post","3":"status-publish","4":"format-standard","5":"has-post-thumbnail","7":"category-salud","8":"tag-es","9":"tag-espana","10":"tag-health","11":"tag-salud","12":"tag-spain"},"share_on_mastodon":{"url":"https:\/\/pubeurope.com\/@es\/115603522778623129","error":""},"_links":{"self":[{"href":"https:\/\/www.europesays.com\/es\/wp-json\/wp\/v2\/posts\/252775","targetHints":{"allow":["GET"]}}],"collection":[{"href":"https:\/\/www.europesays.com\/es\/wp-json\/wp\/v2\/posts"}],"about":[{"href":"https:\/\/www.europesays.com\/es\/wp-json\/wp\/v2\/types\/post"}],"author":[{"embeddable":true,"href":"https:\/\/www.europesays.com\/es\/wp-json\/wp\/v2\/users\/2"}],"replies":[{"embeddable":true,"href":"https:\/\/www.europesays.com\/es\/wp-json\/wp\/v2\/comments?post=252775"}],"version-history":[{"count":0,"href":"https:\/\/www.europesays.com\/es\/wp-json\/wp\/v2\/posts\/252775\/revisions"}],"wp:featuredmedia":[{"embeddable":true,"href":"https:\/\/www.europesays.com\/es\/wp-json\/wp\/v2\/media\/252776"}],"wp:attachment":[{"href":"https:\/\/www.europesays.com\/es\/wp-json\/wp\/v2\/media?parent=252775"}],"wp:term":[{"taxonomy":"category","embeddable":true,"href":"https:\/\/www.europesays.com\/es\/wp-json\/wp\/v2\/categories?post=252775"},{"taxonomy":"post_tag","embeddable":true,"href":"https:\/\/www.europesays.com\/es\/wp-json\/wp\/v2\/tags?post=252775"}],"curies":[{"name":"wp","href":"https:\/\/api.w.org\/{rel}","templated":true}]}}