{"id":252777,"date":"2025-11-24T07:35:23","date_gmt":"2025-11-24T07:35:23","guid":{"rendered":"https:\/\/www.europesays.com\/es\/252777\/"},"modified":"2025-11-24T07:35:23","modified_gmt":"2025-11-24T07:35:23","slug":"el-monkey-week-son-estrella-galicia-vuelve-a-su-lugar-feliz","status":"publish","type":"post","link":"https:\/\/www.europesays.com\/es\/252777\/","title":{"rendered":"el Monkey Week SON Estrella Galicia vuelve a su \u00ablugar feliz\u00bb"},"content":{"rendered":"<p class=\"voc-p\" style=\"\">Cuando uno quiere vuelve es porque nunca se ha ido del todo. Como tantos otros portuenses antes que \u00e9l, hace nueve a\u00f1os que el <strong>Monkey Week SON Estrella Galicia <\/strong>dijo adi\u00f3s a su hogar para partir hacia Sevilla. Y aunque le fue bien y parec\u00eda ser feliz all\u00ed, se invent\u00f3 una f\u00f3rmula \u2014el Monkey Weekend\u2014 para no irse del todo y quedarse por aqu\u00ed \u2014el Puerto, su casa\u2014 aunque fuera por un fin de semana al a\u00f1o. El idilio con la capital hispalense se rompi\u00f3 y, como suele pasar en estos casos, uno siempre intenta volver al lugar donde ha sido feliz. Sobre todo, si ese lugar es casa.<\/p>\n<p class=\"voc-p\" style=\"\">Esta semana el Monkey Week SON Estrella Galicia ha disfrutado de un prometedor y satisfactorio regreso al Puerto. Si hablamos tan solo de cantidad, la gran afluencia de p\u00fablico que se ha reunido en sus calles<strong> entre el 20 y el 22 de noviembre<\/strong> ha podido disfrutar de <a href=\"https:\/\/www.lavozdigital.es\/provincia\/el-puerto\/centenar-confirmados-guia-imprescindible-artistas-bandas-monkey-20251102115751-ntv.html\" title=\"www.lavozdigital.es\" data-voc-vtm-id=\"in-text-traffic\" data-mrf-link=\"www.lavozdigital.es\" rel=\"nofollow noopener\" target=\"_blank\">casi un centenar de conciertos<\/a>, adem\u00e1s de showcases, reuniones para profesionales del sector y alg\u00fan que otra sorpresa en los bares de la ciudad, los d\u00edas previos al festival. Pero como la felicidad no se mide (solo) en cu\u00e1ntos, sino en d\u00f3nde, qui\u00e9nes y c\u00f3mo, el Monkey Week ha disfrutado y hecho disfrutar con un cartel lleno de artistas emergentes, bandas ya asentadas, as\u00ed como alguna presentaci\u00f3n sorpresa, en lugares como el <strong>Castillo de San Marcos<\/strong>, el <strong>Monasterio de la Victoria<\/strong> o la <strong>Plaza de Alfonso X El Sabio<\/strong>, entre otros enclaves emblem\u00e1ticos de este festival.<\/p>\n<p class=\"voc-p\" style=\"\">Qui\u00e9n mejor para ilustrar simb\u00f3licamente esta vuelta a casa que el grupo <strong>Sanguijuelas del Guadiana<\/strong> \u2014\u00absuerte la tuya de vivir donde naces\u00bb\u2014, que dio la mejor entrada posible a esta edici\u00f3n del festival. Sin embargo, un poco antes, en la tarde del jueves, quienes realmente inaguraron esta vuelta al Castillo de San Marcos fue<strong> Anouck The Band<\/strong>. M\u00e1s tarde, este enclave lo ocupar\u00eda con puntualidad rigorosa la banda extreme\u00f1a, uno de los nombres que han marcado este 2025 debido a la gran acogida de cr\u00edtica y p\u00fablico de su primer \u00e1lbum &#8216;<strong>Revol\u00e1<\/strong>&#8216; y que sin duda se convirti\u00f3 en uno de los reclamos m\u00e1s fuertes del festival en cuanto se anunci\u00f3 su presencia en el mismo.<\/p>\n<p><img decoding=\"async\" loading=\"lazy\" src=\"https:\/\/www.europesays.com\/es\/wp-content\/uploads\/2025\/11\/sanguijuelas-guadiana-monkey-week-kDx--760x427@diario_abc.jpg\" class=\"voc-img\" width=\"760\" height=\"427\" alt=\"Sanguijuelas del Guadiana en el Monkey Week.\" data-voc-vtm-id=\"in-text-traffic\"\/><\/p>\n<p>Sanguijuelas del Guadiana en el Monkey Week.<\/p>\n<p>E. M. M.<\/p>\n<p class=\"voc-p\" style=\"\">A medida que ca\u00eda la noche y bajaban las temperaturas en el Puerto, el p\u00fablico iba llenando poco a poco la bodega del Castillo de San Marcos para disfrutar de uno de esos conciertos que llevan el sello &#8216;Monkey&#8217;: <strong>la banda de la que todos hablan <\/strong>(y de la que a\u00fan queda mucho por hablar). Entre sus calles, la ciudad volv\u00eda a vibrar en una frecuencia \u00fanica, m\u00fasicos y p\u00fablico compart\u00edan terrazas en los instantes previos al concierto, luc\u00edan pulseras y acreditaciones con ese latido emocionado de volver a casa. <\/p>\n<p>\nJueves: de Sanguijuelas a julia de arco\n<\/p>\n<p class=\"voc-p\" style=\"\">En la sala Milwaukee, otro de los escenarios cl\u00e1sicos de este festival, la artista chiclanera <strong>Musg\u00f6 <\/strong>toma el relevo de Anouk de Band, antes de que el festival se convierta en un &#8216;elige tu propia aventura&#8217;. All\u00ed, la paisana gaditana deleita al p\u00fablico con su arpa y una mezcla pegadiza de folclore y electr\u00f3nica. Pasa un minuto de las diez y Sanguijuelas del Guadiana se mete en harina. A m\u00e1s de uno lo pilla descolocado en el patio del &#8216;Castillito&#8217; y tiene que apretar el paso para no perderse los primeros instantes del concierto. Las primeras filas son para las banderas extreme\u00f1as. \u00abSoy de Extremadura y llegu\u00e9 aqu\u00ed en 2014\u00bb, comenta una mujer acompa\u00f1ada de sus ni\u00f1os en la primera fila. \u00ab<strong>Nunca pens\u00e9 que iba a poder ver a Sanguijuelas en el Puerto<\/strong>, en cuanto vi que ven\u00edan corr\u00ed a comprar la entrada\u00bb, relata. <\/p>\n<p class=\"voc-p\" style=\"\">La bodega est\u00e1 a reventar. Suenan con fuerza canciones como &#8216;100 Amapolas&#8217;, &#8216;Jaribe&#8217; o &#8216;Revol\u00e1&#8217;, incluso una versi\u00f3n de &#8216;Me quedar\u00e9&#8217;, de Estopa, que les viene como anillo al dedo (ya que el grupo catal\u00e1n es una de sus principales influencias). La banda cierra con &#8216;<strong>Llevadme a mi Extremadura<\/strong>&#8216; una hora de concierto que es mucho m\u00e1s que un show, es una de las muchas experiencias compartidas, esas peque\u00f1as perlas que se crean en el Monkey y que tienen que ver con la forma en la que se vive la m\u00fasica en este festival.<\/p>\n<p><img decoding=\"async\" loading=\"lazy\" src=\"https:\/\/www.europesays.com\/es\/wp-content\/uploads\/2025\/11\/winona-riders-monkey-week-kDx--760x427@diario_abc.jpg\" class=\"voc-img\" width=\"760\" height=\"427\" alt=\"Los argentinos Winona Riders en la bodega del Castillo de San Marcos.\" data-voc-vtm-id=\"in-text-traffic\"\/><\/p>\n<p>Los argentinos Winona Riders en la bodega del Castillo de San Marcos.<\/p>\n<p>E. M. M.<\/p>\n<p class=\"voc-p\" style=\"\">Entre las 22.00 h. y las 23.00 h. comienzan tambi\u00e9n los conciertos de <strong>J Battle<\/strong> (sala Padreo), de los portugueses <strong>Madness <\/strong>(en el Teatro Mu\u00f1oz Seca) y de <strong>Karmento <\/strong>en la Milwaukee, el relevo perfecto para ir entrando en calor, antes de ver a <strong>\u00c7antamarta <\/strong>o a los <strong>Winona Riders<\/strong>, dos de los nombres fuertes del jueves. \u00c7antamarta, con esa mezcla de estilos e influencias que van de la m\u00fasica tradicional a la electr\u00f3nica y los Winona Riders, con esa propuesta de rock argentino cl\u00e1sico y una puesta en escena arrolladora. El <strong>primer pogo del festival<\/strong>, de hecho, corre a cuenta de los argentinos, en una actuaci\u00f3n marcada por los riffs pesados del grupo y el hipn\u00f3tico trance con el que Gabriel Torres (percusi\u00f3n) intenta contagiar al p\u00fablico.<\/p>\n<p class=\"voc-p\" style=\"\">Por su parte, <strong>Calequi y las Panteras <\/strong>ponen ritmos latinos a la noche desde el Milwaukee mientras <strong>Mitsune <\/strong>ofrece una de esas rarezas propias de este festival, con una mezcla de folk japon\u00e9s que cabalga entre lo psicod\u00e9lico y el jazz y que tiene una fuerza esc\u00e9nica muy poderosa, tanto por los atuendos como por la actitud de la banda sobre las tablas. La sevillana <strong>julia de arco <\/strong>le pone la guinda a la noche del jueves desde el Castillo de San Marcos, con esa mezcla de punk y electr\u00f3nica que bebe directamente de los nuevos g\u00e9neros surgidos de la &#8216;m\u00fasica laptop&#8217;, donde el artista es a la vez int\u00e9rprete, productor, arreglista y DJ. Presentando su EP &#8216;RAAAH!&#8217; y \u00abponiendo fin a su ciclo\u00bb (seg\u00fan el propio festival en sus redes), la sevillana ofreci\u00f3 una de las actuaciones m\u00e1s interesante de la noche, en una jornada que termina con Ven&#8217;nus, Idiope, los portugueses The Flying Monkeys, Blaya y la sesi\u00f3n de Tiraya &amp; Patataonstereo en Padreo, bien entrada la madrugada.<\/p>\n<p>\nViernes: &#8216;Objetivo Cervatana&#8217;\n<\/p>\n<p class=\"voc-p\" style=\"\">El dilema en el Monkey es siempre el mismo: o quedarte hasta tarde para aprovechar el d\u00eda o irte pronto si tienes intenci\u00f3n de volver temprano en la pr\u00f3xima jornada. Luego est\u00e1n los que piensan que dormir es de cobardes. El viernes el Puerto amaneci\u00f3 con la certeza de que nadie quer\u00eda perderse la presentaci\u00f3n oficial de <strong>Cervatana <\/strong>\u2014la nueva banda de Miguelito Garc\u00eda y Jos\u00e9 Ug\u00eda (DMBK) junto al m\u00fasico multiinstrumentista Francisco S\u00e1nchez\u2014 que tendr\u00eda lugar a las 3.30 en el patio del Monasterio de la Victoria, pero con la duda de si la intensidad de la jornada (y el sue\u00f1o acumulado) iban a poder con las ganas.<\/p>\n<p class=\"voc-p\" style=\"\">Cada d\u00eda, el Monkey suma un nuevo escenario. En el caso del viernes, y del Monasterio, el Monkey contar\u00eda con tres nuevos enclaves para una sesi\u00f3n maratoniana de bandas. Comienza el d\u00eda con el primer tramo de la tarde para <strong>Pleito <\/strong>en Casa Coss\u00edo, la cantautora argentina <strong>Delfina <\/strong><strong>Campos <\/strong>en el Teatro, los franceses <strong>Moundrag <\/strong>en el Castillo y <strong>Las <\/strong><strong>Ni\u00f1as <\/strong><strong>del <\/strong><strong>Charli <\/strong>en el Milwaukee. El desfile de bandas no cesa, una tras otra, entre estos escenarios, protagonistas de la tarde del viernes: el uruguayo <strong>Gonzalo <\/strong><strong>Brancciari <\/strong>\u2014una de las apuestas m\u00e1s personales del Monkey\u2014, <strong>Lagoss<\/strong>, <strong>Bernarda<\/strong>, <strong>Dulzaro<\/strong>. Entre los nombres m\u00e1s sorprendentes, <strong>Los <\/strong><strong>Chivatos<\/strong>, que abr\u00edan la jornada en Padreo y que han sido una de esas bandas que han corrido de boca en boca con velocidad y que, durante el festival, han contado con m\u00e1s adeptos que p\u00fablico en el concierto. <\/p>\n<p><img decoding=\"async\" loading=\"lazy\" src=\"https:\/\/www.europesays.com\/es\/wp-content\/uploads\/2025\/11\/paco-pecado-monkey-week-kDx--760x427@diario_abc.jpg\" class=\"voc-img\" width=\"760\" height=\"427\" alt=\"El artista barcelon\u00e9s Paco Pecado.\" data-voc-vtm-id=\"in-text-traffic\"\/><\/p>\n<p>El artista barcelon\u00e9s Paco Pecado.<\/p>\n<p>E. M. Malpartida<\/p>\n<p class=\"voc-p\" style=\"\">Paralelamente, en Casa Coss\u00edo, el barcelon\u00e9s <strong>Paco <\/strong><strong>Pecado <\/strong>apuntalaba uno de los shows m\u00e1s ic\u00f3nicos del festival. A medio camino entre lo sentimental y lo par\u00f3dico, la performance y la canci\u00f3n de autor, Paco Pecado encandil\u00f3 a los asistentes \u2014donde se pod\u00edan contar varias filas de seguidores\u2014 con temas como la &#8216;Jaranera&#8217;, &#8216;Tango del clavel&#8217;, o &#8216;El club de la plaza&#8217;. \u00abSoy muy fan de las ferias y las bodegas y aqu\u00ed en el Puerto sois unos maestros de ambas, es un placer estar aqu\u00ed\u00bb, admit\u00eda el barcelon\u00e9s con intensidad desde el escenario, antes de presentar una de las canciones de la tarde: &#8216;Raffaella&#8217;, cuya actuaci\u00f3n requiri\u00f3 la ayuda de una de las mujeres del p\u00fablico quien, ya en escena, bail\u00f3 disfrazada junto al artista, emulando a Raffaella Carr\u00e1. As\u00ed, Pecado fue encauzando el final del concierto con &#8216;cachito de pastel&#8217;, cuya tonada tranquila y pausada no parec\u00eda anticipar el cierre del show, con Paco saliendo del escenario en volandas, sostenido por el p\u00fablico.<\/p>\n<p class=\"voc-p\" style=\"\">Mientras los holandeses <strong>Devon <\/strong><strong>Rexi <\/strong>se hac\u00edan con el escenario del Teatro Mu\u00f1oz Seca, <strong>Castazabal <\/strong>hac\u00eda lo propio con las bodegas del Castillo de San Marcos. En temas como &#8216;Penitencia&#8217; o &#8216;La Tara&#8217;, la artista demostraba su mano a la hora de hilvanar influencias, entre flamenco y m\u00fasica club, contando adem\u00e1s con la participaci\u00f3n de Bruno Jim\u00e9nez a la guitarra en la parte m\u00e1s intimista de su repertorio. Una voz con mucha personalidad y una fuerza folcl\u00f3rica (y esc\u00e9nica) que pon\u00eda uno de los acentos nacionales m\u00e1s interesantes a una tarde llena de referencias for\u00e1neas (como <strong>Marineros <\/strong>o <strong>Capitao <\/strong><strong>Fausto<\/strong>).<\/p>\n<p><img decoding=\"async\" loading=\"lazy\" src=\"https:\/\/www.europesays.com\/es\/wp-content\/uploads\/2025\/11\/castazabal-bruno-jimenez-kDx--760x427@diario_abc.jpg\" class=\"voc-img\" width=\"760\" height=\"427\" alt=\"Castazabal, a la izquierda, acompa\u00f1ada de Bruno Jim\u00e9nez, a la derecha.\" data-voc-vtm-id=\"in-text-traffic\"\/><\/p>\n<p>Castazabal, a la izquierda, acompa\u00f1ada de Bruno Jim\u00e9nez, a la derecha.<\/p>\n<p>E. M. M.<\/p>\n<p class=\"voc-p\" style=\"\">El Puerto ya era una selva de \u00abmonetes\u00bb a \u00faltima hora de la tarde. Se not\u00f3 la llegada de una nueva ola de asistentes, los que por trabajo o por movilidad no hab\u00edan podido sumarse hasta ahora al festival. <strong>Silitia, Vangoura, Ajou!, Sof\u00eda Gabanna<\/strong>\u2026 El festival cog\u00eda velocidad y llegaba al ecuador con la segunda tanda de Anouck The Band (esta vez en Padreo) y <strong>Euskoprincess <\/strong>inaugurando el escenario de J\u00e4germusic \u2014la pista de los coches de choque\u2014 en el Monasterio de la Victoria. Otro de esos nombres que junto a Musg\u00f6 o Los Chivatos, conformar\u00edan esa alineaci\u00f3n de bandas que, quiz\u00e1s por inesperados, atesoraron muchos de los asistentes como si de una medalla al m\u00e9rito se tratara.<\/p>\n<p class=\"voc-p\" style=\"\"><strong>Susobrino<\/strong>, <strong>Los Sara Fontan <\/strong>y <strong>L0rna <\/strong>compart\u00edan tramo con uno de los nombres que gravita con fuerza propia por el festival: <strong>La Tania<\/strong> llenaba el claustro del Monasterio con una actuaci\u00f3n llena de luz y color, con ese sello tan personal que mezcla tradici\u00f3n y vanguardia y que ya forma parte de una generaci\u00f3n de artistas dispuestos a mover los pilares de los estilos (que no las ra\u00edces) para derrumbar los prejuicios de p\u00fablico y cr\u00edtica. El instante m\u00e1s c\u00e1lido de la noche llega con el dolor hecho carne en la versi\u00f3n de &#8216;El Emigrante (La Tania en Par\u00eds)&#8217;, un tema que la artista se lleva a su terreno y que conecta directamente con el p\u00fablico que, [en su mayor\u00eda] en silencio, sigue la actuaci\u00f3n de La Tania entre la fascinaci\u00f3n y la sorpresa. <\/p>\n<p><img decoding=\"async\" loading=\"lazy\" src=\"https:\/\/www.europesays.com\/es\/wp-content\/uploads\/2025\/11\/la-tania-monkey-week-kDx--760x427@diario_abc.jpg\" class=\"voc-img\" width=\"760\" height=\"427\" alt=\"La Tania en la capilla del Monasterio de la Victoria.\" data-voc-vtm-id=\"in-text-traffic\"\/><\/p>\n<p>La Tania en la capilla del Monasterio de la Victoria.<\/p>\n<p>E. M. M.<\/p>\n<p class=\"voc-p\" style=\"\">Mientras la Milwaukee encauzaba la medianoche (y la madrugada) con <strong>Analog Roots<\/strong> y <strong>Pio Paradox &amp; Betty Miserias<\/strong>, en el Monasterio hab\u00eda que seguir gu\u00eda en mano para ir encadenando conciertos. Teresa I\u00f1esta comenzaba una larga noche al frente de <strong>Aiko El Grupo <\/strong>en la pista, firmando uno de los directos m\u00e1s redondos del festival, solamente igualado por su otro grupo, <strong>Repion<\/strong>, casi un par de horas m\u00e1s tarde. Poco despu\u00e9s, una gran afluencia de p\u00fablico se congregaba frente al escenario de La Paloma, con una nada desde\u00f1able cantidad de fans en las primeras filas. <\/p>\n<p class=\"voc-p\" style=\"\">\u00abSe les escucha poco las voces\u00bb, dice alguien tras el concierto. \u00abEs que est\u00e1n teniendo alg\u00fan problema con los t\u00e9cnicos\u00bb, comentan. Aunque, si bien es cierto, este tipo de incidencias son las menos. Pruebas de sonido veloces, en muchos casos minutos antes de tocar, cambios de set y de instrumentos milim\u00e9tricamente coordinados para que una banda deje paso a otras y, a\u00fan as\u00ed, el balance es m\u00e1s que positivo: es imposible alcanzar la perfecci\u00f3n cuando el cartel es tan ambicioso. <\/p>\n<p class=\"voc-p\" style=\"\">Con la medianoche llega tambi\u00e9n la hora cr\u00edtica (y g\u00e9lida, por la temperatura) de la jornada: el p\u00fablico se divide entre los fren\u00e9ticos <strong>KU!<\/strong>, que a estas horas ya se han adue\u00f1ado del estado an\u00edmico de la pista, y entre quienes optan por la propuesta ecl\u00e9ctica de<strong> Trist\u00e1n! &amp; The Jazz Band Air <\/strong>(del colectivo Rusia IDK), un directo constru\u00eddo desde la artesan\u00eda mel\u00f3dica que se va moldeando entre sintetizadores e instrumentos de cuerda y que supon\u00eda una de las citas m\u00e1s esperadas del festival. La ac\u00fastica de la capilla del Monasterio, sin embargo, dejaba algunas notas grises por colorear, nada importante ni que pudiera empa\u00f1ar la noche en modo alguno, pero que s\u00ed hac\u00eda que la experiencia fuera distinta seg\u00fan el lugar desde el que se oyera.<\/p>\n<p class=\"voc-p\" style=\"\">El fr\u00edo ya era inevitable entrada la noche. Las temperaturas m\u00ednimas se apoderaban de los pies y de las manos y en una zona como la del Monasterio eso supon\u00eda tomar algunas decisiones: hab\u00eda quien abandonaba, qui\u00e9n se iba para volver \u2014recuerden, &#8216;objetivo Cervatana&#8217;\u2014, y quienes aguantaban lo que hiciera falta para no perderse nada (siempre se puede entrar en calor en un pogo en <strong>Ortiga<\/strong>, otro de los nombres m\u00e1s luminosos de la noche).<\/p>\n<p class=\"voc-p\" style=\"\">El concierto de Repion \u2014que ven\u00eda de presentar disco (&#8216;201&#8217;) esa misma noche\u2014 fue, sin duda, otro de esos momentos valiosos que deber\u00edamos preservar en la memoria del Monkey. El grupo catal\u00e1n, formado por las hermanas Marina y Teresa I\u00f1esta ( acompa\u00f1adas de Iris Banegas al bajo), ofreci\u00f3 un poderos\u00edsimo directo en la noche del viernes. Empezaron el show introduciendo en la primera mitad tres canciones de su nuevo disco: &#8216;Otro d\u00eda ser\u00e1&#8217;, &#8216;El sue\u00f1o dura una semana&#8217; y &#8216;X&#8217;, adem\u00e1s de &#8216;Pronto&#8217; y &#8216;Qu\u00e9 hay de ti&#8217;, todas ellas coreadas por gran parte del p\u00fablico. Una vez pisado el acelerador, la tralla solo pod\u00eda ir en aumento: &#8216;Viernes&#8217;, &#8216;El d\u00eda no me da&#8217; y la aplastante fortaleza sonora de &#8216;Brillante&#8217; encauzan la segunda mitad de un concierto que se iba a antojar muy breve. Con &#8216;Barrio Somavilla&#8217;, el grupo cierra un maravilloso directo, a pesar del fr\u00edo y de las horas.<\/p>\n<p><img decoding=\"async\" loading=\"lazy\" src=\"https:\/\/www.europesays.com\/es\/wp-content\/uploads\/2025\/11\/repion-monkey-week-kDx--760x427@diario_abc.jpg\" class=\"voc-img\" width=\"760\" height=\"427\" alt=\"Repion, durante su actuaci\u00f3n en la pista del Monkey Week.\" data-voc-vtm-id=\"in-text-traffic\"\/><\/p>\n<p>Repion, durante su actuaci\u00f3n en la pista del Monkey Week.<\/p>\n<p>E M. M.<\/p>\n<p class=\"voc-p\" style=\"\">Tras <strong>Throes + The Shine<\/strong>, todav\u00eda hab\u00eda una gran masa de gente aguantando el fr\u00edo de la noche en el Monasterio, esperando al ecl\u00e9ctico <strong>Joe <\/strong><strong>Crep\u00fasculo <\/strong>y a la m\u00fasica urgente y pegadiza de <strong>Cupido<\/strong>, dos cabezas de cartel que se disputaban generacionalmente el p\u00fablico a unas horas en las que ya pesaba sobre los cuerpos la duda de llegar a Cervatana. A las tres de la ma\u00f1ana, <strong>Dalila <\/strong>sub\u00eda las revoluciones, obligando a la gente a entrar en calor con un ritmo fren\u00e9tico e ineludible. Incre\u00edble, pero cierto, un ej\u00e9rcito de valientes segu\u00eda en pie a las 3.30h en el Monasterio apelotonado frente al escenario del claustro, esperando uno de los shows que m\u00e1s expectativas ha generado (y cumplido) el festival: la presentaci\u00f3n oficial de <strong>Cervatana<\/strong>.<\/p>\n<p class=\"voc-p\" style=\"\">Jos\u00e9 Ug\u00eda a la mesa y sintes, Francisco S\u00e1nchez a la guitarra el\u00e9ctrica y la sorprendente aparici\u00f3n de Miguelito Garc\u00eda al bajo: el tr\u00edo empez\u00f3 a crear una atm\u00f3sfera envolvente que hizo al p\u00fablico olvidarse del fr\u00edo, de las horas y del lugar. Algo muy dif\u00edcil de conseguir y que no est\u00e1 al alcance de muchos, generar ese magnetismo que fluct\u00faa entre lo m\u00e1gico y lo misterioso y que atrapa tu atenci\u00f3n instant\u00e1neamente. <\/p>\n<p><img decoding=\"async\" loading=\"lazy\" src=\"https:\/\/www.europesays.com\/es\/wp-content\/uploads\/2025\/11\/cervatana-monkey-week-kDx--760x427@diario_abc.jpg\" class=\"voc-img\" width=\"760\" height=\"427\" alt=\"Miguelito Garc\u00eda, durante la actuaci\u00f3n de Cervatana en el Monkey Week.\" data-voc-vtm-id=\"in-text-traffic\"\/><\/p>\n<p>Miguelito Garc\u00eda, durante la actuaci\u00f3n de Cervatana en el Monkey Week.<\/p>\n<p>Javier Rosa<\/p>\n<p class=\"voc-p\" style=\"\">45 minutos de show donde brillaron, ante todo, ese petardazo de &#8216;Cap. IV. La Bomba&#8217;, coreada y cantada por todos los presentes, pero tambi\u00e9n la coreograf\u00eda de <strong>Elena <\/strong><strong>Gog<\/strong>, cuya excepcional presencia esc\u00e9nica ser\u00e1 esencial en los futuros directos del grupo. No es la primera vez, para los dos derbys de esta nueva formaci\u00f3n al menos, que presentan una banda en un Monkey Week, y tampoco es la primera vez que el proyecto cae de pie y con tanta pegada entre el p\u00fablico. Dos de dos: habr\u00e1 que seguirles la pista, pronto habr\u00e1 noticias.<\/p>\n<p class=\"voc-p\" style=\"\">La noche acababa alto, muy alto, tanto que a\u00fan hubo quien sali\u00f3 del Monasterio pensando: \u00ab\u00bfY ahora qu\u00e9 hago yo con este viaje que me acabo de llevar en el cuerpo?\u00bb, pero el sue\u00f1o tambi\u00e9n es alto, muy alto, y el fr\u00edo a\u00fan m\u00e1s: y a\u00fan quedaba una segunda jornada, larga y extensa (horizontal y verticalmente hablando) para despedir la vuelta del Monkey al Puerto.<\/p>\n<p>\nEl s\u00e1bado es para la Plaza Alfonso X El Sabio\n<\/p>\n<p class=\"voc-p\" style=\"\">La gu\u00eda del festival, el <strong>libreto <\/strong>que reparte el Monkey entre sus asistentes con informaci\u00f3n de todos los eventos, artistas, fiestas y conciertos, es casi un libro sagrado durante estos d\u00edas. Muchos hacen cuentas, calculan cu\u00e1nto deber\u00edan tardar en comer o cenar para no perderse a unos u otros. No se puede sobrevivir al Monkey sin \u00e9l, pero para sobrevivir a \u00e9l hay que ser fuertes y no ceder ante el FOMO (\u00abmiedo a perderse algo\u00bb).<\/p>\n<p class=\"voc-p\" style=\"\">Los \u00abmonetes\u00bb m\u00e1s madrugadores ya poblaban <strong>la batalla de bandas <\/strong>de Radio 3 a eso de las 12 del mediod\u00eda. La Plaza Alfonso X El Sabio, enclave importante para el s\u00e1bado de Monkey, volv\u00eda a relucir con un programa repleto de conciertos gratuitos. Una de esas bondades que siempre ha rodeado al Monkey y que con la vuelta al Puerto ha vuelto a encontrar su raz\u00f3n de ser: hacer part\u00edcipe a toda la poblaci\u00f3n, a las instituciones, a los bares, a los propios portuenses. <\/p>\n<p><img decoding=\"async\" loading=\"lazy\" src=\"https:\/\/www.europesays.com\/es\/wp-content\/uploads\/2025\/11\/musgo-batalla-bandas-kDx--760x427@diario_abc.jpg\" class=\"voc-img\" width=\"760\" height=\"427\" alt=\"Musg\u00f6 en la batalla de bandas de Radio 3.\" data-voc-vtm-id=\"in-text-traffic\"\/><\/p>\n<p>Musg\u00f6 en la batalla de bandas de Radio 3.<\/p>\n<p>E. m. m.<\/p>\n<p class=\"voc-p\" style=\"\">Las Ashleys, Dean Joanne, Paco Pecado, Musg\u00f6: sobre el escenario de la plaza desfilaban artistas sin cesar, algunos tocaban un par de canciones, otros solo una, como el caso de Repion o de Aiko El Grupo: \u00abSinceramente, estamos destrozadas, muy cansadas, pero <strong>muy felices de formar parte del Monkey<\/strong>\u00bb, confesaba Teresa en los micr\u00f3fonos de Radio 3. <\/p>\n<p class=\"voc-p\" style=\"\">Tras la batalla de bandas, la tarde empezaba pronto en Casa Coss\u00edo con los sevillanos <strong>Helic\u00f3ptero <\/strong><strong>Boom <\/strong>presentando su primer \u00e1lbum (y algunas canciones extra), &#8216;ALBOOM&#8217;. Esta jovenc\u00edsima formaci\u00f3n, compuesta por Mario Vega, Julia Valero (julia de arco), Berta Acosta, Marcos Amodeo y Adriano Hern\u00e1n, tiene un directo lleno de garra punk y un toque dada\u00edsta muy propio de su generaci\u00f3n. Garage, noise, pop: la contundencia de temas como &#8216;Pez&#8217;, &#8216;ese m\u00e1gico lugar&#8217; o &#8216;marcos del IKEA&#8217; congregaron a su alrededor a un p\u00fablico entregado y variopinto (entre los que se encontraba el propio ex alcalde de Sevilla, Antonio Mu\u00f1oz). Un directo donde hubo tambi\u00e9n espacio para el pogo, iniciado por el propio Mario Vega y que termin\u00f3, como buen pogo que se precie, con alg\u00fan que otro culo por el suelo.<\/p>\n<p><img decoding=\"async\" loading=\"lazy\" src=\"https:\/\/www.europesays.com\/es\/wp-content\/uploads\/2025\/11\/julia-helicoptero-boom-kDx--760x427@diario_abc.jpg\" class=\"voc-img\" width=\"760\" height=\"427\" alt=\"Helic\u00f3ptero Boom en el Monkey Week.\" data-voc-vtm-id=\"in-text-traffic\"\/><\/p>\n<p>Helic\u00f3ptero Boom en el Monkey Week.<\/p>\n<p>E. M. M.<\/p>\n<p class=\"voc-p\" style=\"\">El grupo <strong>Por <\/strong><strong>Las <\/strong><strong>Noches <\/strong>tomaba el relevo en Coss\u00edo, mientras Salvana estrenaba el escenario de la Plaza. El d\u00eda segu\u00eda su rumbo: <strong>Tristicis, Bariri, Erin Memento, G La Sosita, The Parody<\/strong>\u2026 la tarde se hac\u00eda amplia, enorme, variada, el Puerto era puro jolgorio y alegr\u00eda, a pesar del relente y las manos fr\u00edas. El momento central y otro de los m\u00e1s memorables recuerdos que nos deja este Monkey fue para <strong>Maximiliano <\/strong><strong>Calvo <\/strong>en la Plaza. El compositor argentino dej\u00f3 su impronta en este festival con una presencia esc\u00e9nica huracanada, un constante ir y venir, bailar, saltar, entre guitarras y teclados, que dej\u00f3 mucho m\u00e1s que unas fotos ic\u00f3nicas: un directo para recordar.<\/p>\n<p class=\"voc-p\" style=\"\">\u00abNo me esperaba esto para nada, me est\u00e1 encantando\u00bb, reconoce un tipo entre las primeras filas. All\u00ed, un grupo de se\u00f1oras se lleva la experiencia del d\u00eda: un bailoteo semi-pogo junto a Maximiliano, que se lanza desde el escenario en modo turbo revolucionado. &#8216;Ok para el amor&#8217;, &#8216;A\u00f1os 70&#8217; y la coreada &#8216;FENGSHUI&#8217; conquistan a \u00abmonetes\u00bb y paseantes. Un par de \u00abmonstruos\u00bb toman el escenario, casi al final de la actuaci\u00f3n, para presentar su tema reci\u00e9n publicado: &#8216;Full HD&#8217;. <\/p>\n<p><img decoding=\"async\" loading=\"lazy\" src=\"https:\/\/www.europesays.com\/es\/wp-content\/uploads\/2025\/11\/maximiliano-calvo-monkey-week-kDx--760x427@diario_abc.JPG\" class=\"voc-img\" width=\"760\" height=\"427\" alt=\"Maximiliano Calvo en el Monkey Week.\" data-voc-vtm-id=\"in-text-traffic\"\/><\/p>\n<p>Maximiliano Calvo en el Monkey Week.<\/p>\n<p>E. M. M.<\/p>\n<p class=\"voc-p\" style=\"\">\u00abHe decidido hacer una banda con esos monstruos que me acompa\u00f1an y con los que tengo que convivir\u00bb, dice Maximiliano, haciendo de ese estilo \u00fanico y divertido una f\u00f3rmula ganadora para hacerse con los corazones de portuenses y for\u00e1neos. La tarde sigue con <strong>Estrella <\/strong><strong>Fugaz<\/strong>, el pop-rock afilado de <strong>RATA <\/strong>y la propuesta punk de <strong>Sin <\/strong><strong>Bragas<\/strong>, adem\u00e1s de <strong>Diamante <\/strong><strong>Negro<\/strong>, <strong>Rizha <\/strong>y la seguna tanda de KU! (esta vez, en Padreo). Puntos aparte para Juventude en la Plaza, <strong>Memocracia <\/strong>en el teatro y <strong>Drupe <\/strong>en el Milwaukee. Actuaciones que, acerc\u00e1ndose ya la noche, consegu\u00edan mantener al p\u00fablico alejados del fr\u00edo entre brincos y bailoteos. Al poco, los sevillanos <strong>Juventude <\/strong>presentaron algunas de las canciones de su primer disco hom\u00f3nimo en una plaza abarrotada de gente. <\/p>\n<p><img decoding=\"async\" loading=\"lazy\" src=\"https:\/\/www.europesays.com\/es\/wp-content\/uploads\/2025\/11\/juventude-monkey-week-kDx--760x427@diario_abc.jpg\" class=\"voc-img\" width=\"760\" height=\"427\" alt=\"Juventude en el escenario de la Plaza Alfonso X.\" data-voc-vtm-id=\"in-text-traffic\"\/><\/p>\n<p>Juventude en el escenario de la Plaza Alfonso X.<\/p>\n<p>E. M. M.<\/p>\n<p class=\"voc-p\" style=\"\">Su magn\u00e9tico \u00abpop surrealista para la pe\u00f1a de la pista\u00bb, con su alocado e imponente directo entre m\u00e1scaras y bailes, fue otro de los flechazos de la noche \u2014y ya iban unos cuantos, pero el coraz\u00f3n del Monkey es mel\u00f3dicamente poliamoroso\u2014. Temas como &#8216;Reina de mis males&#8217;, &#8216;Dicen de ti&#8217; o &#8216;Morir en primavera&#8217;, sin olvidarnos de su rumba-villancico &#8216;La Motillo&#8217;, levantaron las palmas entre el p\u00fablico en m\u00e1s de una ocasi\u00f3n que, si bien no era carne de pogo \u2014entre ni\u00f1os y personas mayores en las primeras filas\u2014, dej\u00f3 un sabor de boca pocas veces igualado en el festival.<\/p>\n<p class=\"voc-p\" style=\"\">Nada que envidiar los directos en la Plaza de las ochenteras <strong>Dear <\/strong><strong>Joanne<\/strong>, ni del desenfreno de las guitarras agitadas de <strong>Ashleys<\/strong>, dos de las maravillosas sorpresas que nos ha dejado este Monkey. <strong>Dharmacide <\/strong>y <strong>Carmen <\/strong><strong>Lancho <\/strong>abr\u00edan la g\u00e9lida noche en el Monasterio, con <strong>Jard\u00edn <\/strong>y <strong>TOC <\/strong>en Casa Coss\u00edo y el Milwaukee, respectivamente. La gente hac\u00eda cola en los puestos de hamburguesas y perritos calientes, echando gasolina al cuerpo para aguantar lo que quedaba de noche, que no era poco: <strong>Frente Abierto con Lela Soto y Sebasti\u00e1n Cruz<\/strong> se hac\u00edan con el p\u00fablico de casa Coss\u00edo con su mezcla de rock y flamenco, mientras los franceses de La Valentina tomaban la pista y Vera Fauna se sub\u00eda al escenario del claustro en el Monasterio.<\/p>\n<p class=\"voc-p\" style=\"\">Por un lado, el grupo de fusi\u00f3n Frente Abierto, que acaba de sacar disco recientemente (&#8216;Guerra a todo eso&#8217;), marcaba otro de los puntos m\u00e1s altos del festival, en una actuaci\u00f3n en la que contaron con <strong>Miguelito <\/strong><strong>Garc\u00eda <\/strong>como artista invitado. Una fiesta de altura con un grupo que ha venido a demostrar que todav\u00eda hay mucho que construir desde los m\u00e1rgenes de la fusi\u00f3n y que en materia de estilos todo est\u00e1 inventado, pero que desde el respeto a la ra\u00edz a\u00fan hay espacio para la originalidad.<\/p>\n<p class=\"voc-p\" style=\"\">Por su parte, la banda sevillana <strong>Vera <\/strong><strong>Fauna<\/strong>, todav\u00eda de gira con su \u00faltimo disco (&#8216;Dime d\u00f3nde estamos&#8217;), demostr\u00f3 que este renacer no les ha tra\u00eddo solo nuevos miembros al grupo, sino tambi\u00e9n nuevas sonoridades con las que han expandido los caminos de su m\u00fasica. El suyo es uno de los discos m\u00e1s importantes de este a\u00f1o y deja en el repertorio del grupo, y en la escena, un pu\u00f1ado de canciones redondas, pegadizas y bailables \u2014es decir, perfectas\u2014, coreadas y aplaudidas entre el p\u00fablico del Monkey: &#8216;No me digas la verdad&#8217;, &#8216;Los grillos&#8217;, &#8216;Sale el sol&#8217;. <\/p>\n<p><img decoding=\"async\" loading=\"lazy\" src=\"https:\/\/www.europesays.com\/es\/wp-content\/uploads\/2025\/11\/space-surimi-monkey-week-kDx--760x427@diario_abc.jpg\" class=\"voc-img\" width=\"760\" height=\"427\" alt=\"Space Surimi, en un momento de su actuaci\u00f3n en el Monkey Week.\" data-voc-vtm-id=\"in-text-traffic\"\/><\/p>\n<p>Space Surimi, en un momento de su actuaci\u00f3n en el Monkey Week.<\/p>\n<p>E. M. M.<\/p>\n<p class=\"voc-p\" style=\"\">A eso de las once de la noche en la Plaza Alfonso X El Sabio se produce otro de los momentos m\u00e1s esperados de esta edici\u00f3n del festival: la actuaci\u00f3n de <strong>Space <\/strong><strong>Surimi <\/strong>ante una plaza a rebosar de gente. La dupla jerezana \u2014con ocho discos a sus espaldas\u2014 atraviesa uno de los momentos m\u00e1s dulces de carrera, entre cr\u00edtica y p\u00fablico, haciendo de su estilo disfrut\u00f3n y bailable un espect\u00e1culo que genera, ante todo, una instant\u00e1nea comuni\u00f3n entre el p\u00fablico: da igual la edad, la m\u00fasica que te guste, si los conoces o no, Space Surimi te va a hacer re\u00edr, te va a hacer bailar y, sobre todo, te va a hacer pedirle al camarero que te ponga un \u00abbogavante como la pinza del Dr. Zoidberg\u00bb. <\/p>\n<p class=\"voc-p\" style=\"\">Tremendamente inflamables, los jerezanos extraditaron al fr\u00edo portuense a las afueras de la plaza, adonde ya no llegaba la masa de gente, con temas como &#8216;Chicharrones VS 909&#8217;, &#8216;Agua de Coco&#8217;, &#8216;Maracas &amp; Maruca&#8217; o &#8216;Tomando en Conil&#8217;. Podr\u00eda parecer algo desangelada la estampa: dos personas en un escenario enorme, lanzando beats y barras, pero la presencia esc\u00e9nica de <strong>Eddie <\/strong><strong>Coopermen <\/strong>y el buen hacer de <strong>Carlboro <\/strong>en el set lo copaban todo: no dejaban espacio al despiste o la distracci\u00f3n, verso tras verso se hicieron con la plaza, que a sabiendas de los temas o no, coreaban junto a la dupla cada una de las canciones.<\/p>\n<p class=\"voc-p\" style=\"\">El Monkey cerraba su noche buscando huir del fr\u00edo entre ritmos acelerados y el\u00e9ctricos, primero con el club de baile del Milwaukee a cargo de <strong>SEDJAT <\/strong>y <strong>MODEM956<\/strong>, y despu\u00e9s con la noche propuesta en el Monasterio que, de nuevo, atravesaba su faceta m\u00e1s internacional con <strong>Sunflowers <\/strong>(Portugal), <strong>Destroyer <\/strong>(Canad\u00e1), <strong>Teo <\/strong><strong>Planell <\/strong>y <strong>Nusar3000<\/strong>, adem\u00e1s del punk de <strong>Taqbir <\/strong>(Marruecos) y de <strong>Silvie<\/strong>&#8216;<strong>s <\/strong><strong>Head <\/strong>(Suecia), y del ritmo de <strong>Gondomar <\/strong><strong>800 <\/strong>(Portugal), con el broche final \u2014ya de madrugada\u2014 a cargo de <strong>Sistema de Entretenimiento<\/strong> y <strong>Dame <\/strong><strong>\u00c1rea<\/strong>.<\/p>\n<p class=\"voc-p\" style=\"\">Finaliza as\u00ed, no solo la 17\u00aa edici\u00f3n del Monkey Week, sino el regreso del festival a su casa. Volver puede parecer mala idea (no son pocos los que se han llevado las manos a la cabeza, augurando las peores consecuencias de esta decisi\u00f3n), pero no lo es en ninguna de las ocasiones cuando esto supone volver al lugar donde eres feliz. El Monkey ha existido fuera de El Puerto, una etapa que sin duda ha disfrutado y aprovechado, pero no hay nada comparable a esas sinergias que se crean al vibrar en la misma frecuencia que tu comunidad. Lo han clavado los Sanguijuelas: no todos tienen la suerte de vivir donde nacen. El Monkey Week SON Estrella Galicia ha elegido ser feliz. Eso s\u00ed, en casa. <\/p>\n<p>Reportar un error<\/p>\n","protected":false},"excerpt":{"rendered":"Cuando uno quiere vuelve es porque nunca se ha ido del todo. Como tantos otros portuenses antes que&hellip;\n","protected":false},"author":2,"featured_media":252778,"comment_status":"","ping_status":"","sticky":false,"template":"","format":"standard","meta":{"footnotes":""},"categories":[91],"tags":[146,147,25,24,14267,6664,816,2676,63891,63890,23,11057,1284,739,62336],"class_list":{"0":"post-252777","1":"post","2":"type-post","3":"status-publish","4":"format-standard","5":"has-post-thumbnail","7":"category-entretenimiento","8":"tag-entertainment","9":"tag-entretenimiento","10":"tag-es","11":"tag-espana","12":"tag-estrella","13":"tag-feliz","14":"tag-galicia","15":"tag-lugar","16":"tag-monkey","17":"tag-naces","18":"tag-spain","19":"tag-suerte","20":"tag-vivir","21":"tag-vuelve","22":"tag-week"},"share_on_mastodon":{"url":"https:\/\/pubeurope.com\/@es\/115603527604215897","error":""},"_links":{"self":[{"href":"https:\/\/www.europesays.com\/es\/wp-json\/wp\/v2\/posts\/252777","targetHints":{"allow":["GET"]}}],"collection":[{"href":"https:\/\/www.europesays.com\/es\/wp-json\/wp\/v2\/posts"}],"about":[{"href":"https:\/\/www.europesays.com\/es\/wp-json\/wp\/v2\/types\/post"}],"author":[{"embeddable":true,"href":"https:\/\/www.europesays.com\/es\/wp-json\/wp\/v2\/users\/2"}],"replies":[{"embeddable":true,"href":"https:\/\/www.europesays.com\/es\/wp-json\/wp\/v2\/comments?post=252777"}],"version-history":[{"count":0,"href":"https:\/\/www.europesays.com\/es\/wp-json\/wp\/v2\/posts\/252777\/revisions"}],"wp:featuredmedia":[{"embeddable":true,"href":"https:\/\/www.europesays.com\/es\/wp-json\/wp\/v2\/media\/252778"}],"wp:attachment":[{"href":"https:\/\/www.europesays.com\/es\/wp-json\/wp\/v2\/media?parent=252777"}],"wp:term":[{"taxonomy":"category","embeddable":true,"href":"https:\/\/www.europesays.com\/es\/wp-json\/wp\/v2\/categories?post=252777"},{"taxonomy":"post_tag","embeddable":true,"href":"https:\/\/www.europesays.com\/es\/wp-json\/wp\/v2\/tags?post=252777"}],"curies":[{"name":"wp","href":"https:\/\/api.w.org\/{rel}","templated":true}]}}