{"id":252782,"date":"2025-11-24T07:38:10","date_gmt":"2025-11-24T07:38:10","guid":{"rendered":"https:\/\/www.europesays.com\/es\/252782\/"},"modified":"2025-11-24T07:38:10","modified_gmt":"2025-11-24T07:38:10","slug":"estados-unidos-declara-al-cartel-de-los-soles-como-grupo-terrorista-liderado-por-maduro","status":"publish","type":"post","link":"https:\/\/www.europesays.com\/es\/252782\/","title":{"rendered":"Estados Unidos declara al C\u00e1rtel de los Soles como grupo terrorista liderado por Maduro"},"content":{"rendered":"<p class=\"L6-news-detail__text\">El Departamento de Estado de Estados Unidos designar\u00e1 a partir de este lunes al <b>C\u00e1rtel de los Soles<\/b>, organizaci\u00f3n de la que se conoce muy poco y que Washington vincula a la c\u00fapula del Ej\u00e9rcito y el Gobierno venezolano, como <b>grupo terrorista extranjero<\/b> (FTO), en un momento marcado por el incremento de la estrategia de presi\u00f3n de la Casa Blanca sobre el Ejecutivo de Nicol\u00e1s Maduro.<\/p>\n<p class=\"L6-news-detail__text\">El secretario de Estado estadounidense, <b>Marco Rubio<\/b>, ya anunci\u00f3 el pasado 16 de noviembre que, seg\u00fan el Gobierno de Donald Trump, \u00ab<b>existe una base f\u00e1ctica suficiente<\/b>\u00bb que demuestra que el C\u00e1rtel de los Soles <b><a title=\"cumple con las condiciones\" href=\"https:\/\/www.lasexta.com\/noticias\/internacional\/eeuu-senala-nicolas-maduro-como-lider-cartel-soles-ficha-fugitivo-organizacion-leyenda_2025090368b88e4d436dd03dd148abdf.html\" target=\"_blank\" rel=\"nofollow noopener\">cumple con las condiciones<\/a><\/b> descritas en la ley de inmigraci\u00f3n y nacionalidad que regula la designaci\u00f3n de FTOs.<\/p>\n<p class=\"L6-news-detail__text\">Esa norma establece que una FTO debe ser un grupo extranjero que participe \u00aben <b>actividades terroristas o terrorismo<\/b>\u00bb y que debe \u00abamenazar la seguridad de los ciudadanos estadounidenses o la seguridad nacional de Estados Unidos\u00bb, lo que incluye los \u00e1mbitos de defensa, relaciones exteriores o intereses econ\u00f3micos.<\/p>\n<p class=\"L6-news-detail__text\">Esta decisi\u00f3n sucede despu\u00e9s de que el Departamento del Tesoro de EEUU ya catalogara en julio al C\u00e1rtel de los Soles como un grupo terrorista global especialmente designado (SDGT), aunque el Gobierno venezolano asever\u00f3 entonces que esta organizaci\u00f3n <b>es un \u00abinvento\u00bb de Estados Unidos<\/b>. Rubio considera que el C\u00e1rtel de los Soles, y otros FTO designados, como el Tren de Aragua y el C\u00e1rtel de Sinaloa son responsables de la violencia terrorista en el hemisferio americano, as\u00ed como de traficar drogas hacia Estados Unidos y Europa.<\/p>\n<p>Una organizaci\u00f3n liderada por Maduro y Cabello, seg\u00fan EEUU<\/p>\n<p class=\"L6-news-detail__text\">Aunque las autoridades estadounidenses aseguran que el C\u00e1rtel de los Soles (nombre que supuestamente procede de las insignias que lucen los generales) es un grupo integrado principalmente por militares venezolanos desde los a\u00f1os noventa del siglo XX, las averiguaciones de la Administraci\u00f3n de Control de Drogas (DEA) no se oficializaron hasta marzo de 2020, durante el primer mandato de Trump. Fue entonces cuando el Departamento de Justicia reconoci\u00f3 formalmente la existencia de este grupo que asegura encabezan el presidente venezolano, <b>Nicol\u00e1s Maduro<\/b>, y su titular de Interior, <b>Diosdado Cabello<\/b>.<\/p>\n<p class=\"L6-news-detail__text\">La designaci\u00f3n del c\u00e1rtel como FTO coincide con la intensificaci\u00f3n de la estrategia de presi\u00f3n de Trump sobre Maduro a trav\u00e9s de un <b><a title=\"creciente despliegue militar en el sur del mar Caribe\" href=\"https:\/\/www.lasexta.com\/noticias\/internacional\/iberia-cancela-sus-vuelos-comerciales-venezuela-despues-aviso-eeuu-aerolineas-que-sobrevuelen-pais_20251122692213798080bd5ad620712f.html\" target=\"_blank\" rel=\"nofollow noopener\">creciente despliegue militar en el sur del mar Caribe<\/a><\/b>, con el que la Casa Blanca dice que busca combatir el narcotr\u00e1fico, lo que ha supuesto la destrucci\u00f3n sumaria de en torno a una veintena -de lo que Washington asegura son- narcolanchas y la muerte de 83 de sus ocupantes.<\/p>\n<p class=\"L6-news-detail__text\"><b><a title=\"*Sigue a laSexta en Google. Toda la actualidad y el mejor contenido aqu\u00ed.\" href=\"https:\/\/profile.google.com\/cp\/CgkvbS8wZG5xejA\" target=\"_blank\" rel=\"nofollow noopener\">*Sigue a laSexta en Google. Toda la actualidad y el mejor contenido aqu\u00ed.<\/a><\/b><\/p>\n<p class=\"L6-support-news-video__title\">Primer bombardeo en meses<\/p>\n<p>            <a href=\"https:\/\/www.lasexta.com\/noticias\/internacional\/menos-cinco-muertos-28-heridos-ataque-israeli-suburbios-beirut_2025112369233cb4df41134465e64438.html\" class=\"L6-news__link\" rel=\"nofollow noopener\" target=\"_blank\"><br \/>\n                Al menos cinco muertos y 28 heridos en un ataque israel\u00ed en los suburbios de Beirut<\/p>\n<p class=\"recirculation-video-desc\">Los detalles El primer ministro de Israel, Benjamin Netanyahu, ha confirmado que el objetivo era el &#8216;n\u00famero dos&#8217; de Hizbul\u00e1, su jefe del Estado Mayor, Haizam Al\u00ed Tabatabai. Los israel\u00edes han anunciado que ha muerto en la ofensiva.<\/p>\n<p>            <\/a><\/p>\n","protected":false},"excerpt":{"rendered":"El Departamento de Estado de Estados Unidos designar\u00e1 a partir de este lunes al C\u00e1rtel de los Soles,&hellip;\n","protected":false},"author":2,"featured_media":252783,"comment_status":"","ping_status":"","sticky":false,"template":"","format":"standard","meta":{"footnotes":""},"categories":[42],"tags":[17,18,13,14,11,61,62,63,64,19,20,9,10,15,16,12,21,22,65,66,67],"class_list":{"0":"post-252782","1":"post","2":"type-post","3":"status-publish","4":"format-standard","5":"has-post-thumbnail","7":"category-internacional","8":"tag-breaking-news","9":"tag-breakingnews","10":"tag-featured-news","11":"tag-featurednews","12":"tag-headlines","13":"tag-internacional","14":"tag-international","15":"tag-international-news","16":"tag-internationalnews","17":"tag-latest-news","18":"tag-latestnews","19":"tag-news","20":"tag-noticias","21":"tag-noticias-destacadas","22":"tag-noticiasdestacadas","23":"tag-titulares","24":"tag-ultimas-noticias","25":"tag-ultimasnoticias","26":"tag-world","27":"tag-world-news","28":"tag-worldnews"},"share_on_mastodon":{"url":"https:\/\/pubeurope.com\/@es\/115603538172699677","error":""},"_links":{"self":[{"href":"https:\/\/www.europesays.com\/es\/wp-json\/wp\/v2\/posts\/252782","targetHints":{"allow":["GET"]}}],"collection":[{"href":"https:\/\/www.europesays.com\/es\/wp-json\/wp\/v2\/posts"}],"about":[{"href":"https:\/\/www.europesays.com\/es\/wp-json\/wp\/v2\/types\/post"}],"author":[{"embeddable":true,"href":"https:\/\/www.europesays.com\/es\/wp-json\/wp\/v2\/users\/2"}],"replies":[{"embeddable":true,"href":"https:\/\/www.europesays.com\/es\/wp-json\/wp\/v2\/comments?post=252782"}],"version-history":[{"count":0,"href":"https:\/\/www.europesays.com\/es\/wp-json\/wp\/v2\/posts\/252782\/revisions"}],"wp:featuredmedia":[{"embeddable":true,"href":"https:\/\/www.europesays.com\/es\/wp-json\/wp\/v2\/media\/252783"}],"wp:attachment":[{"href":"https:\/\/www.europesays.com\/es\/wp-json\/wp\/v2\/media?parent=252782"}],"wp:term":[{"taxonomy":"category","embeddable":true,"href":"https:\/\/www.europesays.com\/es\/wp-json\/wp\/v2\/categories?post=252782"},{"taxonomy":"post_tag","embeddable":true,"href":"https:\/\/www.europesays.com\/es\/wp-json\/wp\/v2\/tags?post=252782"}],"curies":[{"name":"wp","href":"https:\/\/api.w.org\/{rel}","templated":true}]}}