{"id":252784,"date":"2025-11-24T07:39:09","date_gmt":"2025-11-24T07:39:09","guid":{"rendered":"https:\/\/www.europesays.com\/es\/252784\/"},"modified":"2025-11-24T07:39:09","modified_gmt":"2025-11-24T07:39:09","slug":"el-fiscal-general-presenta-su-renuncia-al-gobierno-antes-de-que-el-supremo-ejecute-la-inhabilitacion-politica","status":"publish","type":"post","link":"https:\/\/www.europesays.com\/es\/252784\/","title":{"rendered":"El fiscal general presenta su renuncia al Gobierno antes de que el Supremo ejecute la inhabilitaci\u00f3n | Pol\u00edtica"},"content":{"rendered":"<p class=\"loc\">Madrid<\/p>\n<p>El fiscal general del Estado, \u00c1lvaro Garc\u00eda Ortiz, ha presentado su renuncia al Gobierno mediante una carta al ministro de Justicia, F\u00e9lix Bola\u00f1os. En la misiva, Garc\u00eda Ortiz reclama su cese a petici\u00f3n propia sin esperar a que se le notifique la sentencia del Tribunal Supremo que lo condena a dos a\u00f1os de inhabilitaci\u00f3n.<\/p>\n<p>M\u00e1s informaci\u00f3n<\/p>\n<p>El titular de Justicia ya busca un perfil \u00abincuestionable\u00bb y de orientaci\u00f3n \u00abprogresista\u00bb para ejecutar el relevo al frente de la Fiscal\u00eda General del Estado. F\u00e9lix Bola\u00f1os empez\u00f3 a hacer llamadas y a convocar reuniones el pasado jueves, poco despu\u00e9s de conocerse el fallo del Supremo que el Gobierno asegura que \u00abacata y respeta\u00bb, pero no comparte.<\/p>\n<p>El propio presidente, Pedro S\u00e1nchez, asegur\u00f3 este domingo desde Sud\u00e1frica que sigue creyendo en la inocencia del todav\u00eda jefe del Ministerio P\u00fablico, pese a que cinco de los siete magistrados de la Sala Segunda del Tribunal lo consideran culpable de un delito de revelaci\u00f3n de datos reservados sobre el fraude fiscal cometido por el novio de la presidenta de la Comunidad de Madrid, el empresario Alberto Gonz\u00e1lez Amador.<\/p>\n<p>La intenci\u00f3n del Ejecutivo es activar cuanto antes el proceso institucional para realizar el nombramiento. Las fuentes consultadas por la SER aseguran que estaban esperando a que Garc\u00eda Ortiz comunicara su decisi\u00f3n antes de llevar la propuesta al Consejo de Ministros. El fiscal general ha guardado silencio desde su intervenci\u00f3n en la vista oral, pero, con esta decisi\u00f3n, se adelanta a la ejecuci\u00f3n de la sentencia del Supremo al pedir el cese voluntario al Gobierno, antes de conocer incluso la argumentaci\u00f3n jur\u00eddica del tribunal que lo considera culpable. En el Gobierno han querido ser muy respetuosos con los tiempos que marque el fiscal.<\/p>\n<p>Examen del Congreso y del Poder Judicial<\/p>\n<p>En cualquier caso, el proceso para elegir al sucesor de Garc\u00eda Ortiz no solo depende del Ejecutivo. La Constituci\u00f3n, en su art\u00edculo 124.2, establece que el fiscal general ser\u00e1 nombrado por el rey, a propuesta del Gobierno, o\u00eddo el Consejo General del Poder Judicial. Pero es el Estatuto Org\u00e1nico del Ministerio Fiscal el que regula todo el procedimiento. El art\u00edculo 29 marca los requisitos del perfil: un jurista de reconocido prestigio con m\u00e1s de quince a\u00f1os de ejercicio efectivo de su profesi\u00f3n.<\/p>\n<p>Una vez el Consejo de Ministros haga la propuesta, el candidato tendr\u00e1 que ser analizado por el CGPJ, que tendr\u00e1 que elaborar un informe que no ser\u00e1 vinculante en la designaci\u00f3n. Despu\u00e9s, el Congreso tendr\u00e1 que acoger la comparecencia del aspirante en la comisi\u00f3n correspondiente para que los diputados valoren los m\u00e9ritos y la idoneidad antes de que jure o prometa su cargo ante el rey y tome posesi\u00f3n ante el pleno del Tribunal Supremo.<\/p>\n","protected":false},"excerpt":{"rendered":"Madrid El fiscal general del Estado, \u00c1lvaro Garc\u00eda Ortiz, ha presentado su renuncia al Gobierno mediante una carta&hellip;\n","protected":false},"author":2,"featured_media":252785,"comment_status":"","ping_status":"","sticky":false,"template":"","format":"standard","meta":{"footnotes":""},"categories":[8],"tags":[17,18,25,24,13,14,11,19,20,9,10,15,16,23,12,21,22],"class_list":{"0":"post-252784","1":"post","2":"type-post","3":"status-publish","4":"format-standard","5":"has-post-thumbnail","7":"category-espana","8":"tag-breaking-news","9":"tag-breakingnews","10":"tag-es","11":"tag-espana","12":"tag-featured-news","13":"tag-featurednews","14":"tag-headlines","15":"tag-latest-news","16":"tag-latestnews","17":"tag-news","18":"tag-noticias","19":"tag-noticias-destacadas","20":"tag-noticiasdestacadas","21":"tag-spain","22":"tag-titulares","23":"tag-ultimas-noticias","24":"tag-ultimasnoticias"},"share_on_mastodon":{"url":"https:\/\/pubeurope.com\/@es\/115603542246144267","error":""},"_links":{"self":[{"href":"https:\/\/www.europesays.com\/es\/wp-json\/wp\/v2\/posts\/252784","targetHints":{"allow":["GET"]}}],"collection":[{"href":"https:\/\/www.europesays.com\/es\/wp-json\/wp\/v2\/posts"}],"about":[{"href":"https:\/\/www.europesays.com\/es\/wp-json\/wp\/v2\/types\/post"}],"author":[{"embeddable":true,"href":"https:\/\/www.europesays.com\/es\/wp-json\/wp\/v2\/users\/2"}],"replies":[{"embeddable":true,"href":"https:\/\/www.europesays.com\/es\/wp-json\/wp\/v2\/comments?post=252784"}],"version-history":[{"count":0,"href":"https:\/\/www.europesays.com\/es\/wp-json\/wp\/v2\/posts\/252784\/revisions"}],"wp:featuredmedia":[{"embeddable":true,"href":"https:\/\/www.europesays.com\/es\/wp-json\/wp\/v2\/media\/252785"}],"wp:attachment":[{"href":"https:\/\/www.europesays.com\/es\/wp-json\/wp\/v2\/media?parent=252784"}],"wp:term":[{"taxonomy":"category","embeddable":true,"href":"https:\/\/www.europesays.com\/es\/wp-json\/wp\/v2\/categories?post=252784"},{"taxonomy":"post_tag","embeddable":true,"href":"https:\/\/www.europesays.com\/es\/wp-json\/wp\/v2\/tags?post=252784"}],"curies":[{"name":"wp","href":"https:\/\/api.w.org\/{rel}","templated":true}]}}