{"id":252788,"date":"2025-11-24T07:48:11","date_gmt":"2025-11-24T07:48:11","guid":{"rendered":"https:\/\/www.europesays.com\/es\/252788\/"},"modified":"2025-11-24T07:48:11","modified_gmt":"2025-11-24T07:48:11","slug":"chus-mateo-solo-las-victorias-justifican-que-has-trabajado-bien-y-eso-no-es-justo-baloncesto-deportes","status":"publish","type":"post","link":"https:\/\/www.europesays.com\/es\/252788\/","title":{"rendered":"Chus Mateo: \u201cSolo las victorias justifican que has trabajado bien, y eso no es justo\u201d | Baloncesto | Deportes"},"content":{"rendered":"<p class=\"\">Despu\u00e9s de 25 a\u00f1os en el Real Madrid, los tres \u00faltimos al frente del primer equipo de baloncesto, Chus Mateo (Madrid, 56 a\u00f1os) conserva la ilusi\u00f3n del joven que empez\u00f3 a entrenar en un colegio.<a href=\"https:\/\/elpais.com\/deportes\/baloncesto\/2025-09-22\/chus-mateo-nuevo-seleccionador-espanol-de-baloncesto.html\" target=\"_blank\" rel=\"noreferrer nofollow noopener\" title=\"https:\/\/elpais.com\/deportes\/baloncesto\/2025-09-22\/chus-mateo-nuevo-seleccionador-espanol-de-baloncesto.html\"> Desde hace dos meses es el seleccionador nacional<\/a> y este pr\u00f3ximo jueves se estrena en partido oficial en la clasificaci\u00f3n mundialista. Antes reflexiona sobre su carrera y su personalidad, y sobre el presente y futuro del equipo espa\u00f1ol.<\/p>\n<p class=\"\"><b>Pregunta.<\/b> \u00bfSer entrenador era su vocaci\u00f3n?<\/p>\n<p class=\"\"><b>Respuesta.<\/b> Era un juego que se convirti\u00f3 en mi profesi\u00f3n. Empec\u00e9 a entrenar en el Colegio Agustiniano, en el barrio de La Estrella. Un d\u00eda en Educaci\u00f3n F\u00edsica, que entonces se llamaba Gimnasia, hicieron competiciones de baloncesto. No deb\u00ed de hacerlo muy mal y me seleccionaron para unos partidos de verano. Me enganch\u00e9. Me gust\u00f3 mucho dirigir grupos y participar desde la banda en un deporte en el que el entrenador tiene mucha influencia.<\/p>\n<p class=\"\"><b>P.<\/b> \u00bfQu\u00e9 le gusta de entrenar?<\/p>\n<p class=\"\"><b>R. <\/b>La estrategia. En eso me ayud\u00f3 el ajedrez. Y los valores del deporte colectivo, que la colaboraci\u00f3n sea imprescindible y que nadie por s\u00ed mismo sea capaz de ganar. Ayudar al compa\u00f1ero y que el compa\u00f1ero te ayude, re\u00edr y llorar juntos aunque tengas personalidades muy diferentes.<\/p>\n<p class=\"\"><b>P.<\/b> \u00bfLo peor es la soledad?<\/p>\n<p class=\"\"><b>R.<\/b> Cuando era entrenador de formaci\u00f3n le\u00ed un libro de Javier Imbroda, Si temes la soledad no seas entrenador. Entonces yo no ten\u00eda m\u00e1s presi\u00f3n de la que me pon\u00eda a m\u00ed mismo. Luego fui su ayudante y lo entend\u00ed. El incomprendido es el entrenador. Te vas solo a casa con tus problemas, miedos e inseguridades. Hay que trabajar mucho lo mental, el equilibrio emocional, no dejarse doblegar por la presi\u00f3n. Te acompa\u00f1a mucha gente en el camino que sabe que sufres en la soledad.<\/p>\n<p class=\"\"><b>P. <\/b>\u00bfC\u00f3mo vivi\u00f3 <a href=\"https:\/\/elpais.com\/deportes\/baloncesto\/2025-07-03\/el-madrid-anuncia-el-despido-de-chus-mateo-y-el-fichaje-de-sergio-scariolo.html\" target=\"_blank\" rel=\"noreferrer nofollow noopener\" title=\"https:\/\/elpais.com\/deportes\/baloncesto\/2025-07-03\/el-madrid-anuncia-el-despido-de-chus-mateo-y-el-fichaje-de-sergio-scariolo.html\">esa presi\u00f3n en el Madrid<\/a>?<\/p>\n<p class=\"\"><b>R. <\/b>A veces he magnificado la responsabilidad. Luego me paraba a pensar. Es un juego, un deporte, yo no mato a nadie ni de m\u00ed depende la vida de una persona. \u00bfQu\u00e9 es lo m\u00e1ximo que me pod\u00eda pasar? Que me echen. Pues tengo a mi familia. Pero en el fondo yo soy autoexigente, siento que detr\u00e1s de m\u00ed hay mucha gente a la que ganar le hace feliz, que r\u00ede y llora. Me he sentido responsable por esa gente, el m\u00e1s mirado.<\/p>\n<p class=\"\"><b>P.<\/b> \u00bfHa disfrutado?<\/p>\n<p class=\"\"><b>R.<\/b> He disfrutado muchas cosas y he sufrido muchas otras. He disfrutado enormemente del juego que hac\u00edamos, sobre todo el segundo a\u00f1o, cuando vi reflejada mi idea. Ganamos tres t\u00edtulos y <a href=\"https:\/\/elpais.com\/deportes\/baloncesto\/2024-05-26\/el-madrid-entrega-al-panathinaikos-el-trono-de-la-euroliga.html\" target=\"_blank\" rel=\"noreferrer nofollow noopener\" title=\"https:\/\/elpais.com\/deportes\/baloncesto\/2024-05-26\/el-madrid-entrega-al-panathinaikos-el-trono-de-la-euroliga.html\">fuimos subcampeones de la Euroliga. <\/a>Llegar a los objetivos te alivia porque ten\u00eda la presi\u00f3n de querer hacerlo bien, me responsabilizaba. Sent\u00eda malestar si las cosas no iban bien. Siempre he pensado que solo las victorias justifican un buen trabajo. Solo justificas que has trabajado bien si has ganado, y eso no es justo. Son las reglas del juego. A veces ni siquiera ganando puedes mantener la confianza.<\/p>\n<p class=\"\"><b>P.<\/b> \u00bfComo en el Madrid?<\/p>\n<p class=\"\"><b>R.<\/b> Hay mucha exigencia. Viv\u00ed all\u00ed 25 a\u00f1os y lo entiendo. Sab\u00eda lo que hab\u00eda y me gustaba vivirlo, como al que le gusta tirarse en paraca\u00eddas. Asum\u00eda el riesgo.<\/p>\n<p><img decoding=\"auto\" class=\"_re lazyload a_m-h\" height=\"275\"  width=\"414\"  src=\"https:\/\/www.europesays.com\/es\/wp-content\/uploads\/2025\/11\/26Z7ZD6VSVBKNLGJQPFUSLDBBY.jpg\" loading=\"lazy\"\/>Chus Mateo, seleccionador nacional de Espa\u00f1a, en la sede de la Federaci\u00f3n Espa\u00f1ola de Baloncesto.Jaime Villanueva<\/p>\n<p class=\"\"><b>P.<\/b> En dos meses como seleccionador, \u00bfqu\u00e9 ha priorizado?<\/p>\n<p class=\"\"><b>R.<\/b> He tenido en mi cabeza dos escenarios. El inmediato, <a href=\"https:\/\/elpais.com\/deportes\/baloncesto\/2025-11-18\/la-primera-convocatoria-de-chus-mateo-como-seleccionador-incluye-a-12-jugadores-de-la-acb.html\" target=\"_blank\" rel=\"noreferrer nofollow noopener\" title=\"https:\/\/elpais.com\/deportes\/baloncesto\/2025-11-18\/la-primera-convocatoria-de-chus-mateo-como-seleccionador-incluye-a-12-jugadores-de-la-acb.html\">hacer una primera selecci\u00f3n con un abanico m\u00e1s reducido<\/a> por la posibilidad de elecci\u00f3n. He ido a presentarme a los jugadores, les he dado a conocer mi ilusi\u00f3n y les he dicho que aqu\u00ed tienen a su seleccionador para lo que necesiten. He viajado mucho por Espa\u00f1a y me lo han puesto muy f\u00e1cil porque ha habido un compromiso grande y est\u00e1n jugando muy bien en una Liga feroz como la ACB. Y luego, organizar el largo plazo para un cambio generacional, con los j\u00f3venes que quieren abrir la puerta. Hay promesas que pueden ser estrellas y que deben cocinarse a fuego lento. Economizar procesos en este momento no es oportuno. Hay que dejar a la gente madurar y no pensar que tenemos ya algo muy, muy bueno. Debemos arroparles.<\/p>\n<p class=\"\"><b>P. <\/b>Relev\u00f3 a Pablo Laso en el Madrid y a Sergio Scariolo en la selecci\u00f3n. No le asustan los retos\u2026<\/p>\n<p class=\"\"><b>R. <\/b>El entrenador debe asumir esos retos. S\u00e9 que es muy dif\u00edcil por la talla de mis predecesores, pero un entrenador no puede decir que no al Madrid y a la selecci\u00f3n. Es una oportunidad que te brinda la vida y me he preparado para esto. Soy un privilegiado. He pasado momentos muy dif\u00edciles en mi carrera que me han hecho madurar y pensar que las cosas no son blancas o negras y que hay una gama de grises. Estoy aprendiendo a valorar el camino y no poner pa\u00f1os calientes o lanzar las campanas al vuelo. Mantengo el control emocional y los pies en el suelo.<\/p>\n<p class=\"\"><b>P.<\/b> \u00bfSer buena persona ayuda en la \u00e9lite?<\/p>\n<p class=\"\"><b>R.<\/b> Yo trato de serlo porque as\u00ed me educaron mis padres y as\u00ed trato de educar a mis hijos. Quiero que ayuden a los dem\u00e1s y no hagan da\u00f1o. Eso est\u00e1 ligado a un deporte que requiere colaboraci\u00f3n, di\u00e1logo, entendimiento. La autoridad y la confianza no es \u2018porque lo mando yo\u2019. Hay actitudes que dan valor a esa autoridad. A veces pensamos que solo con los gritos va a funcionar un equipo, pero los jugadores est\u00e1n buscando soluciones y el entrenador tiene que estar preparado para responder a sus dudas. Si no les ayudas con sus problemas y no consigues que el grupo funcione, entonces no est\u00e1s listo. El entrenador es un l\u00edder que debe convencer a los jugadores, con sus egos, de poner su talento al servicio del equipo. Eso es lo dif\u00edcil. As\u00ed te ganas su confianza.<\/p>\n<p class=\"\"><b>P. <\/b>Los <a href=\"https:\/\/elpais.com\/deportes\/baloncesto\/2025-09-02\/willy-hernangomez-quite-las-nubes-negras-de-mi-cabeza-y-he-aprendido-a-quererme-mas.html\" target=\"_blank\" rel=\"noreferrer nofollow noopener\" title=\"https:\/\/elpais.com\/deportes\/baloncesto\/2025-09-02\/willy-hernangomez-quite-las-nubes-negras-de-mi-cabeza-y-he-aprendido-a-quererme-mas.html\">hermanos Hernang\u00f3mez salieron muy se\u00f1alados del Eurobasket<\/a>. \u00bfC\u00f3mo les ve?<\/p>\n<p class=\"\"><b>R.<\/b> Conf\u00edo en ellos. Seguramente su actuaci\u00f3n no fue de su agrado. Criticarles es ventajista. Hace tres a\u00f1os fueron MVP del Eurobasket y de la final. Ahora les ha tocado enarbolar la bandera del liderazgo. La experiencia fallida les va a servir para hacerlo mejor. Hay que dejar que los l\u00edderes aparezcan, no se puede imponer. En la selecci\u00f3n aparecer\u00e1n donde no lo esperamos y nos van a sorprender a todos.<\/p>\n<p class=\"\"><b>P.<\/b> \u00bfQu\u00e9 le ha dicho Ricky?<\/p>\n<p class=\"\"><b>R.<\/b> Han sido conversaciones muy personales. Le veo disfrutar del deporte que le enganch\u00f3. Hay que dejar que siga haci\u00e9ndolo. Me encantar\u00eda que volviera con Espa\u00f1a, pero depende del tiempo. \u00c9l tomar\u00e1 sus decisiones, yo no me voy a meter. \u00c9l ser\u00e1 el primero en entender que puede cerrar la puerta de la selecci\u00f3n de una manera diferente.<\/p>\n<p class=\"\"><b>P.<\/b> \u00bfC\u00f3mo seguir\u00e1 a los j\u00f3venes que se van a Estados Unidos?<\/p>\n<p class=\"\"><b>R.<\/b> Necesitamos tener all\u00ed gente que nos ayude y ampliaremos la estructura. Hay una persona de mi absoluta confianza que est\u00e1 trabajando all\u00ed para nosotros, que est\u00e1 hablando con las universidades y va a preparar mi aterrizaje en Estados Unidos cuando yo vaya tres semanas entre enero y febrero. Hay casi 40 espa\u00f1oles y quiero ver a muchos, en la NBA y en las universidades. Me planteo tambi\u00e9n traer a algunos a Espa\u00f1a para un campus de entrenamiento cuando sus programas acad\u00e9micos y deportivos lo permitan. Y tendremos una red de entrenadores j\u00f3venes.<\/p>\n<p><img decoding=\"auto\" class=\"_re lazyload a_m-h\" height=\"276\"  width=\"414\"  src=\"https:\/\/www.europesays.com\/es\/wp-content\/uploads\/2025\/11\/UXFYMTBLY5JOHDQMO6B4ULVXTY.jpg\" loading=\"lazy\"\/>Chus Mateo, en Tenerife el pasado martes al dar su primera lista de convocados.<br \/>\nAlberto Vald\u00e9s (EFE)<\/p>\n<p class=\"\"><b>P.<\/b> \u00bfHay que reforzar el compromiso por jugar con Espa\u00f1a?<\/p>\n<p class=\"\"><b>R. <\/b>Sin duda. Los jugadores han de sentir la selecci\u00f3n como suya. No se valora lo que la gente que va a las ventanas nos da. Hemos de hacerles sentir importantes, que no son una selecci\u00f3n de segundo nivel ni se comen un marr\u00f3n para que al campeonato vayan otros.<\/p>\n<p class=\"\"><b>P.<\/b> \u00bfSe parece el ajedrez al baloncesto?<\/p>\n<p class=\"\"><b>R.<\/b> Es un juego que me apasion\u00f3 de peque\u00f1o y ahora he recuperado. Juego en los aviones con el m\u00f3vil, contra la m\u00e1quina. Hay una similitud grande entre baloncesto y ajedrez. Un entrenador utiliza sus piezas, aunque son m\u00e1s complejas. Las del tablero no sienten, ni sufren ni tienen altibajos. Tienen movimientos prefijados que no var\u00edan. Un tirador puede tener una mala racha, influye el factor humano. La estrategia es com\u00fan, pero gestionar esas piezas en un vestuario es muy dif\u00edcil.<\/p>\n","protected":false},"excerpt":{"rendered":"Despu\u00e9s de 25 a\u00f1os en el Real Madrid, los tres \u00faltimos al frente del primer equipo de baloncesto,&hellip;\n","protected":false},"author":2,"featured_media":252789,"comment_status":"","ping_status":"","sticky":false,"template":"","format":"standard","meta":{"footnotes":""},"categories":[269],"tags":[299,298,1540,168,1539,25,24,301,42611,18955,8283,62350,17591,4080,6001,3049,23,167,5943],"class_list":{"0":"post-252788","1":"post","2":"type-post","3":"status-publish","4":"format-standard","5":"has-post-thumbnail","7":"category-baloncesto","8":"tag-baloncesto","9":"tag-basketball","10":"tag-competiciones","11":"tag-deportes","12":"tag-entrenadores","13":"tag-es","14":"tag-espana","15":"tag-eurobasket","16":"tag-jesus-mateo","17":"tag-juancho-hernangomez","18":"tag-jugadores-baloncesto","19":"tag-mundial-baloncesto","20":"tag-pablo-laso","21":"tag-ricky-rubio","22":"tag-seleccion-espanola-baloncesto","23":"tag-sergio-scariolo","24":"tag-spain","25":"tag-sports","26":"tag-willy-hernangomez"},"share_on_mastodon":{"url":"https:\/\/pubeurope.com\/@es\/115603578008975808","error":""},"_links":{"self":[{"href":"https:\/\/www.europesays.com\/es\/wp-json\/wp\/v2\/posts\/252788","targetHints":{"allow":["GET"]}}],"collection":[{"href":"https:\/\/www.europesays.com\/es\/wp-json\/wp\/v2\/posts"}],"about":[{"href":"https:\/\/www.europesays.com\/es\/wp-json\/wp\/v2\/types\/post"}],"author":[{"embeddable":true,"href":"https:\/\/www.europesays.com\/es\/wp-json\/wp\/v2\/users\/2"}],"replies":[{"embeddable":true,"href":"https:\/\/www.europesays.com\/es\/wp-json\/wp\/v2\/comments?post=252788"}],"version-history":[{"count":0,"href":"https:\/\/www.europesays.com\/es\/wp-json\/wp\/v2\/posts\/252788\/revisions"}],"wp:featuredmedia":[{"embeddable":true,"href":"https:\/\/www.europesays.com\/es\/wp-json\/wp\/v2\/media\/252789"}],"wp:attachment":[{"href":"https:\/\/www.europesays.com\/es\/wp-json\/wp\/v2\/media?parent=252788"}],"wp:term":[{"taxonomy":"category","embeddable":true,"href":"https:\/\/www.europesays.com\/es\/wp-json\/wp\/v2\/categories?post=252788"},{"taxonomy":"post_tag","embeddable":true,"href":"https:\/\/www.europesays.com\/es\/wp-json\/wp\/v2\/tags?post=252788"}],"curies":[{"name":"wp","href":"https:\/\/api.w.org\/{rel}","templated":true}]}}