{"id":252790,"date":"2025-11-24T07:49:11","date_gmt":"2025-11-24T07:49:11","guid":{"rendered":"https:\/\/www.europesays.com\/es\/252790\/"},"modified":"2025-11-24T07:49:11","modified_gmt":"2025-11-24T07:49:11","slug":"mbappe-encuentra-su-kryptonita","status":"publish","type":"post","link":"https:\/\/www.europesays.com\/es\/252790\/","title":{"rendered":"Mbapp\u00e9 encuentra su kryptonita"},"content":{"rendered":"<p data-mrf-recirculation=\"Links P\u00e1rrafos\" class=\"ue-c-article__paragraph paragraph ue-c-article--first-letter-highlighted\">Una de las peores noches de <strong>Kylian Mbapp\u00e9<\/strong> con el Madrid. Era su primer <strong>Cl\u00e1sico de blanco<\/strong>, un partido marcado en rojo despu\u00e9s de tantos veranos sin lograr cumplir su sue\u00f1o. Salto al c\u00e9sped del <strong>Bernab\u00e9u<\/strong>&#8230; y sali\u00f3 con <strong>ocho fueras de juego y tres mano a mano desperdiciados<\/strong> en la dura derrota frente al Barcelona (0-4). Aquella noche de f\u00fatbol, convertida en pesadilla, el crack franc\u00e9s encontr\u00f3 a su kryptonita <strong>y todav\u00eda no lo sab\u00eda.\u00a0<\/strong><\/p>\n<p data-mrf-recirculation=\"Links P\u00e1rrafos\" class=\"ue-c-article__paragraph paragraph\">El 10 blanco, ya con el 0-2 en el marcador, <strong>consigui\u00f3 plantarse solo delante del portero, tres veces, y en todas se encontr\u00f3 con un muro<\/strong>: un I\u00f1aki Pe\u00f1a que se hizo grand\u00edsimo para ocupar el mayor espacio posible primero y despu\u00e9s meti\u00f3 dos buenas manos para tumbar a Kylian. Una noche para el olvido que ha regresado cuando el Madrid m\u00e1s necesitaba a su estrella. Ahora, despu\u00e9s del empate frente al Elche, <strong>Mbapp\u00e9 ya sabe que ha encontrado a su kryptonita en el mundo del f\u00fatbol<\/strong>.\u00a0<\/p>\n<p><img decoding=\"async\" width=\"1024\" height=\"819\" class=\"ue-c-article__image lazyload\" alt=\"I\u00f1aki Pe\u00f1a ELCHE\" loading=\"lazy\" src=\"https:\/\/www.europesays.com\/es\/wp-content\/uploads\/2025\/11\/6923939d3fd4c.jpeg\"\/><\/p>\n<p>I\u00f1aki Pe\u00f1a ELCHEELCHE<\/p>\n<p data-mrf-recirculation=\"Links P\u00e1rrafos\" class=\"ue-c-article__paragraph paragraph\">Dos claras ocasiones para Kylian con 0-0 en el marcador que terminaron en nada gracias al buen hacer del portero cedido por el Barcelona. <strong>Primero aguant\u00f3 bien en el mano a mano, aprovechando que el \u00faltimo toque se le fue largo a Mbapp\u00e9, y despu\u00e9s tirando de reflejos para sacar un disparo a bocajarro despu\u00e9s de que el franc\u00e9s la empalase de lujo<\/strong>. As\u00ed las cosas, el 10 se queda seco por segundo partido consecutivo en Liga&#8230; y tercero sumando tambi\u00e9n la tr\u00e1gica noche de Anfield.<\/p>\n","protected":false},"excerpt":{"rendered":"Una de las peores noches de Kylian Mbapp\u00e9 con el Madrid. Era su primer Cl\u00e1sico de blanco, un&hellip;\n","protected":false},"author":2,"featured_media":252791,"comment_status":"","ping_status":"","sticky":false,"template":"","format":"standard","meta":{"footnotes":""},"categories":[268],"tags":[168,25,24,280,282,281,23,167],"class_list":{"0":"post-252790","1":"post","2":"type-post","3":"status-publish","4":"format-standard","5":"has-post-thumbnail","7":"category-futbol","8":"tag-deportes","9":"tag-es","10":"tag-espana","11":"tag-football","12":"tag-futbol","13":"tag-soccer","14":"tag-spain","15":"tag-sports"},"share_on_mastodon":{"url":"https:\/\/pubeurope.com\/@es\/115603581945228789","error":""},"_links":{"self":[{"href":"https:\/\/www.europesays.com\/es\/wp-json\/wp\/v2\/posts\/252790","targetHints":{"allow":["GET"]}}],"collection":[{"href":"https:\/\/www.europesays.com\/es\/wp-json\/wp\/v2\/posts"}],"about":[{"href":"https:\/\/www.europesays.com\/es\/wp-json\/wp\/v2\/types\/post"}],"author":[{"embeddable":true,"href":"https:\/\/www.europesays.com\/es\/wp-json\/wp\/v2\/users\/2"}],"replies":[{"embeddable":true,"href":"https:\/\/www.europesays.com\/es\/wp-json\/wp\/v2\/comments?post=252790"}],"version-history":[{"count":0,"href":"https:\/\/www.europesays.com\/es\/wp-json\/wp\/v2\/posts\/252790\/revisions"}],"wp:featuredmedia":[{"embeddable":true,"href":"https:\/\/www.europesays.com\/es\/wp-json\/wp\/v2\/media\/252791"}],"wp:attachment":[{"href":"https:\/\/www.europesays.com\/es\/wp-json\/wp\/v2\/media?parent=252790"}],"wp:term":[{"taxonomy":"category","embeddable":true,"href":"https:\/\/www.europesays.com\/es\/wp-json\/wp\/v2\/categories?post=252790"},{"taxonomy":"post_tag","embeddable":true,"href":"https:\/\/www.europesays.com\/es\/wp-json\/wp\/v2\/tags?post=252790"}],"curies":[{"name":"wp","href":"https:\/\/api.w.org\/{rel}","templated":true}]}}