{"id":252792,"date":"2025-11-24T07:50:22","date_gmt":"2025-11-24T07:50:22","guid":{"rendered":"https:\/\/www.europesays.com\/es\/252792\/"},"modified":"2025-11-24T07:50:22","modified_gmt":"2025-11-24T07:50:22","slug":"le-abrazo-aunque-no-me-reconozca","status":"publish","type":"post","link":"https:\/\/www.europesays.com\/es\/252792\/","title":{"rendered":"Le abrazo aunque no me reconozca"},"content":{"rendered":"<p id=\"e4cokKMqWB\" data-wc=\"79\"><strong>Rumer Willis<\/strong> (37), la hija mayor de Bruce Willis -nacida de su relaci\u00f3n con la int\u00e9rprete Demi Moore-, ha revelado que su famoso padre no siempre la reconoce cuando va a visitarlo, debido a <strong>su lucha contra la demencia frontotemporal que sufre<\/strong>. La actriz se ha sincerado recientemente con sus seguidores para abordar en qu\u00e9 punto se encuentra su estado de salud, y lo ha hecho respondiendo diversas preguntas que suelen hacerle por medio de sus stories\u00a0de Instagram.\u00a0<\/p>\n<p> <img src=\"https:\/\/www.europesays.com\/es\/wp-content\/uploads\/2025\/11\/00dd94a9e581-rmw-2.jpg\"   width=\"1024\" height=\"681\" loading=\"lazy\" decoding=\"async\" alt=\"La conmovedora foto de Rumer Willis y su padre, Bruce Willis\" fetchpriority=\"auto\" class=\"image ho-image\"\/>\u00a9 @rumerwillisLa conmovedora foto de Rumer Willis y su padre, Bruce Willis<\/p>\n<p id=\"eaz1hfEez9T\" data-wc=\"122\">El ic\u00f3nico actor de\u00a0Jungla de Cristal <strong>se retir\u00f3 de Hollywood y de la actuaci\u00f3n en el a\u00f1o 2022<\/strong>, y recientemente se ha mudado de la casa familiar <a class=\"hm-link ho-link\" href=\"https:\/\/www.hola.com\/actualidad\/20250726846659\/bruce-willis-atrapado-silencio-enfermedad-impide-hablar-leer-caminar\/\" rel=\"noopener nofollow\" target=\"_blank\" data-mrf-recirculation=\"article-body-link\">en la que ha pasado sus primeros a\u00f1os de enfermedad<\/a> a una vivienda independiente de una sola planta: all\u00ed cuenta con un equipo especializado de cuidados que le atienden las 24 horas del d\u00eda. \u00abEstoy muy agradecida de que, cuando voy all\u00ed y le doy un abrazo, tanto si me reconoce como si no, \u00e9l pueda sentir el amor que le he dado y yo pueda sentirlo tambi\u00e9n por su parte. Que a\u00fan vea una chispa de \u00e9l y que \u00e9l pueda sentir el amor que le estoy dando\u00bb, ha contado a sus seguidores.<\/p>\n<p> <img src=\"https:\/\/www.europesays.com\/es\/wp-content\/uploads\/2025\/07\/7fc60c34477e-happy-fathers-day-to-our-favorite-girl-dad-we-love-you-bw.jpg\"   width=\"821\" height=\"1024\" loading=\"lazy\" decoding=\"async\" alt=\"&quot;Que a\u00fan vea una chispa de \u00e9l y que \u00e9l pueda sentir el amor que le estoy dando&quot;, ha dicho Rumer de su padre\" fetchpriority=\"auto\" class=\"image ho-image\"\/>\u00a9 rumerwillis\u00bbQue a\u00fan vea una chispa de \u00e9l y que \u00e9l pueda sentir el amor que le estoy dando\u00bb, ha dicho Rumer de su padre<\/p>\n<p id=\"ekWIfjpYIPI\" data-wc=\"104\"><strong>Rumer tambi\u00e9n explic\u00f3 que lleva a su hija Louetta, de 23 meses, a las visitas.<\/strong> \u00abMe siento muy agradecida de poder ir all\u00ed con ella y pasar tiempo con \u00e9l, y poder sentir el amor que me tiene, y poder quererlo y estar con \u00e9l\u00bb. Una de las preguntas m\u00e1s recurrentes que le hacen es que describa en qu\u00e9 punto se encuentra su padre: \u00abCreo que es dif\u00edcil de responder, porque la verdad es que cualquier persona con DFT (demencia frontotemporal) no est\u00e1 muy bien\u00bb, ha contado. <strong>\u00abEst\u00e1 bien, en t\u00e9rminos de alguien que padece demencia frontotemporal\u00bb<\/strong>, a\u00f1adi\u00f3, d\u00e1ndole contexto a su complicado diagn\u00f3stico.<\/p>\n<p> <img src=\"https:\/\/www.europesays.com\/es\/wp-content\/uploads\/2025\/11\/4ed0c8c0454b-brucewillissss.jpg\"   width=\"821\" height=\"1024\" loading=\"lazy\" decoding=\"async\" alt=\"Bruce Willis y su hija Rumer\" fetchpriority=\"auto\" class=\"image ho-image\"\/>\u00a9 @rumerwillis\u00bbEst\u00e1 bien, en t\u00e9rminos de alguien que padece demencia frontotemporal\u00bb, ha contado su hija mayor a sus seguidores<\/p>\n<p data-wc=\"84\" id=\"eTJqw95jDv\">El \u00faltimo proyecto cinematogr\u00e1fico de Bruce fue en Detective Knight: Independence (2023), una pel\u00edcula que se ha convertido, de forma improvisada, en <a class=\"hm-link ho-link\" href=\"https:\/\/www.hola.com\/actualidad\/20250609837010\/emma-heming-cuenta-la-verdad-sobre-los-ultimos-rodajes-de-bruce-willis-ya-con-sintomas-de-demencia-pinganillo-trucos\/\" data-mrf-recirculation=\"article-body-link\" rel=\"nofollow noopener\" target=\"_blank\">su despedida del cine.<\/a> Durante el rodaje, <strong>s<\/strong><strong>us escenas se simplificaron para adaptarse a sus limitaciones<\/strong> cognitivas. Desde entonces, su retiro es total. No en vano, el avance de la demencia ha sido r\u00e1pido y agresivo. En verano, algunos de sus amigos confirmaron que <a class=\"hm-link ho-link\" href=\"http:\/\/Bruce%20ya%20no%20puede%20leer%20ni%20escribir,%20actividades%20que%20antes%20le%20produc%C3%ADan%20gran%20placer,%20especialmente%20la%20lectura,%20que%20sol%C3%ADa%20ser%20uno%20de%20sus%20refugios%20cotidianos.\" target=\"_blank\" data-mrf-recirculation=\"article-body-link\" rel=\"nofollow\">el actor ya no puede leer ni escribir, actividades que antes le produc\u00edan gran placer, especialmente la lectura.<\/a><\/p>\n<p> <img src=\"https:\/\/www.europesays.com\/es\/wp-content\/uploads\/2025\/11\/60aa532cf517-gettyimages-1185562956.jpg\"   width=\"1024\" height=\"683\" loading=\"lazy\" decoding=\"async\" alt=\"'Detective Knight: Independence' (2023) ha sido la \u00faltima pel\u00edcula en la que ha participado\" fetchpriority=\"auto\" class=\"image ho-image\"\/>&#8216;Detective Knight: Independence&#8217; (2023) ha sido la \u00faltima pel\u00edcula en la que ha participado<\/p>\n<p data-wc=\"119\" id=\"eC-oefnBCWG\">El <a class=\"hm-link ho-link\" href=\"https:\/\/www.hola.com\/actualidad\/20250827852370\/emma-heming-la-esposa-de-bruce-willis-desvela-los-cambios-mas-duros-de-la-enfermedad-del-actor-fue-como-una-caida-libre\/\" data-mrf-recirculation=\"article-body-link\" rel=\"nofollow noopener\" target=\"_blank\">deterioro en la salud de Willis<\/a> oblig\u00f3 a la familia a \u00abelegir un nuevo hogar m\u00e1s adecuado y m\u00e1s seguro\u00bb, una decisi\u00f3n que su actual mujer, Emma Heming, cont\u00f3 en el especial Emma y Bruce Willis: El Viaje Inesperado, que se emiti\u00f3 en la cadena ABC. \u00abEs una de las decisiones m\u00e1s dif\u00edciles que he tenido que tomar hasta ahora\u00bb, le dijo a la presentadora Diane Sawyer. Su traslado a un centro especializado fue una elecci\u00f3n ampliamente criticada, pero Emma no dud\u00f3 en responder y en hablar del rol del cuidador, altamente incomprendido: <a class=\"hm-link ho-link\" href=\"https:\/\/www.hola.com\/actualidad\/20250901853143\/emma-heming-responde-a-las-criticas-tras-anunciar-el-traslado-de-bruce-willis-a-una-residencia-especializada\/\" rel=\"noopener nofollow\" target=\"_blank\" data-mrf-recirculation=\"article-body-link\">\u00abCon demasiada frecuencia, quienes no han vivido esta experiencia ni han estado en primera l\u00ednea juzgan a los cuidadores de forma r\u00e1pida e injusta\u00bb<\/a>, expres\u00f3.\u00a0<\/p>\n<p> <img src=\"https:\/\/www.europesays.com\/es\/wp-content\/uploads\/2025\/11\/efcd76e4a2af-emma-heming2.jpg\"   width=\"819\" height=\"1024\" loading=\"lazy\" decoding=\"async\" alt=\"&quot;No necesito que Bruce sepa que soy su esposa, solo quiero sentir que tengo conexi\u00f3n con \u00e9l. Y la tengo&quot;, asegura Emma\" fetchpriority=\"auto\" class=\"image ho-image\"\/>\u00a9 emmahemingwillis\u00bbNo necesito que Bruce sepa que soy su esposa, solo quiero sentir que tengo conexi\u00f3n con \u00e9l\u00bb, asegura Emma<br \/>\nEl D\u00eda del Padre m\u00e1s doloroso<\/p>\n<p id=\"e2TSBNHE3k\" data-wc=\"80\">\u00abSiento un dolor profundo en el pecho por no poder hablar contigo y contarte todo lo que estoy haciendo y lo que est\u00e1 pasando en mi vida. Por no poder abrazarte y preguntarte por la vida, tus historias, luchas y logros.<strong>\u00a0<\/strong><a class=\"hm-link ho-link\" href=\"https:\/\/www.hola.com\/actualidad\/20250616838374\/la-hija-mayor-de-bruce-willis-reflexiona-con-emocion-sobre-la-enfermedad-de-su-padre-ojala-te-hubiera-hecho-mas-preguntas\/\" rel=\"noopener nofollow\" target=\"_blank\" data-mrf-recirculation=\"article-body-link\">Ojal\u00e1 te hubiera hecho m\u00e1s preguntas cuando a\u00fan pod\u00edas contarme todo eso<\/a>\u00ab. Esas fueron algunas de las palabras que Rumer dedic\u00f3 a su padre Bruce hace unos meses, coincidiendo con la celebraci\u00f3n del D\u00eda del Padre en Estados Unidos.\u00a0<\/p>\n<p> <img src=\"https:\/\/www.europesays.com\/es\/wp-content\/uploads\/2025\/11\/589c093fd8c4-rmw-3.jpg\"   width=\"1024\" height=\"681\" loading=\"lazy\" decoding=\"async\" alt=\"Rumer Willis dedic\u00f3 un desgarrador mensaje en el D\u00eda del Padre\" fetchpriority=\"auto\" class=\"image ho-image\"\/>\u00a9 @rumerwillisRumer Willis dedic\u00f3 un desgarrador mensaje a su padre en el D\u00eda del Padre<\/p>\n<p data-wc=\"91\" id=\"ea4zCPk0sq\">\u00abS\u00e9 que no querr\u00edas que estuviera triste hoy, as\u00ed que intentar\u00e9 simplemente estar agradecida record\u00e1ndome lo afortunada que soy de que seas mi padre y de que todav\u00eda est\u00e9s conmigo, de que todav\u00eda pueda abrazarte, besarte la mejilla y frotarte la cabeza\u00bb, cont\u00f3 en una emotiva publicaci\u00f3n en la que enumer\u00f3 todas las cosas que todav\u00eda pueden hacer juntos: <strong>\u00abPuedo contarte historias. Puedo ver c\u00f3mo se iluminan tus ojos cuando ves a Louetta\u00bb<\/strong>. El emotivo texto vino acompa\u00f1ado de un carrusel de bonitas im\u00e1genes que narran su relaci\u00f3n durante los a\u00f1os.\u00a0<\/p>\n<p> <img src=\"https:\/\/www.europesays.com\/es\/wp-content\/uploads\/2025\/11\/002f0ca327f8-rmw-4.jpg\"   width=\"1024\" height=\"681\" loading=\"lazy\" decoding=\"async\" alt=\"Rumer Willis comparti\u00f3 varias fotos de su infancia junto a su padre, Bruce Willis\" fetchpriority=\"auto\" class=\"image ho-image\"\/>\u00a9 @rumerwillis\u00bbS\u00e9 que no querr\u00edas que estuviera triste hoy, as\u00ed que intentar\u00e9 simplemente estar agradecida record\u00e1ndome lo afortunada que soy de que seas mi padre y de que todav\u00eda est\u00e9s conmigo\u00bb<\/p>\n<p class=\"\" id=\"eBDkWh4r4P1v\" data-wc=\"163\">\u00ab<strong>E<\/strong><strong>star\u00e9 agradecida por cada momento que tenga contigo. Te quiero much\u00edsimo, pap\u00e1<\/strong>. Feliz D\u00eda del Padre. Env\u00edo amor a todos los que est\u00e1n en el mismo barco que yo o han perdido a sus padres, a las madres solteras que tambi\u00e9n son padres\u00bb, conclu\u00eda el mensaje. Sin duda, su hija Louetta, <a class=\"hm-link ho-link\" href=\"https:\/\/www.hola.com\/actualidad\/20230425230812\/rumer-willis-da-bienvenida-primera-hija\/\" data-mrf-recirculation=\"article-body-link\" rel=\"nofollow noopener\" target=\"_blank\">nacida el 18 de abril de 2023<\/a> y fruto de su relaci\u00f3n con el productor Derek Richard Thomas, est\u00e1 siendo un pilar de lo m\u00e1s importante para ella y para su familia, pues es nieta del propio Bruce y de Demi Moore. El pasado verano, <a class=\"hm-link ho-link\" href=\"https:\/\/www.hola.com\/actualidad\/20240823714370\/rumer-willis-rompe-con-el-padre-de-su-hija\/\" data-mrf-recirculation=\"article-body-link\" rel=\"nofollow noopener\" target=\"_blank\">la pareja rompi\u00f3 su relaci\u00f3n<\/a>, y Rumer ha hablado recientemente acerca de las dificultades que supone ser madre soltera. <a class=\"hm-link ho-link\" href=\"https:\/\/www.hola.com\/actualidad\/20251121868792\/rumer-willis-lagrimas-madre-soltera\/\" rel=\"noopener nofollow\" target=\"_blank\" data-mrf-recirculation=\"article-body-link\">\u00abA veces es dif\u00edcil\u00bb<\/a>, ha admitido recientemente. Una situaci\u00f3n que se suma al diagn\u00f3stico de su padre, que sigue siendo un foco de atenci\u00f3n para ella y para el resto de su c\u00edrculo m\u00e1s cercano, que han estado cuid\u00e1ndole y d\u00e1ndole cari\u00f1o durante estos a\u00f1os, y siguen haci\u00e9ndolo.<\/p>\n","protected":false},"excerpt":{"rendered":"Rumer Willis (37), la hija mayor de Bruce Willis -nacida de su relaci\u00f3n con la int\u00e9rprete Demi Moore-,&hellip;\n","protected":false},"author":2,"featured_media":252793,"comment_status":"","ping_status":"","sticky":false,"template":"","format":"standard","meta":{"footnotes":""},"categories":[174],"tags":[517,4489,255,4490,4488,146,147,25,24,256,23],"class_list":{"0":"post-252792","1":"post","2":"type-post","3":"status-publish","4":"format-standard","5":"has-post-thumbnail","7":"category-famosos","8":"tag-actualidad","9":"tag-bruce-willis","10":"tag-celebrities","11":"tag-demi-moore","12":"tag-emma-heming","13":"tag-entertainment","14":"tag-entretenimiento","15":"tag-es","16":"tag-espana","17":"tag-famosos","18":"tag-spain"},"share_on_mastodon":{"url":"https:\/\/pubeurope.com\/@es\/115603585820193141","error":""},"_links":{"self":[{"href":"https:\/\/www.europesays.com\/es\/wp-json\/wp\/v2\/posts\/252792","targetHints":{"allow":["GET"]}}],"collection":[{"href":"https:\/\/www.europesays.com\/es\/wp-json\/wp\/v2\/posts"}],"about":[{"href":"https:\/\/www.europesays.com\/es\/wp-json\/wp\/v2\/types\/post"}],"author":[{"embeddable":true,"href":"https:\/\/www.europesays.com\/es\/wp-json\/wp\/v2\/users\/2"}],"replies":[{"embeddable":true,"href":"https:\/\/www.europesays.com\/es\/wp-json\/wp\/v2\/comments?post=252792"}],"version-history":[{"count":0,"href":"https:\/\/www.europesays.com\/es\/wp-json\/wp\/v2\/posts\/252792\/revisions"}],"wp:featuredmedia":[{"embeddable":true,"href":"https:\/\/www.europesays.com\/es\/wp-json\/wp\/v2\/media\/252793"}],"wp:attachment":[{"href":"https:\/\/www.europesays.com\/es\/wp-json\/wp\/v2\/media?parent=252792"}],"wp:term":[{"taxonomy":"category","embeddable":true,"href":"https:\/\/www.europesays.com\/es\/wp-json\/wp\/v2\/categories?post=252792"},{"taxonomy":"post_tag","embeddable":true,"href":"https:\/\/www.europesays.com\/es\/wp-json\/wp\/v2\/tags?post=252792"}],"curies":[{"name":"wp","href":"https:\/\/api.w.org\/{rel}","templated":true}]}}