{"id":252794,"date":"2025-11-24T07:53:10","date_gmt":"2025-11-24T07:53:10","guid":{"rendered":"https:\/\/www.europesays.com\/es\/252794\/"},"modified":"2025-11-24T07:53:10","modified_gmt":"2025-11-24T07:53:10","slug":"stranger-things-llega-a-su-fin-la-serie-que-marco-a-una-generacion-el-debate","status":"publish","type":"post","link":"https:\/\/www.europesays.com\/es\/252794\/","title":{"rendered":"&#039;Stranger Things&#039; llega a su fin: la serie que marc\u00f3 a una generaci\u00f3n &#8211; El Debate"},"content":{"rendered":"<ol>\n<li><a href=\"https:\/\/news.google.com\/rss\/articles\/CBMirgFBVV95cUxPamVSZnIyaVVNNU90akJscDJmbU0waFJ2REJDT2V1Zm10SjBPdENPdGNheHJSZDFQb2RnUC1RcWlQbnhydkJwdEhVR09uWFpwTFdiZlB5RW9PX3FhSlVkYVo5WGZMTThjYzFTRG0xX1ZxNHJGME1LMnNfZFJqWGJHcUo3OWpmMmpPQUpJZ1dIN3kyTE5FWk9fV3FXWDBIWm1uNmUwb3hCQWFtUWJLcHfSAbMBQVVfeXFMTThSZzljTmFIRXA2ZjlTTm81YXdqcUpBblVONllYbDMzcHkwczF4UUF5bF9NZFdDZ0hCdVctQlRyTmNIb1kyRVNCd2JPVWJLOWtvYUItMDNWSDUtS3FHSUpDMHI0OTQ0MGtZeWdaM3JzOVVHT1otdl92NnBEOHpfTU1RNXFBbXF4M0ZIamxGU1p3YWlUTUY4TzJYei1WX29XSnFRZmVlaFRiUnRsb1NMOHg2dTA?oc=5\" target=\"_blank\" rel=\"nofollow noopener\">&#8216;Stranger Things&#8217; llega a su fin: la serie que marc\u00f3 a una generaci\u00f3n<\/a>&nbsp;&nbsp;El Debate<\/li>\n<li><a href=\"https:\/\/news.google.com\/rss\/articles\/CBMiygFBVV95cUxOMlM2aU5OVHhsLUtmLVByN295ZVM1bmJnQzk5RnlPOHNxQVZVcWNkdkR6bkJUN2U0VUVwa2dfbEpGbnloZUM5Ym84MlgwV1doekZ2V3RDSG55aWl1VURGR3NWeEZKSVV0alR1M1duMkh3SEI1eWUtZEhHbkhBYUFmVm0xWDIxZ1c4M1IzYkp1WFZfekpsNlZyMGRFMGhkWHJNbGQ2RFlfTlpHeTdUZVAxXzNsU0JJQUtGbkJPX19XZ3VuOWROT09NVFhR?oc=5\" target=\"_blank\" rel=\"nofollow noopener\">\u2018Stranger Things\u2019 5: cu\u00e1ndo se estrena la \u00faltima temporada y todos sus cap\u00edtulos<\/a>&nbsp;&nbsp;EL PA\u00cdS<\/li>\n<li><a href=\"https:\/\/news.google.com\/rss\/articles\/CBMivAFBVV95cUxOS2NfTlg5R3psdmdNV1UzS2NKcWs4UmpFc3lmN3FXc2ItNm1sZ3pLSnlILS1DVy1tYmx3anRQa1BfcnZvUXhYbWxjU3lsVFZDa3dVOEp4MG00cG5EOWhWQVRxU3NqbUlFZmJ0U0puT05pWVkwbVNIeEllUVdBaVJvS1hQUEZmd0NjcGN3RmhJUDFiY2NldldrNEFxWlVId3NSUU5nTVVvM2xaV1pVb1VJTjI5YWZwSWF5TkY2LQ?oc=5\" target=\"_blank\" rel=\"nofollow noopener\">12 series para calentar motores mientras esperas la temporada final de &#8216;Stranger Things&#8217;<\/a>&nbsp;&nbsp;HOLA<\/li>\n<li><a href=\"https:\/\/news.google.com\/rss\/articles\/CBMibkFVX3lxTE1uZ1pDRnl2TGFxQlBWdjBLdXJOWkFGcExBV01vcF9aMUd6NGN4QmNfYTJnUXFSNDBxWDFlMzFoSFVxVzZQLWZsRldVV2RRbFpOc0w1TTE3OEZwX0V2enRYSHowZkxBa1B1enlvUnhR0gFzQVVfeXFMUDVUdnh5TG50cWkzcWRQR1h0Vm15WjRaaGJNZTVId2I3OXU0Tzk2U0xlMjhiZnBXcWR1RldDOEZhc1AwX0ZKQmpDeUEteTlqbzBicUl3SVktNnRuRGVFeEZMM244aExnUGpIc2d5OGVkYkpuMA?oc=5\" target=\"_blank\" rel=\"nofollow noopener\">4 estrenos en Netflix: Esta semana el comienzo del desenlace m\u00e1s esperado del a\u00f1o<\/a>&nbsp;&nbsp;SensaCine<\/li>\n<li><a href=\"https:\/\/news.google.com\/rss\/articles\/CBMimwFBVV95cUxOTWVVMVdXa19iTWxNY3VUa1EzcmpCcUtFOE5LSXNJVmdJMHEwMWwwdHJWVjY3dE8zQTNOeUg5UmxLWC0tXzZNdVUtMHFLWmRxZW5nS0tVb2N3cVVaUTdncXRDNlpNSVlma050V1lVVzlubXFaNmtKdmgtUHg0cFFXUkFEMFlRdV9WU05mZ0VVSkUwMlAwWkE2WnZWTdIBoAFBVV95cUxNQkpsZnczdUQwMkt3UXhENXdTWW1QY2R3dml5cTJtZ1JaMHJGamtnUlJ6aWQyZ01QREpWZ0JIalZ0d3BDRGZZU1ZQYlV6c0NWaTluc2lMNTVYQ1ZrMHlHcDRCRDM5NnQwdW1vY3Y3MGlYSFlqREtocXlRd0NuSnU2RUttOHlCMG44dEpyUEUwWVJTaHpXbW5pWXh6ZXdRM3I3?oc=5\" target=\"_blank\" rel=\"nofollow noopener\">\u00bfQuieres resolver el misterio de Hawkins? Busca &#8216;Stranger Things&#8217; en Google y prep\u00e1rate para comenzar tu aventura<\/a>&nbsp;&nbsp;20Minutos<\/li>\n<\/ol>\n","protected":false},"excerpt":{"rendered":"&#8216;Stranger Things&#8217; llega a su fin: la serie que marc\u00f3 a una generaci\u00f3n&nbsp;&nbsp;El Debate \u2018Stranger Things\u2019 5: cu\u00e1ndo&hellip;\n","protected":false},"author":2,"featured_media":248356,"comment_status":"","ping_status":"","sticky":false,"template":"","format":"standard","meta":{"footnotes":""},"categories":[171],"tags":[146,147,25,24,23,214],"class_list":{"0":"post-252794","1":"post","2":"type-post","3":"status-publish","4":"format-standard","5":"has-post-thumbnail","7":"category-tv","8":"tag-entertainment","9":"tag-entretenimiento","10":"tag-es","11":"tag-espana","12":"tag-spain","13":"tag-tv"},"share_on_mastodon":{"url":"https:\/\/pubeurope.com\/@es\/115603597107186493","error":""},"_links":{"self":[{"href":"https:\/\/www.europesays.com\/es\/wp-json\/wp\/v2\/posts\/252794","targetHints":{"allow":["GET"]}}],"collection":[{"href":"https:\/\/www.europesays.com\/es\/wp-json\/wp\/v2\/posts"}],"about":[{"href":"https:\/\/www.europesays.com\/es\/wp-json\/wp\/v2\/types\/post"}],"author":[{"embeddable":true,"href":"https:\/\/www.europesays.com\/es\/wp-json\/wp\/v2\/users\/2"}],"replies":[{"embeddable":true,"href":"https:\/\/www.europesays.com\/es\/wp-json\/wp\/v2\/comments?post=252794"}],"version-history":[{"count":0,"href":"https:\/\/www.europesays.com\/es\/wp-json\/wp\/v2\/posts\/252794\/revisions"}],"wp:featuredmedia":[{"embeddable":true,"href":"https:\/\/www.europesays.com\/es\/wp-json\/wp\/v2\/media\/248356"}],"wp:attachment":[{"href":"https:\/\/www.europesays.com\/es\/wp-json\/wp\/v2\/media?parent=252794"}],"wp:term":[{"taxonomy":"category","embeddable":true,"href":"https:\/\/www.europesays.com\/es\/wp-json\/wp\/v2\/categories?post=252794"},{"taxonomy":"post_tag","embeddable":true,"href":"https:\/\/www.europesays.com\/es\/wp-json\/wp\/v2\/tags?post=252794"}],"curies":[{"name":"wp","href":"https:\/\/api.w.org\/{rel}","templated":true}]}}