{"id":252795,"date":"2025-11-24T07:55:26","date_gmt":"2025-11-24T07:55:26","guid":{"rendered":"https:\/\/www.europesays.com\/es\/252795\/"},"modified":"2025-11-24T07:55:26","modified_gmt":"2025-11-24T07:55:26","slug":"toy-story-30-anos-mirando-al-infinito-y-mas-alla","status":"publish","type":"post","link":"https:\/\/www.europesays.com\/es\/252795\/","title":{"rendered":"\u2018Toy Story\u2019: 30 a\u00f1os mirando al infinito y m\u00e1s all\u00e1"},"content":{"rendered":"<p>Por:\u00a0\u00a0<a href=\"https:\/\/www.elheraldo.co\/author\/jesus-lugo-suarez\" aria-label=\"Jes\u00fas  Lugo Su\u00e1rez\" rel=\"nofollow noopener\" target=\"_blank\">Jes\u00fas  Lugo Su\u00e1rez<\/a><\/p>\n<p class=\"elheraldo__StyledParagraph-sc-60z8lc-1 dEjMiD article-body__paragraph\">Treinta a\u00f1os despu\u00e9s de su estreno, Toy Story sigue siendo una especie de Big Bang creativo. Una detonaci\u00f3n silenciosa, hecha de ideas, riesgos y obsesiones, que cambi\u00f3 para siempre la manera en que se conciben las pel\u00edculas animadas.<\/p>\n<p class=\"elheraldo__StyledParagraph-sc-60z8lc-1 dEjMiD article-body__paragraph\"><b>Lea <\/b><a href=\"https:\/\/www.elheraldo.co\/sociedad\/2025\/11\/22\/bullerengue-y-rap-se-unen-para-sanar-un-pais-herido\/\" rel=\"nofollow noopener\" target=\"_blank\"><b>Bullerengue y rap se unen para sanar un pa\u00eds herido<\/b><\/a><\/p>\n<p class=\"elheraldo__StyledParagraph-sc-60z8lc-1 dEjMiD article-body__paragraph\">El 22 de noviembre de 1995, antes de YouTube, antes de Netflix, antes incluso de que los computadores fueran realmente \u201camigables\u201d, Pixar estren\u00f3 en salas la primera cinta animada completamente en CGI (Imagen generada por computador). Y aunque hoy parece inevitable que se convirtiera en un fen\u00f3meno, en su momento todo era incertidumbre, intuici\u00f3n y un poco de locura.<\/p>\n<p class=\"elheraldo__StyledParagraph-sc-60z8lc-1 dEjMiD article-body__paragraph\">Pete Docter, Supervisor de animaci\u00f3n y guionista de la pel\u00edcula, recuerda que se sent\u00eda como un mont\u00f3n de gente haciendo una pel\u00edcula en su garaje. \u201cEst\u00e1bamos averiguando todo mientras avanz\u00e1bamos. Se sent\u00eda como si lo hici\u00e9ramos por diversi\u00f3n\u201d. <\/p>\n<p class=\"elheraldo__StyledParagraph-sc-60z8lc-1 dEjMiD article-body__paragraph\">Andrew Stanton y Jonas Rivera, que en ese entonces eran apenas los segundos animadores contratados por el estudio y el primer interno de producci\u00f3n, coinciden con esa sensaci\u00f3n de estar jugando con dinamita.<\/p>\n<p class=\"elheraldo__StyledParagraph-sc-60z8lc-1 dEjMiD article-body__paragraph\"><b>Aqu\u00ed <\/b><a href=\"https:\/\/www.elheraldo.co\/sociedad\/2025\/11\/22\/sebastian-yatra-presenta-la-fkn-vibra-junto-a-xavi\/\" rel=\"nofollow noopener\" target=\"_blank\"><b>Sebasti\u00e1n Yatra presenta \u201cLa fkn vibra\u201d junto a Xavi<\/b><\/a><\/p>\n<p class=\"elheraldo__StyledParagraph-sc-60z8lc-1 dEjMiD article-body__paragraph\">Pixar hab\u00eda conseguido un acuerdo de 26 millones de d\u00f3lares con Disney para producir tres largometrajes, pero no ten\u00edan nada claro. Solo tres posibles ideas: dos basadas en libros infantiles y un \u201cconcepto medio cocinado\u201d sobre un par de juguetes. Disney eligi\u00f3 la tercera. Y ah\u00ed comenz\u00f3 la traves\u00eda.<\/p>\n<p><img alt=\"\" class=\"global-image\" decoding=\"async\" src=\"https:\/\/www.europesays.com\/es\/wp-content\/uploads\/2025\/11\/CKYDIXIM3BA6JNXAO45CYD2LBY.jpg\" width=\"100\" fetchpriority=\"low\" loading=\"lazy\"\/>Disney\/Pixar\/Cortes\u00eda<\/p>\n<p class=\"elheraldo__StyledParagraph-sc-60z8lc-1 dEjMiD article-body__paragraph\">La historia de Toy Story no fue una l\u00ednea recta. Los realizadores pasaron por un momento cr\u00edtico, conocido como el Black Friday del estudio, una funci\u00f3n desastrosa con ejecutivos de Disney que casi cancela el proyecto por completo. La pel\u00edcula, literalmente, pend\u00eda de un hilo. Pero el equipo tuvo dos semanas para reescribir escenas, afinar personajes y rescatar la historia.<\/p>\n<p class=\"elheraldo__StyledParagraph-sc-60z8lc-1 dEjMiD article-body__paragraph\">Woody, el vaquero de cuerda al que el genial Tom Hanks le da voz en la versi\u00f3n original, era en un inicio m\u00e1s sarc\u00e1stico, incluso m\u00e1s oscuro. Pero los cineastas quer\u00edan a alguien m\u00e1s complejo, con luces y sombras. Jonas Rivera explica que \u201cWoody tiene miedo de ser reemplazado. Todos hemos sentido eso alguna vez\u2026 y lo envolvimos en este paquete de Toy Story\u201d.<\/p>\n<p class=\"elheraldo__StyledParagraph-sc-60z8lc-1 dEjMiD article-body__paragraph\"><b>Adem\u00e1s <\/b><a href=\"https:\/\/www.elheraldo.co\/sociedad\/2025\/11\/22\/yeison-jimenez-rompe-records-con-se-acabo\/\" rel=\"nofollow noopener\" target=\"_blank\"><b>Yeison Jim\u00e9nez rompe r\u00e9cords con \u2018Se Acab\u00f3\u2019<\/b><\/a><\/p>\n<p class=\"elheraldo__StyledParagraph-sc-60z8lc-1 dEjMiD article-body__paragraph\">Y fue ah\u00ed donde la pel\u00edcula encontr\u00f3 su eje emocional. Andrew Stanton confiesa que estuvo parcializado por Woody, simplemente \u201cporque he escrito la mayor\u00eda de lo que dice en las pel\u00edculas. Es mucho una extensi\u00f3n de m\u00ed\u201d.<\/p>\n<p class=\"elheraldo__StyledParagraph-sc-60z8lc-1 dEjMiD article-body__paragraph\">Buzz Lightyear, interpretado por Tim Allen, lleg\u00f3 para empujar a Woody al conflicto que todos pod\u00edan entender, el choque entre lo cl\u00e1sico y lo nuevo. El vaquero de trapo contra la tecnolog\u00eda. El pasado contra la promesa brillante del futuro.<\/p>\n<p class=\"elheraldo__StyledParagraph-sc-60z8lc-1 dEjMiD article-body__paragraph\">Docter a\u00f1ade que una de las cosas que trataron de hacer era expandir los l\u00edmites de la narraci\u00f3n. \u201cEn ese momento, si una pel\u00edcula era animada, la gente asum\u00eda que ser\u00eda un musical, llena de ciertos tropos. Nosotros no quer\u00edamos eso\u201d.<\/p>\n<p class=\"elheraldo__StyledParagraph-sc-60z8lc-1 dEjMiD article-body__paragraph\"><b>Tambi\u00e9n <\/b><a href=\"https:\/\/www.elheraldo.co\/cultura\/teatro\/2025\/11\/22\/este-domingo-barranquilla-se-encuentra-con-el-teatro-en-6-escenarios-de-la-ciudad\/\" rel=\"nofollow noopener\" target=\"_blank\"><b>Este domingo, Barranquilla se encuentra con el teatro en 6 escenarios de la ciudad<\/b><\/a><\/p>\n<p><img alt=\"\" class=\"global-image\" decoding=\"async\" src=\"https:\/\/www.europesays.com\/es\/wp-content\/uploads\/2025\/11\/XKIDW25SP5CVZEGOVJBUXLUNA4.jpg\" width=\"100\" fetchpriority=\"low\" loading=\"lazy\"\/>Disney\/Pixar\/Cortes\u00eda<\/p>\n<p class=\"elheraldo__StyledParagraph-sc-60z8lc-1 dEjMiD article-body__paragraph\">Oscar Arias D\u00edaz, Doctor en Comunicaci\u00f3n de la Universidad del Norte y director de cine, recuerda el contexto en el que irrumpi\u00f3 Toy Story diciendo que el g\u00e9nero de animaci\u00f3n se encontraba con un estilo que ya estaba en la psiquis de la audiencia. <\/p>\n<p class=\"elheraldo__StyledParagraph-sc-60z8lc-1 dEjMiD article-body__paragraph\">\u201cDisney mandaba con una f\u00f3rmula infalible: historias para todo p\u00fablico, musicalizadas, narradas bajo una est\u00e9tica cl\u00e1sica. Pixar se alej\u00f3 de esa f\u00f3rmula moralista y nos llev\u00f3 tras los ojos de un vaquero y un \u2018Space Ranger\u2019\u201d.<\/p>\n<p class=\"elheraldo__StyledParagraph-sc-60z8lc-1 dEjMiD article-body__paragraph\">Arias insiste en que Toy Story funcion\u00f3 porque se apoy\u00f3 en un lenguaje universal: los juguetes. \u201cTodos hemos tenido uno\u201d, dice. \u201cEntraron con un lenguaje universal a un punto de vista desde los juguetes y donde los seres humanos \u00e9ramos solo una parte del rompecabezas\u201d.<\/p>\n<p class=\"elheraldo__StyledParagraph-sc-60z8lc-1 dEjMiD article-body__paragraph\"><b>M\u00e1s <\/b><a href=\"https:\/\/www.elheraldo.co\/entretenimiento\/2025\/11\/22\/elder-dayan-prepara-disco-en-homenaje-al-binomio-de-oro\/\" rel=\"nofollow noopener\" target=\"_blank\"><b>Elder Day\u00e1n prepara disco en homenaje al Binomio de Oro<\/b><\/a><\/p>\n<p class=\"elheraldo__StyledParagraph-sc-60z8lc-1 dEjMiD article-body__paragraph\">Para \u00e9l, lo revolucionario no fue solo la t\u00e9cnica, sino el enfoque pues la pel\u00edcula traslad\u00f3 la aventura a lo cotidiano, a la habitaci\u00f3n de un ni\u00f1o, a la angustia \u00edntima de ser desplazado por lo nuevo. <\/p>\n<p class=\"elheraldo__StyledParagraph-sc-60z8lc-1 dEjMiD article-body__paragraph\">\u201cLo que vemos de la nueva entrega de Toy Story nos lleva a un paradigma distinto: ya no es juguete contra juguete, es juguete contra una tableta. Un universo donde lo digital y lo interactivo vienen a complementar lo que funciona\u201d.<\/p>\n<p><img alt=\"\" class=\"global-image\" decoding=\"async\" src=\"https:\/\/www.europesays.com\/es\/wp-content\/uploads\/2025\/11\/B5LIQROOXZHNRM7YBAN3S4SPGE.jpg\" width=\"100\" fetchpriority=\"low\" loading=\"lazy\"\/>Disney\/Pixar\/Cortes\u00eda<\/p>\n<p class=\"elheraldo__StyledParagraph-sc-60z8lc-1 dEjMiD article-body__paragraph\">Cuando lleg\u00f3 a salas, Toy Story fue un terremoto cultural, casi 400 millones de d\u00f3lares en taquilla, la pel\u00edcula m\u00e1s vista de 1995 y el inicio de una franquicia que todav\u00eda hoy sigue viva. Despu\u00e9s vinieron las secuelas, los especiales, los cortos y hasta Toy Story 5, que se estrenar\u00e1 en 2026 bajo la direcci\u00f3n de Andrew Stanton.<\/p>\n<p class=\"elheraldo__StyledParagraph-sc-60z8lc-1 dEjMiD article-body__paragraph\"><b>Aqu\u00ed <\/b><a href=\"https:\/\/www.elheraldo.co\/moda\/2025\/11\/22\/muere-el-disenador-irlandes-paul-costelloe-a-los-80-anos\/\" rel=\"nofollow noopener\" target=\"_blank\"><b>Muere el dise\u00f1ador irland\u00e9s Paul Costelloe a los 80 a\u00f1os<\/b><\/a><\/p>\n<p class=\"elheraldo__StyledParagraph-sc-60z8lc-1 dEjMiD article-body__paragraph\"><b>Datos curiosos de la pel\u00edcula<\/b><\/p>\n<ol>\n<li>24 empleados de Pixar que trabajaron en la pel\u00edcula original a\u00fan trabajan en el estudio; 6 de ellos participan en la pr\u00f3xima entrega \u2018Toy Story 5\u2019, prevista para el 19 de junio de 2026.<\/li>\n<li>La saga \u2018Toy Story\u2019 ha recibido 10 nominaciones al \u00d3scar y ha ganado 5 estatuillas: Premio Especial de Logro (\u2018Toy Story\u2019), Mejor Canci\u00f3n Original: \u2018When She Loved Me\u2019 (Randy Newman, \u2018Toy Story 2\u2019), Mejor Pel\u00edcula Animada (\u2018Toy Story 3\u2019), Mejor Canci\u00f3n Original: \u2018We Belong Together\u2019 (\u2018Toy Story 3\u2019) y Mejor Pel\u00edcula Animada (\u2018Toy Story 4\u2019)<\/li>\n<li>En la pel\u00edcula original, Woody ten\u00eda 723 puntos de control para animarlo; en \u2018Toy Story 4\u2019 contaba con 7.198.<\/li>\n<li>La potencia de render de Pixar hoy es 12.000 veces mayor que en 1995.<\/li>\n<li>En \u2018Toy Story\u2019 una escena mostraba 10.000 hojas por \u00e1rbol, m\u00e1s de un mill\u00f3n en total. En \u2018Toy Story 4\u2019 una escena lleg\u00f3 a tener 7 mil millones de hojas y m\u00e1s de un bill\u00f3n de agujas de pino, optimizadas luego a 1,7 mil millones y 222 mil millones respectivamente.<\/li>\n<li>La toma m\u00e1s compleja de \u2018Toy Story 4\u2019 requiri\u00f3 un promedio de 1.150 horas por fotograma. La primera pel\u00edcula pod\u00eda renderizarse entera cientos de veces en ese mismo tiempo.<\/li>\n<li>La ic\u00f3nica canci\u00f3n \u2018Yo soy tu amigo fiel\u2019 fue nominada al \u00d3scar y al Globo de Oro.<\/li>\n<li>El cami\u00f3n de Pizza Planet apareci\u00f3 por primera vez en \u2018Toy Story\u2019 y ha estado en casi todas las pel\u00edculas de Pixar.<\/li>\n<li>Muchos libros en el cuarto de Andy tienen t\u00edtulos de cortos de Pixar, con autores nombrados en honor a empleados del estudio.<\/li>\n<li>En 2024 se vendieron m\u00e1s de 50 juguetes de \u2018Toy Story\u2019 por minuto en todo el mundo.<\/li>\n<li>Desde 2020, Disney Store ha vendido suficientes figuras de Woody, Jessie y Buzz para llenar casi siete veces el estadio de Wembley.<\/li>\n<li>Desde 2018, Buzz ha sido el juguete m\u00e1s vendido en Disney Store casi todos los a\u00f1os.<\/li>\n<li>La m\u00fasica de la saga ha acumulado m\u00e1s de 1,8 millones de ventas de \u00e1lbumes y 1.600 millones de reproducciones en plataformas oficiales.<\/li>\n<\/ol>\n<p><img alt=\"\" class=\"global-image\" decoding=\"async\" src=\"https:\/\/www.europesays.com\/es\/wp-content\/uploads\/2025\/11\/VKOXTMM3IFFTXOFLRFGABUYL5E.png\" width=\"100\" fetchpriority=\"low\" loading=\"lazy\"\/>Disney\/Pixar\/Cortes\u00eda<\/p>\n","protected":false},"excerpt":{"rendered":"Por:\u00a0\u00a0Jes\u00fas Lugo Su\u00e1rez Treinta a\u00f1os despu\u00e9s de su estreno, Toy Story sigue siendo una especie de Big Bang&hellip;\n","protected":false},"author":2,"featured_media":252796,"comment_status":"","ping_status":"","sticky":false,"template":"","format":"standard","meta":{"footnotes":""},"categories":[169],"tags":[41310,177,1060,146,147,25,24,176,1505,175,4932,23,43807],"class_list":{"0":"post-252795","1":"post","2":"type-post","3":"status-publish","4":"format-standard","5":"has-post-thumbnail","7":"category-cine","8":"tag-30-anos-de-toy-story","9":"tag-cine","10":"tag-disney","11":"tag-entertainment","12":"tag-entretenimiento","13":"tag-es","14":"tag-espana","15":"tag-film","16":"tag-hollywood","17":"tag-movies","18":"tag-pixar","19":"tag-spain","20":"tag-toy-story"},"share_on_mastodon":{"url":"https:\/\/pubeurope.com\/@es\/115603605325210789","error":""},"_links":{"self":[{"href":"https:\/\/www.europesays.com\/es\/wp-json\/wp\/v2\/posts\/252795","targetHints":{"allow":["GET"]}}],"collection":[{"href":"https:\/\/www.europesays.com\/es\/wp-json\/wp\/v2\/posts"}],"about":[{"href":"https:\/\/www.europesays.com\/es\/wp-json\/wp\/v2\/types\/post"}],"author":[{"embeddable":true,"href":"https:\/\/www.europesays.com\/es\/wp-json\/wp\/v2\/users\/2"}],"replies":[{"embeddable":true,"href":"https:\/\/www.europesays.com\/es\/wp-json\/wp\/v2\/comments?post=252795"}],"version-history":[{"count":0,"href":"https:\/\/www.europesays.com\/es\/wp-json\/wp\/v2\/posts\/252795\/revisions"}],"wp:featuredmedia":[{"embeddable":true,"href":"https:\/\/www.europesays.com\/es\/wp-json\/wp\/v2\/media\/252796"}],"wp:attachment":[{"href":"https:\/\/www.europesays.com\/es\/wp-json\/wp\/v2\/media?parent=252795"}],"wp:term":[{"taxonomy":"category","embeddable":true,"href":"https:\/\/www.europesays.com\/es\/wp-json\/wp\/v2\/categories?post=252795"},{"taxonomy":"post_tag","embeddable":true,"href":"https:\/\/www.europesays.com\/es\/wp-json\/wp\/v2\/tags?post=252795"}],"curies":[{"name":"wp","href":"https:\/\/api.w.org\/{rel}","templated":true}]}}