{"id":252799,"date":"2025-11-24T07:57:08","date_gmt":"2025-11-24T07:57:08","guid":{"rendered":"https:\/\/www.europesays.com\/es\/252799\/"},"modified":"2025-11-24T07:57:08","modified_gmt":"2025-11-24T07:57:08","slug":"el-ayuntamiento-de-sevilla-celebra-la-jornada-aplazada-por-el-dia-mundial-de-la-diabetes-con-un-circuito-saludable-de-prevencion-y-cribado","status":"publish","type":"post","link":"https:\/\/www.europesays.com\/es\/252799\/","title":{"rendered":"El Ayuntamiento de Sevilla celebra la jornada aplazada por el D\u00eda Mundial de la Diabetes con un circuito saludable de prevenci\u00f3n y cribado"},"content":{"rendered":"<p>El Ayuntamiento de Sevilla, a trav\u00e9s de la delegaci\u00f3n de Promoci\u00f3n de la Salud, ha celebrado este viernes la jornada de sensibilizaci\u00f3n por el D\u00eda Mundial de la Diabetes, una actividad que tuvo que ser aplazada el pasado 14 de noviembre por la activaci\u00f3n de la alerta naranja del AEMET. La iniciativa, que se ha desarrollado en el Centro C\u00edvico Las Sirenas en horario de 10:00 a 14:00 horas, ha tenido como objetivo promover la detecci\u00f3n precoz de la diabetes y fomentar h\u00e1bitos de vida saludables entre la ciudadan\u00eda.<\/p>\n<p>La delegada de Promoci\u00f3n de la Salud, Blanca Gastalver, ha destacado que esta jornada \u201cpermite a la ciudadan\u00eda conocer su estado de salud, detectar posibles riesgos y recibir orientaci\u00f3n profesional para prevenir o controlar la diabetes\u201d. Asimismo, ha se\u00f1alado que \u201cdesde el Ayuntamiento seguimos impulsando programas de promoci\u00f3n de la salud para fomentar la alimentaci\u00f3n equilibrada, la actividad f\u00edsica y la prevenci\u00f3n de enfermedades no transmisibles como la diabetes, la obesidad o la hipertensi\u00f3n arterial\u201d, subrayando tambi\u00e9n la importancia de la coordinaci\u00f3n entre colegios profesionales, asociaciones de pacientes y administraciones p\u00fablicas.<\/p>\n<p>El circuito ha contado con una zona cl\u00ednica en la que se ha entregado a cada participante un pasaporte saludable donde se han registrado sus datos b\u00e1sicos de salud, como edad, peso, talla e IMC. A continuaci\u00f3n, profesionales de la enfermer\u00eda y de la farmacia han realizado pruebas de tensi\u00f3n arterial, glucemia y hemoglobina glicosilada, determinando el riesgo cardiovascular y de diabetes de las personas que se han acercado. Los asistentes que presentaban valores que requer\u00edan una valoraci\u00f3n m\u00e1s detallada han sido atendidos posteriormente por m\u00e9dicos de Atenci\u00f3n Primaria en una mesa de derivaci\u00f3n encargada de evaluar las pruebas realizadas y recoger los pasaportes sanitarios para su posterior estudio.<\/p>\n<p>Adem\u00e1s, se ha habilitado una zona de promoci\u00f3n de la salud en la que se han desarrollado talleres de alimentaci\u00f3n con elaboraci\u00f3n de men\u00fas saludables para las distintas comidas del d\u00eda, recomendaciones sobre actividad f\u00edsica adecuada, pruebas de agudeza visual para valorar posibles derivaciones y consejos de salud bucodental por parte de profesionales especializados. Como cierre del recorrido, se ha ofrecido fruta fresca y material divulgativo a los participantes.<\/p>\n<p>La jornada ha sido organizada por el Ayuntamiento de Sevilla y ha contado con la colaboraci\u00f3n de Colegio Oficial de Farmac\u00e9uticos de Sevilla, el Colegio Oficial de Enfermer\u00eda de Sevilla, el Colegio Oficial de M\u00e9dicos de Sevilla, el Colegio Oficial de \u00d3pticos-Optometristas de Andaluc\u00eda, el Colegio Oficial de Dentistas de Sevilla y la Asociaci\u00f3n Diabetes Sevilla (ANADIS) y Laboratorios Sandoz Farmac\u00e9utica S. A.<\/p>\n","protected":false},"excerpt":{"rendered":"El Ayuntamiento de Sevilla, a trav\u00e9s de la delegaci\u00f3n de Promoci\u00f3n de la Salud, ha celebrado este viernes&hellip;\n","protected":false},"author":2,"featured_media":252800,"comment_status":"","ping_status":"","sticky":false,"template":"","format":"standard","meta":{"footnotes":""},"categories":[92],"tags":[25,24,165,166,23],"class_list":{"0":"post-252799","1":"post","2":"type-post","3":"status-publish","4":"format-standard","5":"has-post-thumbnail","7":"category-salud","8":"tag-es","9":"tag-espana","10":"tag-health","11":"tag-salud","12":"tag-spain"},"share_on_mastodon":{"url":"https:\/\/pubeurope.com\/@es\/115603612869198777","error":""},"_links":{"self":[{"href":"https:\/\/www.europesays.com\/es\/wp-json\/wp\/v2\/posts\/252799","targetHints":{"allow":["GET"]}}],"collection":[{"href":"https:\/\/www.europesays.com\/es\/wp-json\/wp\/v2\/posts"}],"about":[{"href":"https:\/\/www.europesays.com\/es\/wp-json\/wp\/v2\/types\/post"}],"author":[{"embeddable":true,"href":"https:\/\/www.europesays.com\/es\/wp-json\/wp\/v2\/users\/2"}],"replies":[{"embeddable":true,"href":"https:\/\/www.europesays.com\/es\/wp-json\/wp\/v2\/comments?post=252799"}],"version-history":[{"count":0,"href":"https:\/\/www.europesays.com\/es\/wp-json\/wp\/v2\/posts\/252799\/revisions"}],"wp:featuredmedia":[{"embeddable":true,"href":"https:\/\/www.europesays.com\/es\/wp-json\/wp\/v2\/media\/252800"}],"wp:attachment":[{"href":"https:\/\/www.europesays.com\/es\/wp-json\/wp\/v2\/media?parent=252799"}],"wp:term":[{"taxonomy":"category","embeddable":true,"href":"https:\/\/www.europesays.com\/es\/wp-json\/wp\/v2\/categories?post=252799"},{"taxonomy":"post_tag","embeddable":true,"href":"https:\/\/www.europesays.com\/es\/wp-json\/wp\/v2\/tags?post=252799"}],"curies":[{"name":"wp","href":"https:\/\/api.w.org\/{rel}","templated":true}]}}