{"id":252810,"date":"2025-11-24T08:03:19","date_gmt":"2025-11-24T08:03:19","guid":{"rendered":"https:\/\/www.europesays.com\/es\/252810\/"},"modified":"2025-11-24T08:03:19","modified_gmt":"2025-11-24T08:03:19","slug":"pim-pam-pum-del-barcelona-en-el-ciutat","status":"publish","type":"post","link":"https:\/\/www.europesays.com\/es\/252810\/","title":{"rendered":"&#8216;Pim, pam, pum&#8217; del Barcelona en el Ciutat"},"content":{"rendered":"<p data-mrf-recirculation=\"Links P\u00e1rrafos\" class=\"ue-c-article__paragraph paragraph ue-c-article--first-letter-highlighted\"><strong>El Barcelona se impuso al Levante (0-4)\u00a0en el Ciutat de Val\u00e8ncia<\/strong> gracias a los <strong>goles de Ewa Pajor, Kika Nazareth, Claudia Pina y Alexia Putellas<\/strong> y refrend\u00f3 su liderato antes del \u00faltimo par\u00f3n internacional del a\u00f1o.<\/p>\n<p data-mrf-recirculation=\"Links P\u00e1rrafos\" class=\"ue-c-article__paragraph paragraph\">El Levante aguant\u00f3 al Barcelona hasta que <strong>Pajor saci\u00f3 su hambre de gol a los 14 minutos de juego<\/strong>. La polaca recibi\u00f3 un pase picado de Kika, control\u00f3 con el pecho y defini\u00f3 con un derechazo cruzado ante la debutante Anna \u00c1lvarez.\u00a0Antes de la media hora de acci\u00f3n, <strong>la \u00e1rbitra se\u00f1al\u00f3 penalti -tras revisi\u00f3n en el FVS- por una patada de Velasco sobre Schertenleib<\/strong> al intentar despejar un bal\u00f3n tras la salida de un c\u00f3rner. <strong>Pina asumi\u00f3 la responsabilidad&#8230; y lo mand\u00f3 a las nubes<\/strong>.\u00a0<\/p>\n<p>Uno no, otro s\u00ed<img decoding=\"async\" src=\"https:\/\/www.europesays.com\/es\/wp-content\/uploads\/2025\/11\/692352f610c25.jpeg\" class=\"ue-c-article__image\" alt=\"\"\/><\/p>\n<p>Claudia Pina lanzando un penalti ante el LevanteEFE<\/p>\n<p data-mrf-recirculation=\"Links P\u00e1rrafos\" class=\"ue-c-article__paragraph paragraph\">El dominio visitante fue apabullante, pero las ocasiones no terminaron de traducirse en algo m\u00e1s. Pina, cuyo disparo a bocajarro fue despejado por M\u00e9rida cuando ya se cantaba gol; y Kika, con un remate que se fue al tejado, fueron las jugadoras que m\u00e1s cerca tuvieron el segundo. El Levante lleg\u00f3 al descanso metidas en el partido, pero, <strong>m\u00e1s all\u00e1 de la voluntad de Alharilla y Cabezas no hubo disparos -a puerta o fuera- que rese\u00f1ar en el primer acto<\/strong>.<\/p>\n<p data-mrf-recirculation=\"Links P\u00e1rrafos\" class=\"ue-c-article__paragraph paragraph\">Todo lo que se enred\u00f3 en el primer acto, lo desenred\u00f3 el Barcelona en cinco minutos del segundo acto. <strong>Un pase filtrado de Pina a Kika habilit\u00f3 a la lusa que, tras un giro de cadera, super\u00f3 a la meta local<\/strong>.<\/p>\n<p>Dos balones al travesa\u00f1o<img decoding=\"async\" src=\"https:\/\/www.europesays.com\/es\/wp-content\/uploads\/2025\/11\/692353466d9d2.jpeg\" class=\"ue-c-article__image\" alt=\"\"\/><\/p>\n<p>Las jugadoras del Barcelona celebran un gol ante el Levante.EFE<\/p>\n<p data-mrf-recirculation=\"Links P\u00e1rrafos\" class=\"ue-c-article__paragraph paragraph\">El Levante, a pesar de dar una imagen digna y mejorada de lo mostrado hasta la fecha, sigue siendo cuesti\u00f3n de chispazos. En uno de ellos, <strong>Erika recibi\u00f3 un bal\u00f3n en tres cuartos, se acomod\u00f3 para pegarla con su pierna derecha y estrell\u00f3 el bal\u00f3n en el travesa\u00f1o<\/strong>.<\/p>\n<p data-mrf-recirculation=\"Links P\u00e1rrafos\" class=\"ue-c-article__paragraph paragraph\">Pasada la hora de juego, <strong>el FSV volvi\u00f3 a entrar en escena para mostrar a la \u00e1rbitra el penalti cometido por M\u00e9rida a Kika<\/strong> al intentar taponar un remate. <strong>De nuevo Pina pidi\u00f3 el bal\u00f3n&#8230; y esta vez no fall\u00f3<\/strong>.<\/p>\n<p><img decoding=\"async\" src=\"https:\/\/www.europesays.com\/es\/wp-content\/uploads\/2025\/11\/69235aad58c20.jpeg\" class=\"ue-c-article__image\" alt=\"\"\/><\/p>\n<p>Ficha del Levante-Barcelona.<\/p>\n<p data-mrf-recirculation=\"Links P\u00e1rrafos\" class=\"ue-c-article__paragraph paragraph\">El Barcelona meti\u00f3 m\u00e1s p\u00f3lvora en el terreno de juego. <strong>Aleixandri, Juli\u00e1, Graham, Putellas y Bonmat\u00ed fueron los cambios en el segundo acto<\/strong>. Kika avis\u00f3 de que a\u00fan hab\u00eda cap\u00edtulos que escribir con un derechazo que se estrell\u00f3 en el larguero y <strong>Vicky marc\u00f3 el cuarto<\/strong> al aprovechar un despeje de M\u00e9rida a pase de Graham, <strong>pero no subi\u00f3 al marcador al se\u00f1alar un fuera de juego -ratificado por el FVS- dif\u00edcil de justificar<\/strong>.\u00a0<br \/>\u200b<br \/>\u200bEl candado al partido lo ech\u00f3 <strong>Alexia, anta\u00f1o jugadora del Levante, que anot\u00f3 desde los once metros un penalti cometido sobre ella misma en el tiempo de a\u00f1adido<\/strong>. Victoria c\u00f3moda y de ali\u00f1o para un Barcelona que pudo dosificar esfuerzos antes de la ventana internacional.<\/p>\n","protected":false},"excerpt":{"rendered":"El Barcelona se impuso al Levante (0-4)\u00a0en el Ciutat de Val\u00e8ncia gracias a los goles de Ewa Pajor,&hellip;\n","protected":false},"author":2,"featured_media":252811,"comment_status":"","ping_status":"","sticky":false,"template":"","format":"standard","meta":{"footnotes":""},"categories":[5],"tags":[17,18,25,24,13,14,11,19,20,9,10,15,16,23,12,21,22],"class_list":{"0":"post-252810","1":"post","2":"type-post","3":"status-publish","4":"format-standard","5":"has-post-thumbnail","7":"category-titulares","8":"tag-breaking-news","9":"tag-breakingnews","10":"tag-es","11":"tag-espana","12":"tag-featured-news","13":"tag-featurednews","14":"tag-headlines","15":"tag-latest-news","16":"tag-latestnews","17":"tag-news","18":"tag-noticias","19":"tag-noticias-destacadas","20":"tag-noticiasdestacadas","21":"tag-spain","22":"tag-titulares","23":"tag-ultimas-noticias","24":"tag-ultimasnoticias"},"share_on_mastodon":{"url":"https:\/\/pubeurope.com\/@es\/115603636995035451","error":""},"_links":{"self":[{"href":"https:\/\/www.europesays.com\/es\/wp-json\/wp\/v2\/posts\/252810","targetHints":{"allow":["GET"]}}],"collection":[{"href":"https:\/\/www.europesays.com\/es\/wp-json\/wp\/v2\/posts"}],"about":[{"href":"https:\/\/www.europesays.com\/es\/wp-json\/wp\/v2\/types\/post"}],"author":[{"embeddable":true,"href":"https:\/\/www.europesays.com\/es\/wp-json\/wp\/v2\/users\/2"}],"replies":[{"embeddable":true,"href":"https:\/\/www.europesays.com\/es\/wp-json\/wp\/v2\/comments?post=252810"}],"version-history":[{"count":0,"href":"https:\/\/www.europesays.com\/es\/wp-json\/wp\/v2\/posts\/252810\/revisions"}],"wp:featuredmedia":[{"embeddable":true,"href":"https:\/\/www.europesays.com\/es\/wp-json\/wp\/v2\/media\/252811"}],"wp:attachment":[{"href":"https:\/\/www.europesays.com\/es\/wp-json\/wp\/v2\/media?parent=252810"}],"wp:term":[{"taxonomy":"category","embeddable":true,"href":"https:\/\/www.europesays.com\/es\/wp-json\/wp\/v2\/categories?post=252810"},{"taxonomy":"post_tag","embeddable":true,"href":"https:\/\/www.europesays.com\/es\/wp-json\/wp\/v2\/tags?post=252810"}],"curies":[{"name":"wp","href":"https:\/\/api.w.org\/{rel}","templated":true}]}}