{"id":252812,"date":"2025-11-24T08:11:09","date_gmt":"2025-11-24T08:11:09","guid":{"rendered":"https:\/\/www.europesays.com\/es\/252812\/"},"modified":"2025-11-24T08:11:09","modified_gmt":"2025-11-24T08:11:09","slug":"dos-partidos-en-menos-de-24-horas","status":"publish","type":"post","link":"https:\/\/www.europesays.com\/es\/252812\/","title":{"rendered":"dos partidos en menos de 24 horas"},"content":{"rendered":"<p data-mrf-recirculation=\"Links P\u00e1rrafos\" class=\"ue-c-article__paragraph paragraph ue-c-article--first-letter-highlighted\">Izan Almansa ha tenido un fin de semana de lo m\u00e1s ajetreado. El joven jugador del Real Madrid particip\u00f3 en dos partidos en menos de 24 horas. El viernes a las 21.00 horas estaba en Tenerife para el encuentro de la Liga U que el conjunto madridista disput\u00f3 ante el Fundaci\u00f3n CB Canarias. El s\u00e1bado a las 18.00 horas estaba en Granada para jugar con los mayores en la Liga Endesa. Cosas de alternar las dos competiciones.<\/p>\n<p data-mrf-recirculation=\"Links P\u00e1rrafos\" class=\"ue-c-article__paragraph paragraph\">En el primero de los encuentros, el ala-p\u00edvot de 20 a\u00f1os fue quien m\u00e1s tiempo estuvo en pista en las filas blancas. Jug\u00f3 casi 26 minutos para ayudar al triunfo de su equipo con ocho puntos, nueve rebotes y 15 de valoraci\u00f3n.<\/p>\n<p data-mrf-recirculation=\"Links P\u00e1rrafos\" class=\"ue-c-article__paragraph paragraph\">En el duelo de la ACB, al que lleg\u00f3 por la ausencia de Alex Len, tuvo mucho menos protagonismo. S\u00f3lo disfrut\u00f3 de 3:50 minutos en los que le dio tiempo a hacer un matazo a dos manos tras asistencia de Andr\u00e9s Feliz, a fallar el tiro libre adicional y a coger un rebote para acabar con dos cr\u00e9ditos de valoraci\u00f3n.<\/p>\n<p data-mrf-recirculation=\"Links P\u00e1rrafos\" class=\"ue-c-article__paragraph paragraph\">La agenda de Almansa no se vac\u00eda ahora. El ala-p\u00edvot de 2,07 metros es el \u00fanico jugador de Euroliga que ha sido convocado por Chus Mateo para la Ventana FIBA de clasificaci\u00f3n para el Mundial de Catar en 2027. El Madrid juega este martes en Bulgaria partido de Euroliga frente al Hapoel Tel Aviv, pero \u00e9l no viajar\u00e1. Se queda con la selecci\u00f3n absoluta, que se concentra este lunes en Guadalajara.<\/p>\n<p data-mrf-recirculation=\"Links P\u00e1rrafos\" class=\"ue-c-article__paragraph paragraph\">El jueves, el ala-p\u00edvot estar\u00e1 en Copenhague, donde Espa\u00f1a se enfrentar\u00e1 a Dinamarca, y el domingo cerrar\u00e1 el c\u00edrculo jugando en Tenerife, donde la selecci\u00f3n se medir\u00e1 a Georgia en el segundo partido de esta Ventana. D\u00edas de lo m\u00e1s intensos para Almansa.<\/p>\n","protected":false},"excerpt":{"rendered":"Izan Almansa ha tenido un fin de semana de lo m\u00e1s ajetreado. El joven jugador del Real Madrid&hellip;\n","protected":false},"author":2,"featured_media":252813,"comment_status":"","ping_status":"","sticky":false,"template":"","format":"standard","meta":{"footnotes":""},"categories":[269],"tags":[299,298,168,25,24,23,167],"class_list":{"0":"post-252812","1":"post","2":"type-post","3":"status-publish","4":"format-standard","5":"has-post-thumbnail","7":"category-baloncesto","8":"tag-baloncesto","9":"tag-basketball","10":"tag-deportes","11":"tag-es","12":"tag-espana","13":"tag-spain","14":"tag-sports"},"share_on_mastodon":{"url":"https:\/\/pubeurope.com\/@es\/115603667980206358","error":""},"_links":{"self":[{"href":"https:\/\/www.europesays.com\/es\/wp-json\/wp\/v2\/posts\/252812","targetHints":{"allow":["GET"]}}],"collection":[{"href":"https:\/\/www.europesays.com\/es\/wp-json\/wp\/v2\/posts"}],"about":[{"href":"https:\/\/www.europesays.com\/es\/wp-json\/wp\/v2\/types\/post"}],"author":[{"embeddable":true,"href":"https:\/\/www.europesays.com\/es\/wp-json\/wp\/v2\/users\/2"}],"replies":[{"embeddable":true,"href":"https:\/\/www.europesays.com\/es\/wp-json\/wp\/v2\/comments?post=252812"}],"version-history":[{"count":0,"href":"https:\/\/www.europesays.com\/es\/wp-json\/wp\/v2\/posts\/252812\/revisions"}],"wp:featuredmedia":[{"embeddable":true,"href":"https:\/\/www.europesays.com\/es\/wp-json\/wp\/v2\/media\/252813"}],"wp:attachment":[{"href":"https:\/\/www.europesays.com\/es\/wp-json\/wp\/v2\/media?parent=252812"}],"wp:term":[{"taxonomy":"category","embeddable":true,"href":"https:\/\/www.europesays.com\/es\/wp-json\/wp\/v2\/categories?post=252812"},{"taxonomy":"post_tag","embeddable":true,"href":"https:\/\/www.europesays.com\/es\/wp-json\/wp\/v2\/tags?post=252812"}],"curies":[{"name":"wp","href":"https:\/\/api.w.org\/{rel}","templated":true}]}}