{"id":252814,"date":"2025-11-24T08:12:12","date_gmt":"2025-11-24T08:12:12","guid":{"rendered":"https:\/\/www.europesays.com\/es\/252814\/"},"modified":"2025-11-24T08:12:12","modified_gmt":"2025-11-24T08:12:12","slug":"me-voy-disgustado-con-el-arbitraje","status":"publish","type":"post","link":"https:\/\/www.europesays.com\/es\/252814\/","title":{"rendered":"Me voy disgustado con el arbitraje"},"content":{"rendered":"<p data-gtm-element-container=\"modulo-texto-link\" class=\"paragraph\"><strong>Pere Romeu <\/strong>estall\u00f3 este domingo, a pesar del triunfo de su equipo, debido a la actuaci\u00f3n arbitral. \u201cHay decisiones arbitrales que se tendr\u00edan que detallar m\u00e1s y corregir m\u00e1s. Tengo la sensaci\u00f3n de que con dos posibles revisiones me quedo corto; hoy ha habido acciones que claramente se tendr\u00edan que haber pedido, pero visto el historial en el anterior no lo haces, aunque es error m\u00edo porque ten\u00eda que haberlo hecho. Y luego hay un gol anulado por fuera de juego muy claro que las im\u00e1genes evidenciaban, y yo estaba detr\u00e1s y lo ve\u00eda, y han decidido pitar fuera de juego\u201d, dijo. A\u00f1adi\u00f3 <strong>Romeu <\/strong>que \u201choy, contentos porque ganas 0-4 y de aqu\u00ed dos d\u00edas la gente se olvidar\u00e1 de esto, pero la realidad es que, a pesar de haber ganado, me voy disgustado con esto porque el d\u00eda de ma\u00f1ana, en un marcador m\u00e1s ajustado, esto nos puede pasar factura\u201d.<\/p>\n<p>    Lee tambi\u00e9n<\/p>\n<p data-gtm-element-container=\"modulo-texto-link\" class=\"paragraph\">Sobre el partido en s\u00ed dijo que \u00abhemos atacado un bloque muy bajo, muy denso, nos taparon mucho entre l\u00edneas, tuvimos pocos centros, en el descanso ajustamos algunas cosas y en la segunda sali\u00f3 mejor. En la primera parte hemos tenido p\u00e9rdidas innecesarias que han provocado contras, pero al descanso hemos corregido. Contento con cerrar este ciclo de noviembre con 3 puntos m\u00e1s y una victoria\u00bb.<\/p>\n","protected":false},"excerpt":{"rendered":"Pere Romeu estall\u00f3 este domingo, a pesar del triunfo de su equipo, debido a la actuaci\u00f3n arbitral. \u201cHay&hellip;\n","protected":false},"author":2,"featured_media":252815,"comment_status":"","ping_status":"","sticky":false,"template":"","format":"standard","meta":{"footnotes":""},"categories":[268],"tags":[168,25,24,280,282,281,23,167],"class_list":{"0":"post-252814","1":"post","2":"type-post","3":"status-publish","4":"format-standard","5":"has-post-thumbnail","7":"category-futbol","8":"tag-deportes","9":"tag-es","10":"tag-espana","11":"tag-football","12":"tag-futbol","13":"tag-soccer","14":"tag-spain","15":"tag-sports"},"share_on_mastodon":{"url":"https:\/\/pubeurope.com\/@es\/115603671964798883","error":""},"_links":{"self":[{"href":"https:\/\/www.europesays.com\/es\/wp-json\/wp\/v2\/posts\/252814","targetHints":{"allow":["GET"]}}],"collection":[{"href":"https:\/\/www.europesays.com\/es\/wp-json\/wp\/v2\/posts"}],"about":[{"href":"https:\/\/www.europesays.com\/es\/wp-json\/wp\/v2\/types\/post"}],"author":[{"embeddable":true,"href":"https:\/\/www.europesays.com\/es\/wp-json\/wp\/v2\/users\/2"}],"replies":[{"embeddable":true,"href":"https:\/\/www.europesays.com\/es\/wp-json\/wp\/v2\/comments?post=252814"}],"version-history":[{"count":0,"href":"https:\/\/www.europesays.com\/es\/wp-json\/wp\/v2\/posts\/252814\/revisions"}],"wp:featuredmedia":[{"embeddable":true,"href":"https:\/\/www.europesays.com\/es\/wp-json\/wp\/v2\/media\/252815"}],"wp:attachment":[{"href":"https:\/\/www.europesays.com\/es\/wp-json\/wp\/v2\/media?parent=252814"}],"wp:term":[{"taxonomy":"category","embeddable":true,"href":"https:\/\/www.europesays.com\/es\/wp-json\/wp\/v2\/categories?post=252814"},{"taxonomy":"post_tag","embeddable":true,"href":"https:\/\/www.europesays.com\/es\/wp-json\/wp\/v2\/tags?post=252814"}],"curies":[{"name":"wp","href":"https:\/\/api.w.org\/{rel}","templated":true}]}}