{"id":252820,"date":"2025-11-24T08:18:11","date_gmt":"2025-11-24T08:18:11","guid":{"rendered":"https:\/\/www.europesays.com\/es\/252820\/"},"modified":"2025-11-24T08:18:11","modified_gmt":"2025-11-24T08:18:11","slug":"nos-estamos-destruyendo-a-nosotros-mismos-brendan-fraser-echa-en-cara-a-warner-que-no-estrenara-una-de-sus-peliculas-mas-potentes","status":"publish","type":"post","link":"https:\/\/www.europesays.com\/es\/252820\/","title":{"rendered":"\u00abNos estamos destruyendo a nosotros mismos\u00bb. Brendan Fraser echa en cara a Warner que no estrenara una de sus pel\u00edculas m\u00e1s potentes"},"content":{"rendered":"<p>No hay tantas <strong>pel\u00edculas importantes en la historia del cine que han ocultado a nuestros ojos<\/strong> y jam\u00e1s podremos ver. Puede que la m\u00e1s famosa sea <a class=\"text-outboundlink\" href=\"https:\/\/www.espinof.com\/estrenos\/pelicula-maldita-historia-se-estrenara-al-fin-52-anos-despues-rodarse-nadie-vera-nunca-porque-estoy-avergonzado-mi-pobre-trabajo\" data-vars-post-title=\"La pel\u00edcula m\u00e1s maldita de la historia se estrenar\u00e1 al fin 52 a\u00f1os despu\u00e9s de rodarse: &quot;Nadie la ver\u00e1 nunca porque estoy avergonzado de mi pobre trabajo&quot;\" data-vars-post-url=\"https:\/\/www.espinof.com\/estrenos\/pelicula-maldita-historia-se-estrenara-al-fin-52-anos-despues-rodarse-nadie-vera-nunca-porque-estoy-avergonzado-mi-pobre-trabajo\" rel=\"nofollow noopener\" target=\"_blank\">&#8216;The day the clown cried&#8217;<\/a>, la obra de Jerry Lewis sobre un payaso en los campos de concentraci\u00f3n, pero en los tiempos actuales hay otros dos ejemplos que duelen: al menos &#8216;Coyote vs ACME&#8217; <a class=\"text-outboundlink\" href=\"https:\/\/www.espinof.com\/modelos-de-negocio\/hoy-mundo-lugar-mejor-porque-coyote-vs-acme-evita-marcarse-batgirl-se-estrenara-cines-su-venta-50-millones-dolares\" data-vars-post-title=\"Hoy el mundo es un lugar mejor porque &#039;Coyote Vs. Acme&#039; no ser\u00e1 otra &#039;Batgirl&#039;. Warner la ha vendido y se estrenar\u00e1 en cines\" data-vars-post-url=\"https:\/\/www.espinof.com\/modelos-de-negocio\/hoy-mundo-lugar-mejor-porque-coyote-vs-acme-evita-marcarse-batgirl-se-estrenara-cines-su-venta-50-millones-dolares\" rel=\"nofollow noopener\" target=\"_blank\">va a tener su redenci\u00f3n<\/a> estren\u00e1ndose el 28 de agosto del a\u00f1o que viene, pero muchos seguimos pregunt\u00e1ndonos por qu\u00e9 no podremos juzgar con nuestros ojos <a class=\"text-outboundlink\" href=\"https:\/\/www.espinof.com\/proyectos\/batgirl-que-a-warner-no-le-compensa-estrenar-pelicula-terminada-que-han-gastado-90-millones-dolares\" data-vars-post-title=\"&#039;Batgirl&#039;: por qu\u00e9 a Warner no le compensa estrenar una pel\u00edcula terminada en la que han gastado 90 millones de d\u00f3lares\" data-vars-post-url=\"https:\/\/www.espinof.com\/proyectos\/batgirl-que-a-warner-no-le-compensa-estrenar-pelicula-terminada-que-han-gastado-90-millones-dolares\" rel=\"nofollow noopener\" target=\"_blank\">&#8216;Batgirl&#8217;<\/a>.\u00a0<\/p>\n<p>Buen trabajo, a la estanter\u00eda<\/p>\n<p>Brendan Fraser, que en la pel\u00edcula interpretaba a Luci\u00e9rnaga, un pir\u00f3mano enemigo de la Bat-familia, ha hablado ahora con <a rel=\"noopener, noreferrer nofollow\" href=\"https:\/\/apnews.com\/article\/brendan-fraser-rental-family-interview-1d3895901593b28eccd6547be8ffbfcc\" target=\"_blank\">Associated Press<\/a> sobre perder para siempre una obra en la que has trabajado meses por mera decisi\u00f3n empresarial: \u00abEl producto (lo siento, &#8216;el contenido&#8217;) se ha mercantilizado hasta tal punto que <strong>resulta m\u00e1s rentable quemarlo y cobrar el seguro que darle una oportunidad<\/strong> en el mercado. Con todo respeto, podr\u00edamos estar destruy\u00e9ndonos a nosotros mismos\u00bb. Raz\u00f3n no le falta.<\/p>\n<blockquote><p>Toda una pel\u00edcula. O sea, tuvimos cuatro pisos de producci\u00f3n en Glasgow. Me asomaba al departamento de arte solo para ponerme en plan friki. La tragedia es que hay una generaci\u00f3n de ni\u00f1as que no tienen una hero\u00edna a la que mirar y decir \u00abSe parece a m\u00ed\u00bb.\u00a0<\/p><\/blockquote>\n<p>    <a href=\"https:\/\/www.espinof.com\/otros\/batgirl-sylvester-stallone-asi-pelicula-maldita-actor-que-nunca-llego-a-estrenarse-provoco-demandas-valor-70-millones-dolares\" class=\"pivot-outboundlink\" data-vars-post-title=\"Cuando Sylvester Stallone logr\u00f3 que no se estrenase una de sus pel\u00edculas: as\u00ed es la &#039;Batgirl&#039; del actor que provoc\u00f3 demandas por valor de 70 millones de d\u00f3lares\" rel=\"nofollow noopener\" target=\"_blank\"><br \/>\n     <img loading=\"lazy\" decoding=\"async\" alt=\"Cuando Sylvester Stallone logr\u00f3 que no se estrenase una de sus pel\u00edculas: as\u00ed es la 'Batgirl' del actor que provoc\u00f3 demandas por valor de 70 millones de d\u00f3lares\" width=\"375\" height=\"142\" src=\"https:\/\/www.europesays.com\/es\/wp-content\/uploads\/2025\/11\/1763972291_977_375_142.jpeg\"\/><br \/>\n    <\/a><\/p>\n<p>Efectivamente, Leslie Grace habr\u00eda sido la primera Batgirl con pel\u00edcula propia, con directores de clase A en Hollywood liderando un reparto excepcional&#8230; Como dice el propio Fraser, <strong>\u201cMichael Keaton volv\u00eda como Batman. \u00a1Batman!\u00bb<\/strong>. Que el actor nos perdone si, en este caso, no nos emocionamos demasiado: tambi\u00e9n volvi\u00f3 en <a class=\"text-outboundlink\" href=\"https:\/\/www.espinof.com\/criticas\/the-flash-mejores-peliculas-dc-ezra-miller-capitanea-gran-entretenimiento-sabor-a-cierre-para-snydervese\" data-vars-post-title=\"&#039;Flash&#039; es una de las mejores pel\u00edculas de DC: Ezra Miller capitanea un gran entretenimiento con sabor a cierre para el Snydervese\" data-vars-post-url=\"https:\/\/www.espinof.com\/criticas\/the-flash-mejores-peliculas-dc-ezra-miller-capitanea-gran-entretenimiento-sabor-a-cierre-para-snydervese\" rel=\"nofollow noopener\" target=\"_blank\">&#8216;Flash&#8217;<\/a> y tampoco fue la repanocha. Eso s\u00ed, la duda sobre si alg\u00fan d\u00eda sacar\u00e1n &#8216;Batgirl&#8217; de los s\u00f3tanos de Warner sigue en pie eliminando su categor\u00eda de pel\u00edcula maldita sigue ah\u00ed. No puede ser, por mucha econom\u00eda creativa que hagan, que d\u00e9 m\u00e1s dinero borrarla de la existencia.<\/p>\n<p>En Espinof |\u00a0<a class=\"text-outboundlink\" href=\"https:\/\/www.espinof.com\/otros\/netflix-tuvo-su-propia-batgirl-5-anos-hbo-max-su-caso-motivo-cancelacion-tiene-nombre-propio-kevin-spacey\" data-vars-post-title=\"Netflix tuvo su propia &#039;Batgirl&#039; 5 a\u00f1os antes que HBO Max, pero en su caso el motivo de la cancelaci\u00f3n tiene nombre propio: Kevin Spacey\" data-vars-post-url=\"https:\/\/www.espinof.com\/otros\/netflix-tuvo-su-propia-batgirl-5-anos-hbo-max-su-caso-motivo-cancelacion-tiene-nombre-propio-kevin-spacey\" rel=\"nofollow noopener\" target=\"_blank\">Netflix tuvo su propia &#8216;Batgirl&#8217; 5 a\u00f1os antes que HBO Max, pero en su caso el motivo de la cancelaci\u00f3n tiene nombre propio: Kevin Spacey<\/a><\/p>\n<p>En Espinof | <a class=\"text-outboundlink\" href=\"https:\/\/www.espinof.com\/listas\/mejores-peliculas-2025\" data-vars-post-title=\"Las 15 mejores pel\u00edculas de 2025 (por ahora)\" data-vars-post-url=\"https:\/\/www.espinof.com\/listas\/mejores-peliculas-2025\" rel=\"nofollow noopener\" target=\"_blank\">Las mejores pel\u00edculas de 2025<\/a><\/p>\n","protected":false},"excerpt":{"rendered":"No hay tantas pel\u00edculas importantes en la historia del cine que han ocultado a nuestros ojos y jam\u00e1s&hellip;\n","protected":false},"author":2,"featured_media":252821,"comment_status":"","ping_status":"","sticky":false,"template":"","format":"standard","meta":{"footnotes":""},"categories":[169],"tags":[177,146,147,25,24,176,175,23],"class_list":{"0":"post-252820","1":"post","2":"type-post","3":"status-publish","4":"format-standard","5":"has-post-thumbnail","7":"category-cine","8":"tag-cine","9":"tag-entertainment","10":"tag-entretenimiento","11":"tag-es","12":"tag-espana","13":"tag-film","14":"tag-movies","15":"tag-spain"},"share_on_mastodon":{"url":"https:\/\/pubeurope.com\/@es\/115603696075617107","error":""},"_links":{"self":[{"href":"https:\/\/www.europesays.com\/es\/wp-json\/wp\/v2\/posts\/252820","targetHints":{"allow":["GET"]}}],"collection":[{"href":"https:\/\/www.europesays.com\/es\/wp-json\/wp\/v2\/posts"}],"about":[{"href":"https:\/\/www.europesays.com\/es\/wp-json\/wp\/v2\/types\/post"}],"author":[{"embeddable":true,"href":"https:\/\/www.europesays.com\/es\/wp-json\/wp\/v2\/users\/2"}],"replies":[{"embeddable":true,"href":"https:\/\/www.europesays.com\/es\/wp-json\/wp\/v2\/comments?post=252820"}],"version-history":[{"count":0,"href":"https:\/\/www.europesays.com\/es\/wp-json\/wp\/v2\/posts\/252820\/revisions"}],"wp:featuredmedia":[{"embeddable":true,"href":"https:\/\/www.europesays.com\/es\/wp-json\/wp\/v2\/media\/252821"}],"wp:attachment":[{"href":"https:\/\/www.europesays.com\/es\/wp-json\/wp\/v2\/media?parent=252820"}],"wp:term":[{"taxonomy":"category","embeddable":true,"href":"https:\/\/www.europesays.com\/es\/wp-json\/wp\/v2\/categories?post=252820"},{"taxonomy":"post_tag","embeddable":true,"href":"https:\/\/www.europesays.com\/es\/wp-json\/wp\/v2\/tags?post=252820"}],"curies":[{"name":"wp","href":"https:\/\/api.w.org\/{rel}","templated":true}]}}