{"id":252826,"date":"2025-11-24T08:21:10","date_gmt":"2025-11-24T08:21:10","guid":{"rendered":"https:\/\/www.europesays.com\/es\/252826\/"},"modified":"2025-11-24T08:21:10","modified_gmt":"2025-11-24T08:21:10","slug":"vol-2-ibiza-ganadores-de-3-premios-en-el-festival-de-cine-de-almeria","status":"publish","type":"post","link":"https:\/\/www.europesays.com\/es\/252826\/","title":{"rendered":"vol. 2 Ibiza&#8217;, ganadores de 3 premios en el Festival de Cine de Almer\u00eda"},"content":{"rendered":"<p class=\"L6-news-detail__text\">Cuatro <b>producciones de atresplayer<\/b> han sido galardonadas este fin de semana con sendos premios en el <b>Festival de Cine de Almer\u00eda<\/b>, en tres categor\u00edas diferentes. En las categor\u00edas de <b>series dram\u00e1ticas<\/b>, la ganadora de la edici\u00f3n ha sido la segunda parte de &#8216;La Ruta&#8217;, <b>&#8216;<a title=\"La Ruta: vol. 2 Ibiza\" href=\"https:\/\/www.lasexta.com\/noticias\/cultura\/26-octubre-llega-ruta-vol-2-ibiza-segunda-temporada-aclamada-serie-atresplayer_2025092368d2bbda5f87ee0831fa17ef.html\" target=\"_blank\" rel=\"nofollow noopener\">La Ruta: vol. 2 Ibiza<\/a>&#8216;<\/b>, una serie cuya primera parte ya fue aclamada por la cr\u00edtica y merecedora de seis de los 11 premios a los que fue nominada en 2023.<\/p>\n<p class=\"L6-news-detail__text\">En esta segunda parte de la producci\u00f3n de atresplayer, se relata la historia <b>Marc Rib\u00f3, DJ residente una de las grandes discotecas de Ibiza<\/b> en 1996. En ese momento, la isla est\u00e1 a punto de convertirse en la capital del ocio mundial, aunque 25 a\u00f1os antes, en los primeros 70, era un <b>oasis de libertad en la Espa\u00f1a franquista<\/b>. Esa Ibiza es la que conocen los padres de Marc, pocos meses antes de morir en el famoso <b>accidente a\u00e9reo del Caravelle de 1972<\/b>, con los mismos a\u00f1os que cumplir\u00e1 Marc al llegar a la isla. As\u00ed, la juventud de Marc en Ibiza se convierte en una especie de reflejo de la juventud de sus padres; tan parecida y tan distinta como esa isla que, de alguna manera, les ha vuelto a juntar.<\/p>\n<p class=\"L6-news-detail__text\"><b>&#8216;<a title=\"La Ruta: vol. 2 Ibiza\" href=\"https:\/\/www.lasexta.com\/noticias\/cultura\/26-octubre-llega-ruta-vol-2-ibiza-segunda-temporada-aclamada-serie-atresplayer_2025092368d2bbda5f87ee0831fa17ef.html\" target=\"_blank\" rel=\"nofollow noopener\">La Ruta: vol. 2 Ibiza<\/a>&#8216; <\/b>ha sido galardonada con el <b>premio a mejor serie dram\u00e1tica<\/b>. En la categor\u00eda de series dram\u00e1ticas, tambi\u00e9n han resultado premiados Pau Freixas y Pol Cortecans como mejores creadores y Miren Ibarguren como mejor actriz, todos por &#8216;Los sin nombre&#8217;, y Javier C\u00e1mara por su interpretaci\u00f3n en &#8216;Yakarta&#8217;.<\/p>\n<p class=\"L6-news-detail__text\">De las cuatro categor\u00edas de premios en series de comedia, <b>la mitad se han ido para int\u00e9rpretes de &#8216;<\/b><b><a title=\"Mariliendre\" href=\"https:\/\/www.lasexta.com\/series\/que-deberias-ver-serie-mariliendre-antes-pregon-orgullo-2025_202507016863926c5e724b62f06592b6.html\" target=\"_blank\" rel=\"nofollow noopener\">Mariliendre<\/a><\/b><b>&#8216;<\/b>: <b><a title=\"Blanca Mart\u00ednez Rodr\u00edguez\" href=\"https:\/\/www.lasexta.com\/programas\/zapeando\/blanca-martinez-meri-mariliendre-nueva-serie-atresplayer-hecho-lipsync-como-fuera-drag-queen_202504306812378b319ae75da4bcc158.html\" target=\"_blank\" rel=\"nofollow noopener\">Blanca Mart\u00ednez Rodr\u00edguez<\/a><\/b> ha sido la premiada como mejor interpretaci\u00f3n femenina, mientras que Javier Ferreiro lo ha sido por ser el creador de la serie. Todo un \u00e9xito, tanto en p\u00fablico como en cr\u00edtica \u2014fue la cuarta m\u00e1s vista en su debut previo en cines\u2014, <b>&#8216;Mariliendre&#8217; es un musical de Los Javis<\/b> que cuenta la historia de Meri Rom\u00e1n, quien hab\u00eda sido una reina de la noche gay de Madrid hace m\u00e1s de 10 a\u00f1os. Ahora, a sus 35, <b>es una diva destronada<\/b> que vive atormentada por su pasado y aburrida en su mediocre presente. Tras la muerte de su padre, Meri reconecta con su s\u00e9quito de amigos gays, rememorando su pasado y los temazos musicales que marcaron aquella \u00e9poca, mientras intenta definir su ca\u00f3tica vida y su identidad.<\/p>\n<p class=\"L6-news-detail__text\">La \u00faltima ganadora de la noche es la serie &#8216;<b><a title=\"Sue\u00f1os de libertad\" href=\"https:\/\/www.lasexta.com\/series\/protagonistas-suenos-libertad-hablan-intensidad-serie-que-sobrevivir-maltrato-ser-libre_2024022765dde8f14129260001dc6c21.html\" target=\"_blank\" rel=\"nofollow noopener\">Sue\u00f1os de libertad<\/a><\/b>&#8216;, de Antena3 (atresplayer): la tercera temporada de esta producci\u00f3n se ha llevado el premio del Festival de Cine de Almer\u00eda por su tercera temporada.<\/p>\n<p class=\"L6-news-detail__text\">*<b><a title=\"Sigue a laSexta en Google: la actualidad y el mejor contenido aqu\u00ed\" href=\"https:\/\/profile.google.com\/cp\/CgkvbS8wZG5xejA\" target=\"_blank\" rel=\"nofollow noopener\">Sigue a laSexta en Google: la actualidad y el mejor contenido aqu\u00ed<\/a><\/b>.<\/p>\n<p class=\"L6-support-news-video__title\">La artista expone en A Coru\u00f1a<\/p>\n<p>            <a href=\"https:\/\/www.lasexta.com\/noticias\/cultura\/leibovitz-wonderland-dia-que-annie-sobrevivio-gira-tres-meses-rolling-stones-casi-mata_2025112169209c1e8080bd5ad61f1c49.html\" class=\"L6-news__link\" rel=\"nofollow noopener\" target=\"_blank\"><br \/>\n                Leibovitz en &#8216;Wonderland&#8217;, el d\u00eda que Annie sobrevivi\u00f3 a una gira de tres meses con los Rolling Stones: \u00abCasi me mata\u00bb<\/p>\n<p class=\"recirculation-video-desc\">El contexto Una ic\u00f3nica Annie Leibovitz llega a Coru\u00f1a con &#8216;Wonderland&#8217;, un repaso por sus vivencias y su imaginario en el mundo de la moda. La fot\u00f3grafa recuerda su salvaje gira con los Rolling o la \u00faltima vez que vio con vida a Lennon, pero tambi\u00e9n habla del papel de la mujer, del buen hacer en el oficio y de \u00ablo maravilloso que es envejecer\u00bb.<\/p>\n<p>            <\/a><\/p>\n","protected":false},"excerpt":{"rendered":"Cuatro producciones de atresplayer han sido galardonadas este fin de semana con sendos premios en el Festival de&hellip;\n","protected":false},"author":2,"featured_media":252827,"comment_status":"","ping_status":"","sticky":false,"template":"","format":"standard","meta":{"footnotes":""},"categories":[91],"tags":[146,147,25,24,23],"class_list":{"0":"post-252826","1":"post","2":"type-post","3":"status-publish","4":"format-standard","5":"has-post-thumbnail","7":"category-entretenimiento","8":"tag-entertainment","9":"tag-entretenimiento","10":"tag-es","11":"tag-espana","12":"tag-spain"},"share_on_mastodon":{"url":"https:\/\/pubeurope.com\/@es\/115603707543019922","error":""},"_links":{"self":[{"href":"https:\/\/www.europesays.com\/es\/wp-json\/wp\/v2\/posts\/252826","targetHints":{"allow":["GET"]}}],"collection":[{"href":"https:\/\/www.europesays.com\/es\/wp-json\/wp\/v2\/posts"}],"about":[{"href":"https:\/\/www.europesays.com\/es\/wp-json\/wp\/v2\/types\/post"}],"author":[{"embeddable":true,"href":"https:\/\/www.europesays.com\/es\/wp-json\/wp\/v2\/users\/2"}],"replies":[{"embeddable":true,"href":"https:\/\/www.europesays.com\/es\/wp-json\/wp\/v2\/comments?post=252826"}],"version-history":[{"count":0,"href":"https:\/\/www.europesays.com\/es\/wp-json\/wp\/v2\/posts\/252826\/revisions"}],"wp:featuredmedia":[{"embeddable":true,"href":"https:\/\/www.europesays.com\/es\/wp-json\/wp\/v2\/media\/252827"}],"wp:attachment":[{"href":"https:\/\/www.europesays.com\/es\/wp-json\/wp\/v2\/media?parent=252826"}],"wp:term":[{"taxonomy":"category","embeddable":true,"href":"https:\/\/www.europesays.com\/es\/wp-json\/wp\/v2\/categories?post=252826"},{"taxonomy":"post_tag","embeddable":true,"href":"https:\/\/www.europesays.com\/es\/wp-json\/wp\/v2\/tags?post=252826"}],"curies":[{"name":"wp","href":"https:\/\/api.w.org\/{rel}","templated":true}]}}