{"id":252840,"date":"2025-11-24T08:34:14","date_gmt":"2025-11-24T08:34:14","guid":{"rendered":"https:\/\/www.europesays.com\/es\/252840\/"},"modified":"2025-11-24T08:34:14","modified_gmt":"2025-11-24T08:34:14","slug":"las-cuatro-maravillas-del-nuevo-palau-blaugrana-para-el-barca-de-basket-palcos-y-grandes-conciertos","status":"publish","type":"post","link":"https:\/\/www.europesays.com\/es\/252840\/","title":{"rendered":"Las cuatro maravillas del nuevo Palau Blaugrana para el Bar\u00e7a de basket: palcos y grandes\u00a0conciertos"},"content":{"rendered":"<p>                <a href=\"https:\/\/cronicaglobal.elespanol.com\/culemania\/palco\/\" class=\"kicker--section\" rel=\"nofollow noopener\" target=\"_blank\">Palco<\/a><\/p>\n<p>\n    Joan Laporta ultima el dise\u00f1o del futuro pabell\u00f3n polideportivo del club, que tendr\u00e1 una capacidad m\u00ednima para 15.000 espectadores\n<\/p>\n<p>    Noticias relacionadas<\/p>\n<p class=\"paragraph\" id=\"paragraph_1\"><a href=\"https:\/\/cronicaglobal.elespanol.com\/culemania\/palco\/20251115\/palau-blaugrana-pendiente-recibida-corts-camp-nou\/1003742707764_0.html?utm_cmp_rs=linksinline\" target=\"_blank\" rel=\"nofollow noopener\">El nuevo Palau Blaugrana<\/a> todav\u00eda no tiene proyecto ni financiaci\u00f3n. <strong>Elena Fort<\/strong>, vicepresidenta institucional del <strong>Bar\u00e7a<\/strong>, asegura que el club ya tiene casi definido el dise\u00f1o del futuro pabell\u00f3n, que se edificar\u00e1 en los antiguos terrenos del <strong>Miniestadi<\/strong>.<\/p>\n<p class=\"paragraph\" id=\"paragraph_2\"><a href=\"https:\/\/cronicaglobal.elespanol.com\/culemania\/palco\/20251123\/pendientes-limak-acabar-reforma-camp-nou-totalidad\/1003742709851_0.html?utm_cmp_rs=linksinline\" target=\"_blank\" rel=\"nofollow noopener\">Joan Laporta<\/a>, presidente del Bar\u00e7a, anunci\u00f3 en 2021 que el nuevo Palau Blaugrana tendr\u00e1 una capacidad m\u00ednima para <strong>15.000 espectadores y cifr\u00f3 su coste en 420 millones de euro<\/strong>s. Tambi\u00e9n desvel\u00f3 el m\u00e1ximo dirigente que el proyecto contempla la construcci\u00f3n del Petit Palau, para 3.000 o 4.000 aficionados, y una pista de hielo.<\/p>\n<p>El plan de Laporta<\/p>\n<p class=\"paragraph\" id=\"paragraph_3\"><strong>El plan de Laporta con el Palau se ha demorado por motivos econ\u00f3micos<\/strong>. Las cuentas, de momento, no le cuadran. El presidente busca un acuerdo comercial con una multinacional, preferentemente estadounidense, que asuma su coste o una parte del mismo a cambio de la explotaci\u00f3n parcial de la instalaci\u00f3n.<\/p>\n<p><img decoding=\"async\" alt=\"Uno de los renders oficiales del futuro Camp Nou y Palau Blaugrana, pilares del Espai Bar\u00e7a\" data-imgm=\"true\" height=\"180\" loading=\"lazy\"  src=\"https:\/\/www.europesays.com\/es\/wp-content\/uploads\/2025\/11\/1003742674673_14885238_1024x576.jpg\"  width=\"320\"\/><\/p>\n<p>                                                            Uno de los renders oficiales del futuro Camp Nou y Palau Blaugrana, pilares del Espai Bar\u00e7a<\/p>\n<p>                    FCB<\/p>\n<p class=\"paragraph\" id=\"paragraph_4\">El nuevo Palau Blaugrana <strong>ser\u00e1 la casa <a href=\"https:\/\/cronicaglobal.elespanol.com\/culemania\/secciones\/20251122\/jugadores-barca-basket-protagonismo-xavi-pascual-confianza\/1003742709766_0.html?utm_cmp_rs=linksinline\" target=\"_blank\" rel=\"nofollow noopener\">del Bar\u00e7a de basket<\/a>. Ocasionalmente, tambi\u00e9n podr\u00eda jugar el primer equipo de balonmano o de f\u00fatbol sala<\/strong>. Pero, m\u00e1s all\u00e1 de su uso deportivo, el club contempla la celebraci\u00f3n de grandes <strong>conciertos<\/strong> en dicha instalaci\u00f3n. Ser\u00e1 un pabell\u00f3n que permitir\u00e1 aumentar los ingresos anuales por su explotaci\u00f3n, mucho m\u00e1s moderno y con grandes ventajas para los socios.<\/p>\n<p>1. M\u00e1s asientos, m\u00e1s socios<\/p>\n<p class=\"paragraph\" id=\"paragraph_5\">El Bar\u00e7a de basket tiene, aproximadamente, 4.500 abonados. <strong>El objetivo de Laporta pasa por superar los 10.000 abonados<\/strong>. Con 15.000 asientos, el nuevo Palau puede optar a organizar una Final Four.<\/p>\n<p><img decoding=\"async\" alt=\"Joan Laporta, en el Camp Nou, durante el Bar\u00e7a-Athletic Club\" data-imgm=\"true\" height=\"180\" loading=\"lazy\"  src=\"https:\/\/www.europesays.com\/es\/wp-content\/uploads\/2025\/11\/1003742709860_15434643_1024x576.jpg\"  width=\"320\"\/><\/p>\n<p>                                                            Joan Laporta, en el Camp Nou, durante el Bar\u00e7a-Athletic Club<\/p>\n<p>                    EFE<\/p>\n<p>2. Palcos y asientos Vip<\/p>\n<p class=\"paragraph\" id=\"paragraph_6\">Laporta busca la m\u00e1xima rentabilidad para el <a href=\"https:\/\/cronicaglobal.elespanol.com\/culemania\/secciones\/20250924\/nuevo-pabellon-basket-colores-barca-asientos-millones\/1003742691553_0.html?utm_cmp_rs=linksinline\" target=\"_blank\" rel=\"nofollow noopener\">futuro Palau Blaugrana<\/a>. Como el Camp Nou, contar\u00e1 con <strong>asientos Vip y palcos de lujo<\/strong>, en las zonas con mejor visibilidad.<\/p>\n<p>3. Espacios m\u00e1s amplios<\/p>\n<p class=\"paragraph\" id=\"paragraph_7\">El futuro pabell\u00f3n del Bar\u00e7a contar\u00e1 con espacios mucho m\u00e1s amplios y di\u00e1fanos, <strong>con vestuarios m\u00e1s grandes y taquillas mucho m\u00e1s modernas<\/strong>. Tambi\u00e9n contar\u00e1 con una sala de prensa mucho m\u00e1s c\u00f3moda que la actual y mejores instalaciones para los servicios m\u00e9dicos.<\/p>\n<p><img decoding=\"async\" alt=\"El dise\u00f1o del nuevo Palau Blaugrana, el futuro pabell\u00f3n del Bar\u00e7a\" data-imgm=\"true\" height=\"180\" loading=\"lazy\"  src=\"https:\/\/www.europesays.com\/es\/wp-content\/uploads\/2025\/11\/838426151_12580575_1024x576.jpg\"  width=\"320\"\/><\/p>\n<p>                                                            El dise\u00f1o del nuevo Palau Blaugrana, el futuro pabell\u00f3n del Bar\u00e7a<\/p>\n<p>                    FCB<\/p>\n<p>4. Parking<\/p>\n<p class=\"paragraph\" id=\"paragraph_8\">El nuevo Camp Nou tendr\u00e1 un parking con 3.200 plazas para veh\u00edculos motorizados, que ya no estacionaran en la explanada del estadio. <strong>El futuro Palau tambi\u00e9n tendr\u00e1 un parking, que evitar\u00e1 m\u00e1s colapsos en las inmediaciones del Espai Bar\u00e7a<\/strong>.<\/p>\n<p><img decoding=\"async\" alt=\"As\u00ed ser\u00e1 la nueva cubierta y el 'skywalk' del Spotify Camp Nou reformado\" data-imgm=\"true\" height=\"180\" loading=\"lazy\"  src=\"https:\/\/www.europesays.com\/es\/wp-content\/uploads\/2025\/11\/908169240_13854392_1024x576.png\"  width=\"320\"\/><\/p>\n<p>                                                            As\u00ed ser\u00e1 la nueva cubierta y el &#8216;skywalk&#8217; del Spotify Camp Nou reformado<\/p>\n<p>                    Captura<\/p>\n<p>                    FCB<\/p>\n<p class=\"paragraph\" id=\"paragraph_9\">El nuevo Palau Blaugrana empezar\u00e1 a construirse cuando terminen las obras de reforma del Camp Nou y el club tenga dinero para afrontar una <strong>obra tan ambiciosa como costosa<\/strong>.<\/p>\n<p>La nueva cubierta del Camp Nou<\/p>\n<p class=\"paragraph\" id=\"paragraph_10\">La directiva del Bar\u00e7a calcula que <strong>las obras del Camp Nou finalizar\u00e1n a finales de 2027 o principios de 2028<\/strong>, con la instalaci\u00f3n de la nueva cubierta, de 48.000 metros cuadrados. Esta es la parte t\u00e9cnicamente m\u00e1s compleja de la transformaci\u00f3n del estadio barcelonista.<\/p>\n<p><img decoding=\"async\" alt=\"El \u00e1rea de parking del nuevo Camp Nou a mediados de julio de 2025\" data-imgm=\"true\" height=\"180\" loading=\"lazy\"  src=\"https:\/\/www.europesays.com\/es\/wp-content\/uploads\/2025\/11\/1003742675074_14893343_1024x576.jpg\"  width=\"320\"\/><\/p>\n<p>                                                            El \u00e1rea de parking del nuevo Camp Nou a mediados de julio de 2025<\/p>\n<p>                    FCB<\/p>\n<p class=\"paragraph\" id=\"paragraph_11\">Limak avanza con la construcci\u00f3n de la tercera grada, pero todav\u00eda no se visualizan <strong>los dos anillos de palcos o asientos Vip que deb\u00edan entrar en funcionamiento del 1 de enero de 2026<\/strong>. Tambi\u00e9n faltan por instalar los nuevos ascensores y las escaleras mec\u00e1nicas, y terminar el parking subterr\u00e1neo, que tendr\u00e1 una capacidad m\u00e1xima para 3.200 veh\u00edculos. A partir de entonces se abordar\u00e1 el nuevo Palau Blaugrana, la otra joya de la futura corona barcelonista.<\/p>\n","protected":false},"excerpt":{"rendered":"Palco Joan Laporta ultima el dise\u00f1o del futuro pabell\u00f3n polideportivo del club, que tendr\u00e1 una capacidad m\u00ednima para&hellip;\n","protected":false},"author":2,"featured_media":252841,"comment_status":"","ping_status":"","sticky":false,"template":"","format":"standard","meta":{"footnotes":""},"categories":[269],"tags":[299,298,15927,168,25,14831,24,4467,7342,16774,23,167],"class_list":{"0":"post-252840","1":"post","2":"type-post","3":"status-publish","4":"format-standard","5":"has-post-thumbnail","7":"category-baloncesto","8":"tag-baloncesto","9":"tag-basketball","10":"tag-camp-nou","11":"tag-deportes","12":"tag-es","13":"tag-espai-barca","14":"tag-espana","15":"tag-joan-laporta","16":"tag-palau-blaugrana","17":"tag-palco","18":"tag-spain","19":"tag-sports"},"share_on_mastodon":{"url":"https:\/\/pubeurope.com\/@es\/115603758911729689","error":""},"_links":{"self":[{"href":"https:\/\/www.europesays.com\/es\/wp-json\/wp\/v2\/posts\/252840","targetHints":{"allow":["GET"]}}],"collection":[{"href":"https:\/\/www.europesays.com\/es\/wp-json\/wp\/v2\/posts"}],"about":[{"href":"https:\/\/www.europesays.com\/es\/wp-json\/wp\/v2\/types\/post"}],"author":[{"embeddable":true,"href":"https:\/\/www.europesays.com\/es\/wp-json\/wp\/v2\/users\/2"}],"replies":[{"embeddable":true,"href":"https:\/\/www.europesays.com\/es\/wp-json\/wp\/v2\/comments?post=252840"}],"version-history":[{"count":0,"href":"https:\/\/www.europesays.com\/es\/wp-json\/wp\/v2\/posts\/252840\/revisions"}],"wp:featuredmedia":[{"embeddable":true,"href":"https:\/\/www.europesays.com\/es\/wp-json\/wp\/v2\/media\/252841"}],"wp:attachment":[{"href":"https:\/\/www.europesays.com\/es\/wp-json\/wp\/v2\/media?parent=252840"}],"wp:term":[{"taxonomy":"category","embeddable":true,"href":"https:\/\/www.europesays.com\/es\/wp-json\/wp\/v2\/categories?post=252840"},{"taxonomy":"post_tag","embeddable":true,"href":"https:\/\/www.europesays.com\/es\/wp-json\/wp\/v2\/tags?post=252840"}],"curies":[{"name":"wp","href":"https:\/\/api.w.org\/{rel}","templated":true}]}}