{"id":252852,"date":"2025-11-24T08:42:11","date_gmt":"2025-11-24T08:42:11","guid":{"rendered":"https:\/\/www.europesays.com\/es\/252852\/"},"modified":"2025-11-24T08:42:11","modified_gmt":"2025-11-24T08:42:11","slug":"xabi-esta-hecho-un-lio","status":"publish","type":"post","link":"https:\/\/www.europesays.com\/es\/252852\/","title":{"rendered":"Xabi est\u00e1 hecho un l\u00edo"},"content":{"rendered":"<p class=\"\"><b>El Real Madrid se fue al par\u00f3n de selecciones mascando los dos pinchazos previos,<\/b> ante <a href=\"https:\/\/as.com\/futbol\/champions\/courtois-no-puede-con-todo-f202511-n\/\" target=\"_self\" rel=\"nofollow noopener\" title=\"https:\/\/as.com\/futbol\/champions\/courtois-no-puede-con-todo-f202511-n\/\">Liverpool <\/a>y <a href=\"https:\/\/as.com\/futbol\/primera\/el-madrid-se-duerme-f202511-n\/\" target=\"_blank\" rel=\"noreferrer nofollow noopener\" title=\"https:\/\/as.com\/futbol\/primera\/el-madrid-se-duerme-f202511-n\/\">Rayo<\/a>. Era de esperar que en el retorno a la competici\u00f3n, ante el Elche en el Mart\u00ednez Valero, saliese con el cuchillo entre los dientes para darle la vuelta a la situaci\u00f3n. <a href=\"https:\/\/as.com\/futbol\/primera\/el-elche-desnuda-al-madrid-f202511-n\/\" target=\"_self\" rel=\"nofollow noopener\" title=\"https:\/\/as.com\/futbol\/primera\/el-elche-desnuda-al-madrid-f202511-n\/\">Pero el partido en Alicante no hizo sino profundizar en la herida de Xabi<\/a>, <b>que anda hecho un l\u00edo en su intento de encauzar el camino de los blancos.<\/b><\/p>\n<p class=\"\"><a href=\"https:\/\/as.com\/futbol\/primera\/la-conexion-con-los-jugadores-va-mejorando-f202511-n\/\" target=\"_self\" rel=\"nofollow noopener\" title=\"https:\/\/as.com\/futbol\/primera\/la-conexion-con-los-jugadores-va-mejorando-f202511-n\/\">En la comparecencia tras el duelo<\/a>, Xabi trat\u00f3 de ser todo lo positivo que pudo, dentro de que tres pinchazos seguidos no admiten demasiada discusi\u00f3n en un club de la exigencia del Madrid. <b>\u201cEs f\u00fatbol, hay que seguir para adelante. No podemos estar contentos, pero quedan muchos partidos. <\/b>El equipo no se ha ca\u00eddo, seguimos compitiendo. Vamos todos en el mismo barco, hay que revertir este momento, empezando por Atenas (este mi\u00e9rcoles, en El Pireo ante Olympiacos). <b>Queremos mejorar\u201d, dijo el t\u00e9cnico en la sala de prensa.<\/b><\/p>\n<p class=\"\">Y mucho tendr\u00e1 que mejorar este Madrid que en los \u00faltimos tres duelos ha promediado 15 tiros en contra y 5,7 entre los tres palos. El equipo ha perdido solidez, ya no recupera en campo rival como sol\u00eda y, adem\u00e1s, se le est\u00e1 agotando el filo en ataque: <b>en estos tres pinchazos apenas ha rematado 14 veces en total entre palos,<\/b> mientras que en los cuatro duelos anteriores no baj\u00f3 de diez por encuentro.<\/p>\n<p><img decoding=\"async\" src=\"https:\/\/www.europesays.com\/es\/wp-content\/uploads\/2025\/11\/WWED7NDM4VPZBB4MEQFD2TVLBQ.jpg\" alt=\"Xabi est\u00e1 hecho un l\u00edo\" height=\"2328\" width=\"4128\"   loading=\"lazy\"\/>FITO GONZALEZ<\/p>\n<p class=\"\">Pero sobre todo, Xabi parece no tener claro qu\u00e9 hacer con varios jugadores. <b>Las probaturas se suceden y no terminan de dar resultados. Camavinga, por ejemplo, fue improvisado extremo derecho ante el Barcelona<\/b>, aunque lo hizo en sustituci\u00f3n de un Bellingham que arranc\u00f3 ah\u00ed y termin\u00f3 y\u00e9ndose al centro. Aquello sali\u00f3 bien, se gan\u00f3 el Cl\u00e1sico y el franc\u00e9s no desenton\u00f3, pero en el siguiente choque, en Anfield ante el Liverpool, repiti\u00f3 y sufri\u00f3 de lo lindo. <\/p>\n<p class=\"\">Esa banda derecha parece el hueco que Xabi no termina de saber c\u00f3mo llenar. <b>Por ah\u00ed han pasado G\u00fcler, Brahim, Mastantuono y en Elche jug\u00f3 Rodrygo<\/b>, pese a que Alonso parec\u00eda comprometido con el deseo del brasile\u00f1o de rendir por la izquierda, su lugar preferido. Con Vinicius en el once, lo tiene complicado, peor en Elche se riz\u00f3 el rizo: <b>Vinicius estuvo en el banquillo y Rodrygo fue a la derecha&#8230; para que el extremo izquierdo fuese Fran Garc\u00eda.<\/b><\/p>\n<p>Otra suplencia para Vini<\/p>\n<p class=\"\">En la propia televisi\u00f3n del club blanco, al conocerse el once, dibujaron un esquema de tres centrales y dos carrileros, pero en la pr\u00e1ctica fue el 4-2-3-1 que Alonso viene utilizando en el Madrid con Fran Garc\u00eda como un atacante m\u00e1s.<b> El experimento fue un desastre, el lateral apenas profundiz\u00f3 y no gener\u00f3 nada de desborde ni la \u201camplitud\u201d con la que Xabi justific\u00f3 el invento<\/b> en rueda de prensa. Tras el 1-0 del Elche, dio marcha atr\u00e1s y sac\u00f3 a Vinicius por Fran. <\/p>\n<p>Noticias relacionadas<a href=\"https:\/\/as.com\/audio\/podcast\/tangana-fc\/el-momento-del-real-madrid-pinta-muy-feo-f202511-n\/\" class=\"s_m_w _rt-16x9\" title=\"Debate tras el pinchazo del Real Madrid en el Mart\u00ednez Valero ante el Elche. El club blanco encadena tres partidos consecutivos sin conocer la victoria.\" data-tb-link=\"\" rel=\"nofollow noopener\" target=\"_blank\"><img decoding=\"async\" src=\"https:\/\/www.europesays.com\/es\/wp-content\/uploads\/2025\/11\/RB4QYRTYJ5A4VNEARNF7MVILNM.png\" alt=\"\u201cEl momento del Real Madrid pinta muy feo\u201d\" class=\"\" height=\"9\" width=\"16\"   loading=\"lazy\" data-tb-thumbnail=\"\"\/><\/a><a href=\"https:\/\/as.com\/futbol\/videos\/la-escena-de-mbappe-segun-pito-el-arbitro-muy-pocas-veces-le-han-visto-asi-f202511-v\/\" class=\"s_m_w _rt-16x9\" title=\"La estrella francesa del Real Madrid entr\u00f3 en c\u00f3lera cuando pit\u00f3 el colegiado. Mbapp\u00e9 entendi\u00f3 que hab\u00eda que haber a\u00f1adido m\u00e1s tiempo. \" data-tb-link=\"\" rel=\"nofollow noopener\" target=\"_blank\"><img decoding=\"async\" src=\"https:\/\/www.europesays.com\/es\/wp-content\/uploads\/2025\/11\/YHZZFQODD5EJNNC2VQ4A6DQIT4.png\" alt=\"La escena de Mbapp\u00e9 seg\u00fan pit\u00f3 el \u00e1rbitro: muy pocas veces le han visto as\u00ed...\" class=\"\" height=\"9\" width=\"16\"   loading=\"lazy\" data-tb-thumbnail=\"\"\/><\/a><\/p>\n<p class=\"\">Y el caso de Vini merece cap\u00edtulo aparte. <a href=\"https:\/\/as.com\/futbol\/primera\/xabi-da-la-sorpresa-defensa-de-cinco-con-valverde-y-vini-en-el-banquillo-f202511-n\/\" target=\"_self\" rel=\"nofollow noopener\" title=\"https:\/\/as.com\/futbol\/primera\/xabi-da-la-sorpresa-defensa-de-cinco-con-valverde-y-vini-en-el-banquillo-f202511-n\/\">El brasile\u00f1o fue suplente por cuarta vez esta campa\u00f1a<\/a>, tercera en Liga. Sali\u00f3 en el segundo tiempo y tuvo media hora larga, pero le cost\u00f3 entrar. La relaci\u00f3n con Xabi Alonso ha pasado por varios altibajos, con aquellas quejas en el Cl\u00e1sico en el centro del debate. Y mientras Alonso le resta peso, pero sigue recibiendo preguntas sobre la situaci\u00f3n: <b>\u201cLo hab\u00edamos hablado (que fuese suplente en Elche. Lo entiende, sab\u00eda el papel que pod\u00eda tener.<\/b> Lo hab\u00edamos hecho otras veces, como en Getafe. Hoy no estamos contentos, pero todos est\u00e1n con energ\u00eda de querer recuperar una buena din\u00e1mica. La conexi\u00f3n con todos va mejorando, tenemos m\u00e1s tiempo y m\u00e1s trato, nos conocemos mejor\u00bb. <\/p>\n<p class=\"\"><b>\u00a1Tus opiniones importan!<\/b> Comenta en los art\u00edculos y suscr\u00edbete gratis a nuestra <a href=\"https:\/\/asfan.as.com\/newsletters\/\" target=\"_blank\" rel=\"nofollow noopener\" title=\"https:\/\/asfan.as.com\/newsletters\/\">newsletter<\/a> y a las alertas informativas en la <a href=\"https:\/\/as.com\/aplicacion-de-as-n\/\" target=\"_blank\" rel=\"nofollow noopener\" title=\"https:\/\/as.com\/aplicacion-de-as-n\/\">App<\/a> o el canal de <a href=\"https:\/\/www.whatsapp.com\/channel\/0029VaAasdA7j6g745nz9M10\" target=\"_blank\" rel=\"nofollow noopener\" title=\"https:\/\/www.whatsapp.com\/channel\/0029VaAasdA7j6g745nz9M10\">WhatsApp<\/a>. \u00bfBuscas licenciar contenido? Haz clic <a href=\"https:\/\/profesional.elpais.com\/soluciones-sindicacion?utm_medium=interno&amp;utm_source=crosslinking&amp;utm_campaign=sindicacion_as_pie_articulos\" target=\"_blank\" rel=\"nofollow noopener\" title=\"https:\/\/profesional.elpais.com\/soluciones-sindicacion?utm_medium=interno&amp;utm_source=crosslinking&amp;utm_campaign=sindicacion_as_pie_articulos\">aqu\u00ed<\/a><\/p>\n","protected":false},"excerpt":{"rendered":"El Real Madrid se fue al par\u00f3n de selecciones mascando los dos pinchazos previos, ante Liverpool y Rayo.&hellip;\n","protected":false},"author":2,"featured_media":252853,"comment_status":"","ping_status":"","sticky":false,"template":"","format":"standard","meta":{"footnotes":""},"categories":[93],"tags":[168,25,24,23,167],"class_list":{"0":"post-252852","1":"post","2":"type-post","3":"status-publish","4":"format-standard","5":"has-post-thumbnail","7":"category-deportes","8":"tag-deportes","9":"tag-es","10":"tag-espana","11":"tag-spain","12":"tag-sports"},"share_on_mastodon":{"url":"https:\/\/pubeurope.com\/@es\/115603790331754377","error":""},"_links":{"self":[{"href":"https:\/\/www.europesays.com\/es\/wp-json\/wp\/v2\/posts\/252852","targetHints":{"allow":["GET"]}}],"collection":[{"href":"https:\/\/www.europesays.com\/es\/wp-json\/wp\/v2\/posts"}],"about":[{"href":"https:\/\/www.europesays.com\/es\/wp-json\/wp\/v2\/types\/post"}],"author":[{"embeddable":true,"href":"https:\/\/www.europesays.com\/es\/wp-json\/wp\/v2\/users\/2"}],"replies":[{"embeddable":true,"href":"https:\/\/www.europesays.com\/es\/wp-json\/wp\/v2\/comments?post=252852"}],"version-history":[{"count":0,"href":"https:\/\/www.europesays.com\/es\/wp-json\/wp\/v2\/posts\/252852\/revisions"}],"wp:featuredmedia":[{"embeddable":true,"href":"https:\/\/www.europesays.com\/es\/wp-json\/wp\/v2\/media\/252853"}],"wp:attachment":[{"href":"https:\/\/www.europesays.com\/es\/wp-json\/wp\/v2\/media?parent=252852"}],"wp:term":[{"taxonomy":"category","embeddable":true,"href":"https:\/\/www.europesays.com\/es\/wp-json\/wp\/v2\/categories?post=252852"},{"taxonomy":"post_tag","embeddable":true,"href":"https:\/\/www.europesays.com\/es\/wp-json\/wp\/v2\/tags?post=252852"}],"curies":[{"name":"wp","href":"https:\/\/api.w.org\/{rel}","templated":true}]}}