{"id":252869,"date":"2025-11-24T08:58:08","date_gmt":"2025-11-24T08:58:08","guid":{"rendered":"https:\/\/www.europesays.com\/es\/252869\/"},"modified":"2025-11-24T08:58:08","modified_gmt":"2025-11-24T08:58:08","slug":"leccion-de-superacion-de-marc-guiu-desde-su-adios-al-barca","status":"publish","type":"post","link":"https:\/\/www.europesays.com\/es\/252869\/","title":{"rendered":"Lecci\u00f3n de superaci\u00f3n de Marc Guiu desde su adi\u00f3s al Bar\u00e7a"},"content":{"rendered":"<p data-gtm-element-container=\"modulo-texto-link\" class=\"paragraph\"><strong>Marc Guiu<\/strong>\u00a0(19 a\u00f1os) espera al <strong>Bar\u00e7a<\/strong>, en la quinta jornada de la fase inicial de la <strong>Champions League<\/strong>, despu\u00e9s de una eficaz actuaci\u00f3n ante el <strong>Burnley<\/strong>. El ex azulgrana apareci\u00f3 sobre el c\u00e9sped a falta de 14 minutos para la conclusi\u00f3n del partido y a falta de dos para terminar el encuentro, el delantero protagoniz\u00f3 una jugada de potencia, cambio de ritmo y velocidad, dejando clavado a su marcador, con asistencia final\u00a0a <strong>Enzo Fern\u00e1ndez<\/strong> para que firmase el 0-2 definitivo.<\/p>\n<p data-gtm-element-container=\"modulo-texto-link\" class=\"paragraph\"><strong>Marc Guiu <\/strong>cumpl\u00eda as\u00ed su s\u00e9ptimo partido en la Premier League, s\u00f3lo uno como titular ante el <strong>Sunderland<\/strong>. No ha marcado en 177 minutos pero s\u00ed lo ha hecho en la Champions League en 45 ante el <strong>Ajax<\/strong> y tambi\u00e9n en la EFL Cup en 90&#8242; ante el <strong>Hundersfield.<\/strong> En total, 312 minutos repartidos en 9 partidos. Eso, y que ven\u00eda de ver puerta con la selecci\u00f3n Sub-21 ante <strong>San Marino.<\/strong><\/p>\n<p data-gtm-element-container=\"modulo-texto-link\" class=\"paragraph\">No lo ha tenido f\u00e1cil desde que abandon\u00f3 el Bar\u00e7a. Se fue al <strong>Chelsea,\u00a0<\/strong>que le cedi\u00f3 al <strong>Sunderland<\/strong>. Y ahora est\u00e1 de regreso. <strong>Deco,<\/strong> el director de f\u00fatbol del <strong>Bar\u00e7a<\/strong>, se hab\u00eda mostrado en\u00e9rgico y contundente con su salida tras negarse a renovar con los azulgrana. \u00abEl <strong>Chelsea<\/strong> pag\u00f3 la cl\u00e1usula y se ha ido. Ten\u00eda un contrato antiguo, con una cl\u00e1usula de seis millones de euros. Se le ofreci\u00f3 un contrato importante y un proyecto importante, pero \u00e9l tom\u00f3 la decisi\u00f3n de irse por otro camino\u00bb, explic\u00f3. Dijo que intentaron retenerlo \u00abpero no fuimos capaces\u00bb. \u00abLe ofrecimos un proyecto de ser delantero del <strong>Barca<\/strong>, pero \u00e9l no quiso\u00bb.<\/p>\n<p data-gtm-element-container=\"modulo-texto-link\" class=\"paragraph\">Con esa mochila se fue a la <strong>Premier League<\/strong> y semanas atr\u00e1s, el ariete se llev\u00f3 un toque de atenci\u00f3n de <strong>Enzo Maresca<\/strong>.\u00a0\u201cHabl\u00e9 con <strong>Marc<\/strong> hace dos semanas. Le dije que no me gustaba c\u00f3mo entrenaba y que ten\u00eda que cambiar. Y cambi\u00f3. No estaba entrenando bien en ning\u00fan aspecto. Desde que hablamos, ha estado al m\u00e1ximo nivel. Por supuesto que s\u00ed, est\u00e1 listo para ser titular\u201d, solt\u00f3 en rueda de prensa. Y lo fue.\u00a0<\/p>\n<p>    Lee tambi\u00e9n<\/p>\n<p data-gtm-element-container=\"modulo-texto-link\" class=\"paragraph\">A <strong>Joao Pedro<\/strong> y <strong>Liam Delap<\/strong> se les adjudica el &#8216;9&#8217; del <strong>Chelsea,<\/strong> pero <strong>Marc Guiu<\/strong> ya muestra su candidatura, quien sabe si ante el<strong> Bar\u00e7a,<\/strong> encuentro con mucho en juego. El\u00a0<strong>Chelsea<\/strong> se juega meterse de lleno en la pelea por el top-8.<\/p>\n<p data-gtm-element-container=\"modulo-texto-link\" class=\"paragraph\">Fichado hace dos veranos por apenas seis millones de euros, <strong>Guiu<\/strong> se form\u00f3 en las categor\u00edas inferiores del Bar\u00e7a. Lleg\u00f3 incluso a debutar, y marcar, con el primer equipo azulgrana. Fueron siete partidos y un par de tantos con <strong>Xavi<\/strong> en el banquillo.<\/p>\n<p data-gtm-element-container=\"modulo-texto-link\" class=\"paragraph\">\u201cEst\u00e1 excepcional. Demuestra paciencia, capacidad de decisi\u00f3n&#8230; Merece mucho cr\u00e9dito por eso, porque demostr\u00f3 madurez, capacidad de decisi\u00f3n, timing y ritmo. Los aficionados del Chelsea deber\u00edan estar muy emocionados, tenemos un delantero joven muy bueno\u201c, lleg\u00f3 a afirmar <strong>Joe Cole<\/strong>, en la retransmisi\u00f3n del partido para TNT Sports, tras la asistencia de Marc Guiu.<\/p>\n","protected":false},"excerpt":{"rendered":"Marc Guiu\u00a0(19 a\u00f1os) espera al Bar\u00e7a, en la quinta jornada de la fase inicial de la Champions League,&hellip;\n","protected":false},"author":2,"featured_media":252870,"comment_status":"","ping_status":"","sticky":false,"template":"","format":"standard","meta":{"footnotes":""},"categories":[268],"tags":[168,25,24,280,282,281,23,167],"class_list":{"0":"post-252869","1":"post","2":"type-post","3":"status-publish","4":"format-standard","5":"has-post-thumbnail","7":"category-futbol","8":"tag-deportes","9":"tag-es","10":"tag-espana","11":"tag-football","12":"tag-futbol","13":"tag-soccer","14":"tag-spain","15":"tag-sports"},"share_on_mastodon":{"url":"https:\/\/pubeurope.com\/@es\/115603852966506023","error":""},"_links":{"self":[{"href":"https:\/\/www.europesays.com\/es\/wp-json\/wp\/v2\/posts\/252869","targetHints":{"allow":["GET"]}}],"collection":[{"href":"https:\/\/www.europesays.com\/es\/wp-json\/wp\/v2\/posts"}],"about":[{"href":"https:\/\/www.europesays.com\/es\/wp-json\/wp\/v2\/types\/post"}],"author":[{"embeddable":true,"href":"https:\/\/www.europesays.com\/es\/wp-json\/wp\/v2\/users\/2"}],"replies":[{"embeddable":true,"href":"https:\/\/www.europesays.com\/es\/wp-json\/wp\/v2\/comments?post=252869"}],"version-history":[{"count":0,"href":"https:\/\/www.europesays.com\/es\/wp-json\/wp\/v2\/posts\/252869\/revisions"}],"wp:featuredmedia":[{"embeddable":true,"href":"https:\/\/www.europesays.com\/es\/wp-json\/wp\/v2\/media\/252870"}],"wp:attachment":[{"href":"https:\/\/www.europesays.com\/es\/wp-json\/wp\/v2\/media?parent=252869"}],"wp:term":[{"taxonomy":"category","embeddable":true,"href":"https:\/\/www.europesays.com\/es\/wp-json\/wp\/v2\/categories?post=252869"},{"taxonomy":"post_tag","embeddable":true,"href":"https:\/\/www.europesays.com\/es\/wp-json\/wp\/v2\/tags?post=252869"}],"curies":[{"name":"wp","href":"https:\/\/api.w.org\/{rel}","templated":true}]}}