{"id":252871,"date":"2025-11-24T08:59:21","date_gmt":"2025-11-24T08:59:21","guid":{"rendered":"https:\/\/www.europesays.com\/es\/252871\/"},"modified":"2025-11-24T08:59:21","modified_gmt":"2025-11-24T08:59:21","slug":"es-verde-como-el-pais-vasco-y-yo-no-esperaba-encontrar-un-sitio-asi-en-extremadura","status":"publish","type":"post","link":"https:\/\/www.europesays.com\/es\/252871\/","title":{"rendered":"\u201cEs verde como el Pa\u00eds Vasco y yo no esperaba encontrar un sitio as\u00ed en Extremadura\u201d"},"content":{"rendered":"<p class=\"ft-text\">La <strong>actriz<\/strong> y <strong>soci\u00f3loga<\/strong> <strong>Itziar Itu\u00f1o<\/strong> se hizo muy popular con la serie &#8216;<strong>La casa de papel<\/strong>&#8216; y luego ha acaparado titulares, cr\u00edticas y pol\u00e9micas por sus controvertidas opiniones pol\u00edticas. <strong>Netflix<\/strong> estren\u00f3 el 14 de noviembre &#8216;<a class=\"ft-link ft-link--decoration\" href=\"https:\/\/www.elperiodicoextremadura.com\/caceres-local\/2025\/11\/10\/netflix-preestrena-cuco-cristal-hervas-rodajes-123574718.amp.html\" target=\"_blank\" rel=\"nofollow noopener\">El cuco de cristal<\/a>&#8216;, su apuesta en formato mini serie para el inicio de temporada, basada en la <strong>novela<\/strong> hom\u00f3nima de <strong>Javier Castillo<\/strong>\u00a0y rodada principalmente en el <strong>Valle del Ambroz<\/strong>, donde Itu\u00f1o interpreta a Marta Pe\u00f1a, la madre del joven cuyo coraz\u00f3n es trasplantado a la protagonista (Catalina Sopelana). Una mujer implicada en los misterios que rodean al pueblo.<\/p>\n<p><img decoding=\"async\" src=\"https:\/\/www.europesays.com\/es\/wp-content\/uploads\/2025\/11\/2b4b4aab-c877-48a9-a7f5-44b6885c197e_alta-libre-aspect-ratio_default_0.jpg\" width=\"1200\" height=\"676\" alt=\"Itu\u00f1o en un fotograma de la serie, en el Ambroz.\" class=\"ft-helper-img-rd\" loading=\"lazy\"\/><\/p>\n<p class=\"ft-helper-fontColor-quaternary ft-helper-fontSize-body-S ft-helper-spacer-t-xxs\">Itu\u00f1o en un fotograma de la serie, en el Ambroz.  \/ NETFLIX<\/p>\n<p>Recuerdos del rodaje<\/p>\n<p class=\"ft-text\">Itu\u00f1o ha participado en el <a class=\"ft-link ft-link--decoration\" href=\"https:\/\/m.youtube.com\/watch?v=szaaZNDpEac&amp;pp=0gcJCR4Bo7VqN5tD\" rel=\"nofollow noopener\" target=\"_blank\">podcast<\/a> &#8216;<strong>La Script<\/strong>&#8216; de la periodista <strong>Mar\u00eda Guerra<\/strong>, donde ha contado algunas <strong>an\u00e9cdotas<\/strong> de su paso por Herv\u00e1s, donde se rod\u00f3 gran parte de la serie (entre los <strong>bosques<\/strong> del Ambroz y los <a class=\"ft-link ft-link--decoration\" href=\"http:\/\/www.estudiosauriga.com\/\" rel=\"nofollow noopener\" target=\"_blank\">Estudios Auriga<\/a>).<\/p>\n<p class=\"ft-text\">En la entrevista, Itu\u00f1o cuenta que el rodaje se produjo antes del incendio de Jarilla y que \u00abme llevo el conocer el pueblo de Herv\u00e1s, que es un pueblo maravilloso, verde, con una naturaleza y unas monta\u00f1as y una niebla que cae que de repente\u00bb.<\/p>\n<p class=\"ft-text\">Y se\u00f1ala que el paisaje le \u00abresonaba a casa\u00bb, a su tierra: Euskadi. \u00abEs verde como el Pa\u00eds Vasco. Yo no esperaba encontrar un sitio as\u00ed en <a class=\"ft-link ft-link--decoration\" href=\"https:\/\/www.elperiodicoextremadura.com\/extremadura\/\" rel=\"nofollow noopener\" target=\"_blank\">Extremadura<\/a>; en <a class=\"ft-link ft-link--decoration\" href=\"https:\/\/www.elperiodicoextremadura.com\/caceres-local\/\" rel=\"nofollow noopener\" target=\"_blank\">C\u00e1ceres<\/a>. Y alucin\u00e9 porque es un pueblo precioso, maravilloso. Yo, si hay alguien que no lo conoce, se lo recomiendo\u00bb.<\/p>\n<p class=\"ft-text\">La actriz reconoce que el rodaje caus\u00f3 algunas molestias a los vecinos: \u00ab<a class=\"ft-link ft-link--decoration\" href=\"https:\/\/www.elperiodicoextremadura.com\/caceres-local\/2025\/08\/25\/estrenos-sumaran-brillo-caceres-incendios-120902679.amp.html\" target=\"_blank\" rel=\"nofollow noopener\">Un rodaje es como un elefante en una cacharrer\u00eda<\/a>. Cortaban las calles, etc. pero bueno, despu\u00e9s nos \u00edbamos a tomar un vinito o una cerveza y <strong>estabas con la gente del pueblo<\/strong>. Y nos preguntaban por la grabaci\u00f3n.<\/p>\n<p>Masificaci\u00f3n<\/p>\n<p class=\"ft-text\">Guerra recuerda que al final de cada cap\u00edtulo \u00abNetflix ha puesto que est\u00e1 rodada, precisamente, en Hervas, que la zona ha padecido unos terribles incendios\u00bb, en referencia a unos <strong>r\u00f3tulos finales<\/strong> que mencionan en el <a class=\"ft-link ft-link--decoration\" href=\"https:\/\/www.elperiodicoextremadura.com\/extremadura\/2025\/08\/23\/quemo-jarilla-paso-paso-camino-120881020.amp.html\" target=\"_blank\" rel=\"nofollow noopener\">incendio de Jarilla<\/a>.<\/p>\n<p><img decoding=\"async\" src=\"https:\/\/www.europesays.com\/es\/wp-content\/uploads\/2025\/11\/39c61495-fbd9-4ab2-aa2e-1921112bd453_alta-libre-aspect-ratio_default_0.jpg\" width=\"1200\" height=\"600\" alt=\"Itu\u00f1o durante la grabaci\u00f3n del podcast.\" class=\"ft-helper-img-rd\" loading=\"lazy\"\/><\/p>\n<p class=\"ft-helper-fontColor-quaternary ft-helper-fontSize-body-S ft-helper-spacer-t-xxs\">Itu\u00f1o durante la grabaci\u00f3n del podcast.  \/ La script<\/p>\n<p class=\"ft-text\">En este contexto, Guerra resalta que \u00abel audiovisual tiene esa capacidad de atraer gente que quiere ver los exteriores\u00bb de un rodaje y que \u00abeso es una buena noticia\u00bb.<\/p>\n<p class=\"ft-text\">E Itu\u00f1o le replica que \u00absiempre que no se masifiquen las cosas, porque tenemos ah\u00ed, por ejemplo, <strong>San Juan de Gaztelugatxe<\/strong>, que es Rocadrag\u00f3n\u00bb en la serie de la HBO &#8216;Juego de tronos&#8217;.<\/p>\n<p class=\"ft-text\">\u00abYo me acuerdo de andar por all\u00ed jugando cuando era peque\u00f1a y ahora tienes que pedir vez para entrar. Hubo una temporada en que se cobraba <strong>entrada<\/strong> con tal de ponerle <strong>filtro<\/strong> porque hay una campana que hay que tocar cuando llegas y <strong>rompieron la campana&#8230; <\/strong>se <strong>masific\u00f3<\/strong> de repente\u00bb, lamenta la actriz.<\/p>\n<p class=\"ft-text\">\u00abEntonces, es un poco como, bueno, Herv\u00e1s est\u00e1 muy bien, pero <strong>id con cuentagotas<\/strong>\u00ab, bromea la int\u00e9rprete, teniendo que la gran promoci\u00f3n que est\u00e1 obteniendo con la serie de Netflix provoque un <strong>efecto llamada<\/strong> m\u00e1s grande del que ya tiene la joya del Ambroz&#8230;<\/p>\n","protected":false},"excerpt":{"rendered":"La actriz y soci\u00f3loga Itziar Itu\u00f1o se hizo muy popular con la serie &#8216;La casa de papel&#8216; y&hellip;\n","protected":false},"author":2,"featured_media":252872,"comment_status":"","ping_status":"","sticky":false,"template":"","format":"standard","meta":{"footnotes":""},"categories":[174],"tags":[6456,255,40452,146,147,25,24,5691,7234,256,16926,16925,152,264,1526,17909,23],"class_list":{"0":"post-252871","1":"post","2":"type-post","3":"status-publish","4":"format-standard","5":"has-post-thumbnail","7":"category-famosos","8":"tag-actriz","9":"tag-celebrities","10":"tag-cuco","11":"tag-entertainment","12":"tag-entretenimiento","13":"tag-es","14":"tag-espana","15":"tag-euskadi","16":"tag-extremadura","17":"tag-famosos","18":"tag-ituno","19":"tag-itziar","20":"tag-netflix","21":"tag-pais-vasco","22":"tag-polemica","23":"tag-rodajes","24":"tag-spain"},"share_on_mastodon":{"url":"https:\/\/pubeurope.com\/@es\/115603857701474595","error":""},"_links":{"self":[{"href":"https:\/\/www.europesays.com\/es\/wp-json\/wp\/v2\/posts\/252871","targetHints":{"allow":["GET"]}}],"collection":[{"href":"https:\/\/www.europesays.com\/es\/wp-json\/wp\/v2\/posts"}],"about":[{"href":"https:\/\/www.europesays.com\/es\/wp-json\/wp\/v2\/types\/post"}],"author":[{"embeddable":true,"href":"https:\/\/www.europesays.com\/es\/wp-json\/wp\/v2\/users\/2"}],"replies":[{"embeddable":true,"href":"https:\/\/www.europesays.com\/es\/wp-json\/wp\/v2\/comments?post=252871"}],"version-history":[{"count":0,"href":"https:\/\/www.europesays.com\/es\/wp-json\/wp\/v2\/posts\/252871\/revisions"}],"wp:featuredmedia":[{"embeddable":true,"href":"https:\/\/www.europesays.com\/es\/wp-json\/wp\/v2\/media\/252872"}],"wp:attachment":[{"href":"https:\/\/www.europesays.com\/es\/wp-json\/wp\/v2\/media?parent=252871"}],"wp:term":[{"taxonomy":"category","embeddable":true,"href":"https:\/\/www.europesays.com\/es\/wp-json\/wp\/v2\/categories?post=252871"},{"taxonomy":"post_tag","embeddable":true,"href":"https:\/\/www.europesays.com\/es\/wp-json\/wp\/v2\/tags?post=252871"}],"curies":[{"name":"wp","href":"https:\/\/api.w.org\/{rel}","templated":true}]}}