{"id":252880,"date":"2025-11-24T09:06:12","date_gmt":"2025-11-24T09:06:12","guid":{"rendered":"https:\/\/www.europesays.com\/es\/252880\/"},"modified":"2025-11-24T09:06:12","modified_gmt":"2025-11-24T09:06:12","slug":"onusida-advierte-a-los-lideres-del-g20-de-que-las-desigualdades-mundiales-prolongan-las-pandemias","status":"publish","type":"post","link":"https:\/\/www.europesays.com\/es\/252880\/","title":{"rendered":"ONUSIDA advierte a los l\u00edderes del G20 de que las desigualdades mundiales prolongan las pandemias"},"content":{"rendered":"<p><strong>La directora ejecutiva de ONUSIDA, Winnie Byanyima<\/strong>, ha advertido el pasado viernes a los <strong>l\u00edderes del G20<\/strong> de que <strong>las desigualdades arraigadas <\/strong>en los pa\u00edses representan una \u00ab<strong>amenaza<\/strong>\u00bb y que prolongan la crisis del sida, dejando al mundo m\u00e1s \u00ab<strong>vulnerable<\/strong>\u00bb ante futuras pandemias. \u00abEn un mundo desgarrado por la desigualdad extrema, nadie est\u00e1 a salvo. <a href=\"https:\/\/www.consalud.es\/politica\/el-g20-eleva-la-sanidad-a-pilar-economico-la-cobertura-universal-y-las-ent-marcan-la-agenda-en-sudafrica.html\" rel=\"nofollow noopener\" target=\"_blank\">Los l\u00edderes del G20<\/a> deben abordar la emergencia de la desigualdad para construir un mundo m\u00e1s seguro para todos\u00bb, ha afirmado Byanyima de cara a la celebraci\u00f3n de la cumbre del G20 en Johannesburgo (Sud\u00e1frica), en la que ha intervenido el pasado s\u00e1bado en nombre del Comit\u00e9 Extraordinario de Expertos Independientes del G20 sobre la Desigualdad Global.<\/p>\n<p><a href=\"https:\/\/www.consalud.es\/web\/assets\/contenedores\/banners\/banner_control_de_clicks.php?id=15\" target=\"_blank\" title=\"Pulse aqu\u00ed\" rel=\"nofollow noopener\"><img loading=\"lazy\" decoding=\"async\" src=\"https:\/\/www.europesays.com\/es\/wp-content\/uploads\/2025\/09\/media-15.jpg\" width=\"300\" height=\"250\" alt=\"Pulse aqu\u00ed\"\/><\/a><\/p>\n<p>Seg\u00fan un an\u00e1lisis del Comit\u00e9 muestra, entre 2000 y 2024, el 1 por ciento m\u00e1s rico del mundo acapar\u00f3 el 41 por ciento de toda la nueva riqueza, mientras que tan solo <strong>el 1 por ciento se destin\u00f3 al 50 por ciento m\u00e1s pobre.<\/strong><\/p>\n<p>Byanyima ha pedido tomar medidas inmediatas para abordar los \u00abinasequibles\u00bb pagos de intereses de la deuda que afrontan los pa\u00edses de ingresos bajos y medios, de modo que sus gobiernos puedan destinar los recursos necesarios para<strong> erradicar <a href=\"https:\/\/www.consalud.es\/pacientes\/infecciosas\/espana-afronta-reto-notificar-casos-vih-manera-temprana-ano-2030.html\" rel=\"nofollow noopener\" target=\"_blank\">el virus de la inmunodeficiencia humana (VIH<\/a>), el sida<\/strong> y otras pandemias, todo ello en un contexto de \u00abdr\u00e1sticos recortes\u00bb de la financiaci\u00f3n de los donantes.<\/p>\n<p>En ese sentido, ha recordado que<strong> los pa\u00edses en desarrollo<\/strong> se encuentran \u00abasfixiados\u00bb unas <strong>deudas <\/strong>que ascienden a casi <strong>tres billones de euros,<\/strong> y cuyo pago hace que los gobiernos de ingresos bajos no puedan financiar inversiones en <a href=\"https:\/\/www.consalud.es\/pacientes\/la-oms-alerta-de-la-alta-dependencia-global-en-vacunas-ninguna-region-es-autosuficiente.html\" rel=\"nofollow noopener\" target=\"_blank\">sistemas de salud<\/a> y en los determinantes sociales de la salud.<\/p>\n<p>Asimismo, ha instado a establecer un panel internacional sobre la desigualdad para <strong>apoyar a los gobiernos y organismos multilaterales <\/strong>en el desarrollo de pol\u00edticas nacionales e internacionales para abordar la desigualdad.<\/p>\n<p>Byanyima ha expuesto que las diferentes investigaciones publicados por estos grupos de expertos demuestran que <strong>la persistente desigualdad <\/strong>elevada constituye <strong>una emergencia mundial <\/strong>que alimenta la inestabilidad pol\u00edtica, frena la econom\u00eda y socava la salud p\u00fablica. Adem\u00e1s, aumentan la vulnerabilidad mundial a las pandemias, incrementan su impacto econ\u00f3mico y su letalidad, y prolongan su duraci\u00f3n; las pandemias, por su parte, exacerban la desigualdad, generando una relaci\u00f3n c\u00edclica y de retroalimentaci\u00f3n positiva.<\/p>\n<blockquote><p>&#13;<\/p>\n<p>Los pa\u00edses con mayor desigualdades so los que enfrentan mayores tasas de mortalidad por Covid-19, sida o VIH<\/p>\n<p>&#13;\n<\/p><\/blockquote>\n<p>De hecho, son los pa\u00edses m\u00e1s desiguales los que han experimentado mayores tasas de mortalidad por Covid-19 y por infecci\u00f3n de VIH y sida, sobre todo por las dificultades que han enfrentado para implementar respuestas eficaces a la pandemia.<\/p>\n<p>\u00abLa evidencia es inequ\u00edvoca: primero, que la desigualdad es un peligro para el mundo, y que reducir las desigualdades dentro de los pa\u00edses y entre ellos har\u00e1 que todos estemos m\u00e1s seguros; segundo, que estas desigualdades pueden superarse si los l\u00edderes act\u00faan conjuntamente. La desigualdad no es el destino; es una desastrosa decisi\u00f3n pol\u00edtica internacional colectiva que los l\u00edderes pueden optar por revertir ahora\u00bb, ha incidido.<\/p>\n<p>EL IMPACTO DE LA DESIGUALDAD DURANTE LA PANDEMIA DE COVID-19<\/p>\n<p>Estas investigaci\u00f3n han mostrado que<strong> las personas sin educaci\u00f3n b\u00e1sica<\/strong> ten\u00edan varias veces m\u00e1s probabilidades de <strong>morir por Covid-19<\/strong> que quienes hab\u00edan completado la primaria, en el caso de Brasil; o que vivir en <strong>viviendas superpobladas<\/strong> se asoci\u00f3 con <strong>mayores tasas de mortalidad por Covid-19<\/strong> en Reino Unido.<\/p>\n<p>El impacto de estas desigualdades se ha podido comprobar entre los pa\u00edses de altos ingresos y aquellos de medios y bajos, pues mientras los primeros pudieron financiar el aumento del gasto sanitario y las medidas de mitigaci\u00f3n econ\u00f3mica, as\u00ed como la distribuci\u00f3n de vacunas; el otro grupo de pa\u00edses se vio frenado por las \u00abgraves limitaciones financieras\u00bb, y se vio obligado a esperar las vacunas.<\/p>\n<p>Por otro lado, Byanyima ha elogiado el liderazgo de Sud\u00e1frica en el G20 al impulsar el progreso internacional en el acceso a medicamentos, la deuda y la financiaci\u00f3n, y por su impulso a nivel nacional hacia la cobertura sanitaria universal a trav\u00e9s del Seguro Nacional de Salud.<\/p>\n<p class=\"pie-articulo\">*Los contenidos de ConSalud est\u00e1n elaborados por periodistas especializados en salud y avalados por un comit\u00e9 de expertos de primer nivel. No obstante, recomendamos al lector que cualquier duda relacionada con la salud sea consultada con un profesional del \u00e1mbito sanitario.<\/p>\n","protected":false},"excerpt":{"rendered":"La directora ejecutiva de ONUSIDA, Winnie Byanyima, ha advertido el pasado viernes a los l\u00edderes del G20 de&hellip;\n","protected":false},"author":2,"featured_media":252881,"comment_status":"","ping_status":"","sticky":false,"template":"","format":"standard","meta":{"footnotes":""},"categories":[92],"tags":[25,24,165,166,23],"class_list":{"0":"post-252880","1":"post","2":"type-post","3":"status-publish","4":"format-standard","5":"has-post-thumbnail","7":"category-salud","8":"tag-es","9":"tag-espana","10":"tag-health","11":"tag-salud","12":"tag-spain"},"share_on_mastodon":{"url":"https:\/\/pubeurope.com\/@es\/115603884642157722","error":""},"_links":{"self":[{"href":"https:\/\/www.europesays.com\/es\/wp-json\/wp\/v2\/posts\/252880","targetHints":{"allow":["GET"]}}],"collection":[{"href":"https:\/\/www.europesays.com\/es\/wp-json\/wp\/v2\/posts"}],"about":[{"href":"https:\/\/www.europesays.com\/es\/wp-json\/wp\/v2\/types\/post"}],"author":[{"embeddable":true,"href":"https:\/\/www.europesays.com\/es\/wp-json\/wp\/v2\/users\/2"}],"replies":[{"embeddable":true,"href":"https:\/\/www.europesays.com\/es\/wp-json\/wp\/v2\/comments?post=252880"}],"version-history":[{"count":0,"href":"https:\/\/www.europesays.com\/es\/wp-json\/wp\/v2\/posts\/252880\/revisions"}],"wp:featuredmedia":[{"embeddable":true,"href":"https:\/\/www.europesays.com\/es\/wp-json\/wp\/v2\/media\/252881"}],"wp:attachment":[{"href":"https:\/\/www.europesays.com\/es\/wp-json\/wp\/v2\/media?parent=252880"}],"wp:term":[{"taxonomy":"category","embeddable":true,"href":"https:\/\/www.europesays.com\/es\/wp-json\/wp\/v2\/categories?post=252880"},{"taxonomy":"post_tag","embeddable":true,"href":"https:\/\/www.europesays.com\/es\/wp-json\/wp\/v2\/tags?post=252880"}],"curies":[{"name":"wp","href":"https:\/\/api.w.org\/{rel}","templated":true}]}}