{"id":252888,"date":"2025-11-24T09:10:15","date_gmt":"2025-11-24T09:10:15","guid":{"rendered":"https:\/\/www.europesays.com\/es\/252888\/"},"modified":"2025-11-24T09:10:15","modified_gmt":"2025-11-24T09:10:15","slug":"la-nieta-de-jfk-revela-su-lucha-contra-un-cancer-feroz-y-expone-las-tensiones-en-el-clan-kennedy","status":"publish","type":"post","link":"https:\/\/www.europesays.com\/es\/252888\/","title":{"rendered":"La nieta de JFK revela su lucha contra un c\u00e1ncer feroz y expone las tensiones en el clan Kennedy"},"content":{"rendered":"<p class=\"com-paragraph  --capital --s\">BOSTON.- <strong>Tatiana Schlossberg<\/strong>, la hija de 35 a\u00f1os de Caroline Kennedy y<strong> nieta de John F. Kennedy<\/strong>, revel\u00f3 en un ensayo publicado anteayer en The New Yorker que <strong>est\u00e1 luchando contra un c\u00e1ncer de sangre raro y agresivo<\/strong>, la leucemia mieloide aguda. <\/p>\n<p class=\"com-paragraph   --s\">Schlossberg, periodista ambiental, dijo en el ensayo que su c\u00e1ncer fue descubierto en mayo de 2024, mientras estaba en el hospital para el nacimiento de su segundo hijo.<\/p>\n<p class=\"com-paragraph   --s\">\u201cNo pod\u00eda creer que estuvieran hablando de m\u00ed\u201d, escribi\u00f3 sobre su diagn\u00f3stico. \u201cHab\u00eda nadado unos dos kil\u00f3metros en la pileta el d\u00eda anterior, con nueve meses de embarazo. No estaba enferma. No me sent\u00eda mal. De hecho, era una de las personas m\u00e1s sanas que conozco\u201d, afirm\u00f3.<\/p>\n<p class=\"com-paragraph   --s\">\u201cTen\u00eda un hijo al que amaba m\u00e1s que a nada y un reci\u00e9n nacido al que deb\u00eda cuidar\u201d, continu\u00f3. \u201cEsta no pod\u00eda ser mi vida\u201d.<\/p>\n<p class=\"com-paragraph   --s\">El <a href=\"https:\/\/www.newyorker.com\/culture\/the-weekend-essay\/a-battle-with-my-blood\" rel=\"nofollow noopener\" target=\"_blank\" title=\"https:\/\/www.newyorker.com\/culture\/the-weekend-essay\/a-battle-with-my-blood\" class=\"com-link break-word\" data-mrf-recirculation=\"n_link_parrafo\">ensayo<\/a> se public\u00f3 en el sitio web de la revista con motivo del 62\u00ba aniversario del asesinato del presidente Kennedy. En \u00e9l, Schlossberg describi\u00f3 su <strong>angustiosa trayectoria m\u00e9dica de los \u00faltimos 18 meses<\/strong>, el apoyo incondicional de sus padres y hermanos, quienes, seg\u00fan escribi\u00f3, \u201chan estado criando a mis hijos y asistiendo a mis diversas habitaciones de hospital casi a diario\u201d, y la lucha de su onc\u00f3logo por encontrar un tratamiento que le salvara la vida.<\/p>\n<p class=\"com-paragraph   --s\">\u201cHa buscado por todos lados m\u00e1s tratamientos para m\u00ed\u201d, escribi\u00f3. <strong>\u201cSabe que no quiero morir y est\u00e1 intentando evitarlo\u201d<\/strong>, a\u00f1adi\u00f3.<\/p>\n<p class=\"com-paragraph   --s\">Schlossberg, exredactora cient\u00edfica de The New York Times, <strong>arremete contra su primo, Robert F. Kennedy Jr., por las decisiones pol\u00edticas y los recortes presupuestarios que ponen en riesgo el bienestar de la naci\u00f3n<\/strong> y su propia y fr\u00e1gil salud. Y reconoce, con total honestidad, la larga historia de tragedia en su familia y el dolor de saber que su enfermedad sumi\u00f3 a su madre en otra etapa de duelo.<\/p>\n<p class=\"com-paragraph   --s\">Caroline Kennedy, de 67 a\u00f1os, exembajadora en Australia y Jap\u00f3n, ten\u00eda cinco a\u00f1os cuando su padre fue asesinado el 22 de noviembre de 1963. Su t\u00edo, Robert F. Kennedy, fue asesinado cinco a\u00f1os despu\u00e9s. Su hermano, John F. Kennedy Jr., muri\u00f3 en 1999 , a los 38 a\u00f1os, cuando la avioneta que pilotaba se estrell\u00f3 en el oc\u00e9ano camino a Martha\u2019s Vineyard, frente a la costa de Massachusetts.<\/p>\n<p class=\"com-paragraph   --s\">\u201cToda mi vida he intentado ser buena\u201d para evitarle a su madre m\u00e1s sufrimiento, escribi\u00f3 Schlossberg. <strong>\u201cAhora a\u00f1ad\u00ed una nueva tragedia a su vida, a la vida de nuestra familia, y no puedo hacer nada para detenerla\u201d<\/strong>, se lament\u00f3.<\/p>\n<p>La hija del expresidente estadounidense J. F. Kennedy, Caroline Kennedy<\/p>\n<p class=\"com-paragraph   --s\">Ella detalla una serie de tratamientos intensos para su c\u00e1ncer, comenzando con quimioterapia y un trasplante de m\u00e9dula \u00f3sea. Su hermana, Rose Schlossberg, don\u00f3 c\u00e9lulas madre para su trasplante. Su hermano, Jack Schlossberg, quien se postula para el Congreso, era parcialmente compatible, pero \u201caun as\u00ed le preguntaba a todos los m\u00e9dicos si tal vez una semicompatibilidad era mejor, por si acaso\u201d.<\/p>\n<p class=\"com-paragraph   --s\">Su marido, George Moran, m\u00e9dico, dorm\u00eda en el suelo del hospital, escribi\u00f3, y lidiaba con las demandas de \u201cm\u00e9dicos y personas de seguros con quienes no quer\u00eda hablar\u201d.<\/p>\n<p class=\"com-paragraph   --s\">\u201c\u00c9l es perfecto\u201d, escribi\u00f3 Schlossberg sobre su esposo, \u201cy me siento tan enga\u00f1ada y tan triste por no poder seguir viviendo la maravillosa vida que tuve con este genio amable, divertido y guapo que logr\u00e9 encontrar\u201d.<\/p>\n<p class=\"com-paragraph   --s\">Tras 50 d\u00edas de tratamiento en el Centro Oncol\u00f3gico Memorial Sloan Kettering de Nueva York, Schlossberg se fue a casa, comenz\u00f3 una nueva ronda de quimioterapia y sufri\u00f3 una reca\u00edda, seg\u00fan escribi\u00f3. En enero, particip\u00f3 en un ensayo cl\u00ednico donde prob\u00f3 una inmunoterapia en la que los m\u00e9dicos intentaron programar las c\u00e9lulas T trasplantadas para que atacaran el c\u00e1ncer. Posteriormente, se le realiz\u00f3 un segundo trasplante.<\/p>\n<p class=\"com-paragraph   --s\">Schlossberg dijo que intent\u00f3 ser \u201cla paciente perfecta\u201d.<\/p>\n<p class=\"com-paragraph   --s\">\u201cSi hiciera todo bien, si fuera amable con todos todo el tiempo, si no necesitara ayuda ni tuviera problemas\u201d, escribi\u00f3, \u201centonces funcionar\u00eda\u201d.<\/p>\n<p class=\"com-paragraph   --s\"><strong>Sus temores se vieron agravados por las acciones de su primo<\/strong>, Robert F. Kennedy Jr., secretario de Salud y Servicios Humanos, a quien considera una <strong>\u201cverg\u00fcenza\u201d para su familia<\/strong>. Describe su alarma ante la posibilidad de que sus ataques a las vacunas la dejaran \u201ccon el sistema inmunitario comprometido el resto de su vida\u201d y su horror al ver c\u00f3mo el <strong>gobierno eliminaba millones de d\u00f3lares en fondos para vacunas de ARNm utilizadas para combatir algunos tipos de c\u00e1ncer, y del presupuesto de los Institutos Nacionales de Salud<\/strong>, recortes que interrumpieron tratamientos y ensayos cl\u00ednicos para miles de pacientes.<\/p>\n<p class=\"com-paragraph   --s\">\u201cDe repente\u201d, escribi\u00f3, <strong>\u201cel sistema de salud del que depend\u00eda se sinti\u00f3 sobrecargado y precario\u201d.<\/strong><\/p>\n<p>Schlossberg fue una f\u00e9rrea cr\u00edtica de la gesti\u00f3n de Robert F. Kennedy Jr. como secretario de Salud del gobierno de Trump.Getty Images<\/p>\n<p class=\"com-paragraph   --s\">Aunque con notas de ira y frustraci\u00f3n, Schlossberg centra gran parte del ensayo en el amor que siente por sus dos hijos peque\u00f1os y en su dolor e incredulidad por no estar all\u00ed para verlos crecer. Le recuerda a menudo a su hijo que es escritora, y se\u00f1ala: \u201cpara que sepa que no era solo una persona enferma\u201d.<\/p>\n<p class=\"com-paragraph   --s\">Tambi\u00e9n describe conmovedoramente la disonancia de esforzarse por vivir el momento con sus hijos e imprimir recuerdos v\u00edvidos del tiempo que pasaron juntos, mientras sabe que los recuerdos que est\u00e1 creando morir\u00e1n con ella.<\/p>\n<p class=\"com-paragraph   --s\">Recuerda un recuerdo que atesora: el de su hijo y un cami\u00f3n de helados, cuando le dijo que no quer\u00eda helado. \u201cMe abraz\u00f3, me dio una palmadita en la espalda y me dijo: \u2018Te entiendo, amiga, te entiendo\u2019\u201d, escribi\u00f3.<\/p>\n","protected":false},"excerpt":{"rendered":"BOSTON.- Tatiana Schlossberg, la hija de 35 a\u00f1os de Caroline Kennedy y nieta de John F. Kennedy, revel\u00f3&hellip;\n","protected":false},"author":2,"featured_media":252889,"comment_status":"","ping_status":"","sticky":false,"template":"","format":"standard","meta":{"footnotes":""},"categories":[42],"tags":[17,18,3730,83,13,14,11,30459,9035,61,62,63,64,19,20,9,10,15,16,88,5915,12,21,22,65,66,67],"class_list":{"0":"post-252888","1":"post","2":"type-post","3":"status-publish","4":"format-standard","5":"has-post-thumbnail","7":"category-internacional","8":"tag-breaking-news","9":"tag-breakingnews","10":"tag-canada","11":"tag-diplomacy","12":"tag-featured-news","13":"tag-featurednews","14":"tag-headlines","15":"tag-heads-of-state","16":"tag-india","17":"tag-internacional","18":"tag-international","19":"tag-international-news","20":"tag-internationalnews","21":"tag-latest-news","22":"tag-latestnews","23":"tag-news","24":"tag-noticias","25":"tag-noticias-destacadas","26":"tag-noticiasdestacadas","27":"tag-politics","28":"tag-summit","29":"tag-titulares","30":"tag-ultimas-noticias","31":"tag-ultimasnoticias","32":"tag-world","33":"tag-world-news","34":"tag-worldnews"},"share_on_mastodon":{"url":"https:\/\/pubeurope.com\/@es\/115603899995311751","error":""},"_links":{"self":[{"href":"https:\/\/www.europesays.com\/es\/wp-json\/wp\/v2\/posts\/252888","targetHints":{"allow":["GET"]}}],"collection":[{"href":"https:\/\/www.europesays.com\/es\/wp-json\/wp\/v2\/posts"}],"about":[{"href":"https:\/\/www.europesays.com\/es\/wp-json\/wp\/v2\/types\/post"}],"author":[{"embeddable":true,"href":"https:\/\/www.europesays.com\/es\/wp-json\/wp\/v2\/users\/2"}],"replies":[{"embeddable":true,"href":"https:\/\/www.europesays.com\/es\/wp-json\/wp\/v2\/comments?post=252888"}],"version-history":[{"count":0,"href":"https:\/\/www.europesays.com\/es\/wp-json\/wp\/v2\/posts\/252888\/revisions"}],"wp:featuredmedia":[{"embeddable":true,"href":"https:\/\/www.europesays.com\/es\/wp-json\/wp\/v2\/media\/252889"}],"wp:attachment":[{"href":"https:\/\/www.europesays.com\/es\/wp-json\/wp\/v2\/media?parent=252888"}],"wp:term":[{"taxonomy":"category","embeddable":true,"href":"https:\/\/www.europesays.com\/es\/wp-json\/wp\/v2\/categories?post=252888"},{"taxonomy":"post_tag","embeddable":true,"href":"https:\/\/www.europesays.com\/es\/wp-json\/wp\/v2\/tags?post=252888"}],"curies":[{"name":"wp","href":"https:\/\/api.w.org\/{rel}","templated":true}]}}