{"id":252895,"date":"2025-11-24T09:20:09","date_gmt":"2025-11-24T09:20:09","guid":{"rendered":"https:\/\/www.europesays.com\/es\/252895\/"},"modified":"2025-11-24T09:20:09","modified_gmt":"2025-11-24T09:20:09","slug":"jordi-fernandez-presume-del-temporadon-del-joventut-en-la-nba-es-un-orgullo","status":"publish","type":"post","link":"https:\/\/www.europesays.com\/es\/252895\/","title":{"rendered":"Jordi Fern\u00e1ndez presume del temporad\u00f3n del Joventut en la NBA: \u201cEs un orgullo\u201d"},"content":{"rendered":"<p data-gtm-element-container=\"modulo-texto-link\" class=\"paragraph\">La vida del entrenador jefe NBA es muy ajetreada entre acumulaci\u00f3n de partidos, horas y horas de ver v\u00eddeo y tambi\u00e9n el tiempo de atenci\u00f3n que requiere cada una de las personas que hay en el pelot\u00f3n de un cuerpo t\u00e9cnico como m\u00e1s de una vez recuerda <strong>Jordi Fern\u00e1ndez<\/strong>. Pero, pese a todo ello y tambi\u00e9n la diferencia horaria, el entrenador de Badalona se las arregla para buscarse algo de tiempo para ver al equipo de su ciudad y en el que empez\u00f3 su romance con el baloncesto, el <strong>Joventut.<\/strong><\/p>\n<blockquote class=\"twitter-tweet\" data-lang=\"es\"><p>\n<a href=\"https:\/\/twitter.com\/canyameridis71\/status\/1992844075813499083?s=46\" rel=\"nofollow noopener\" target=\"_blank\">\n<\/p><\/blockquote>\n<p data-gtm-element-container=\"modulo-texto-link\" class=\"paragraph\">El t\u00e9cnico catal\u00e1n siempre presume de or\u00edgenes pero ahora puede presumir a\u00fan m\u00e1s con la inmensa ilusi\u00f3n que est\u00e1 generando la Penya esta temporada entre sus resultados y el id\u00edlico retorno de <strong>Ricky Rubio<\/strong>, una cosa ligada a la otra.<\/p>\n<p>            <img loading=\"lazy\" decoding=\"async\" data-full-src=\"https:\/\/www.mundodeportivo.com\/uploads\/2025\/10\/18\/68f3135ac2ba0.jpeg\" alt=\"Jordi Fern\u00e1ndez, el tercero abajo empezando por la derecha, en su etapa en las categor\u00edas inferiores del Joventut\" width=\"449\" height=\"220\" src=\"https:\/\/www.europesays.com\/es\/wp-content\/uploads\/2025\/11\/68f3135ac2ba0.jpeg\" class=\"lazy\"\/><\/p>\n<p>            \ud83c\udfc0<\/p>\n<p>    En el Joventut empez\u00f3 todo<\/p>\n<p class=\"module-text\">Jordi Fern\u00e1ndez, el tercero por la derecha, empez\u00f3 jugando en la Penya a los 6 a\u00f1os.<\/p>\n<p data-gtm-element-container=\"modulo-texto-link\" class=\"paragraph\">El conjunto verdinegro ha tenido un fulgurante arranque con su cuarto puesto en la <strong>ACB<\/strong> con 6-2 y un pleno de victorias en una <strong>Champions<\/strong> (5-0) en la que es l\u00edder de grupo. Anoche hablaba con gusto de ello Jordi en la visita de sus <strong>Brooklyn Nets<\/strong> a unos Toronto Raptors que se acabaron llevando el gato al agua en los \u00faltimos minutos (119-109).<\/p>\n<p data-gtm-element-container=\"modulo-texto-link\" class=\"paragraph\">\u201cEs un orgullo, est\u00e1n teniendo un inicio de temporada muy bueno. S\u00ed que he tenido el tiempo de verles, vi el partido de casa contra el <strong>Madrid<\/strong>, que fue un partido que compitieron en todo momento (derrota por 75-80). El campo estaba lleno, daba gozo verlo, y esta \u00faltima victoria de esta \u00faltima jornada (contra el Andorra 76-83). Estoy siguiendo el club de mi ciudad igual que todos los equipos catalanes. Estoy contento de c\u00f3mo les van las cosas y darles mi apoyo desde aqu\u00ed\u201d, destac\u00f3 a MD Jordi Fern\u00e1ndez.<\/p>\n<p>    Lee tambi\u00e9n<\/p>\n<p data-gtm-element-container=\"modulo-texto-link\" class=\"paragraph\">El catal\u00e1n empez\u00f3 de ni\u00f1o en el Joventut una relaci\u00f3n con el baloncesto que ha llevado muy lejos hasta el punto de convertirse en el primer entrenador espa\u00f1ol de la historia de la NBA.<\/p>\n<p data-gtm-element-container=\"modulo-texto-link\" class=\"paragraph\">El t\u00e9cnico de los Nets de <strong>42 a\u00f1os<\/strong> empez\u00f3 jugando en las categor\u00edas inferiores de la Penya con 6 a\u00f1os y ha hecho crecer en la NBA la fama del club de Badalona como una cuna de puro talento, pues la mejor liga del mundo ha visto pasar por ella otros ejemplos como <strong>Ra\u00fal L\u00f3pez, Rudy Fern\u00e1ndez <\/strong>y el propio <strong>Ricky Rubio<\/strong>. Bajo el liderazgo de Jordi, los Nets quieren alcanzar su primer anillo con la misma f\u00f3rmula del Joventut: desarrollando joven talento.<\/p>\n<p><script async src=\"https:\/\/platform.twitter.com\/widgets.js\" charset=\"utf-8\"><\/script><\/p>\n","protected":false},"excerpt":{"rendered":"La vida del entrenador jefe NBA es muy ajetreada entre acumulaci\u00f3n de partidos, horas y horas de ver&hellip;\n","protected":false},"author":2,"featured_media":252896,"comment_status":"","ping_status":"","sticky":false,"template":"","format":"standard","meta":{"footnotes":""},"categories":[269],"tags":[299,298,168,25,24,23,167],"class_list":{"0":"post-252895","1":"post","2":"type-post","3":"status-publish","4":"format-standard","5":"has-post-thumbnail","7":"category-baloncesto","8":"tag-baloncesto","9":"tag-basketball","10":"tag-deportes","11":"tag-es","12":"tag-espana","13":"tag-spain","14":"tag-sports"},"share_on_mastodon":{"url":"https:\/\/pubeurope.com\/@es\/115603939656589044","error":""},"_links":{"self":[{"href":"https:\/\/www.europesays.com\/es\/wp-json\/wp\/v2\/posts\/252895","targetHints":{"allow":["GET"]}}],"collection":[{"href":"https:\/\/www.europesays.com\/es\/wp-json\/wp\/v2\/posts"}],"about":[{"href":"https:\/\/www.europesays.com\/es\/wp-json\/wp\/v2\/types\/post"}],"author":[{"embeddable":true,"href":"https:\/\/www.europesays.com\/es\/wp-json\/wp\/v2\/users\/2"}],"replies":[{"embeddable":true,"href":"https:\/\/www.europesays.com\/es\/wp-json\/wp\/v2\/comments?post=252895"}],"version-history":[{"count":0,"href":"https:\/\/www.europesays.com\/es\/wp-json\/wp\/v2\/posts\/252895\/revisions"}],"wp:featuredmedia":[{"embeddable":true,"href":"https:\/\/www.europesays.com\/es\/wp-json\/wp\/v2\/media\/252896"}],"wp:attachment":[{"href":"https:\/\/www.europesays.com\/es\/wp-json\/wp\/v2\/media?parent=252895"}],"wp:term":[{"taxonomy":"category","embeddable":true,"href":"https:\/\/www.europesays.com\/es\/wp-json\/wp\/v2\/categories?post=252895"},{"taxonomy":"post_tag","embeddable":true,"href":"https:\/\/www.europesays.com\/es\/wp-json\/wp\/v2\/tags?post=252895"}],"curies":[{"name":"wp","href":"https:\/\/api.w.org\/{rel}","templated":true}]}}