{"id":252905,"date":"2025-11-24T09:27:14","date_gmt":"2025-11-24T09:27:14","guid":{"rendered":"https:\/\/www.europesays.com\/es\/252905\/"},"modified":"2025-11-24T09:27:14","modified_gmt":"2025-11-24T09:27:14","slug":"el-estudio-pangur-animation-triunfa-con-carmela","status":"publish","type":"post","link":"https:\/\/www.europesays.com\/es\/252905\/","title":{"rendered":"El estudio Pangur Animation triunfa con \u00abCarmela\u00bb"},"content":{"rendered":"<p>Est\u00e1bamos agradecida y necesariamente familiarizados con el tratamiento de <a title=\"la Guerra Civil\" href=\"https:\/\/www.larazon.es\/madrid\/guerra-civil-memoria-literaria_202511026906c1929d1df17d22ea90f8.html\" target=\"_blank\" rel=\"nofollow noopener\">la Guerra Civil<\/a> en el cine, pero no tanto en el universo cinematogr\u00e1fico de la animaci\u00f3n. Hasta ahora. Tras el conflicto, Carmela se une a las milicias junto a miles de mujeres. <b>Su lucha es doble: enfrentar al fascismo y defender las libertades ganadas en la Segunda Rep\u00fablica.<\/b> En combate, una granada casera le amputa la mano que hab\u00eda usado para sostener sus ideales y su arma en defensa de sus derechos. Este atrayente y estimulado contexto hist\u00f3rico construye las bases narrativas de \u00abCarmela\u00bb, el sensible corto de animaci\u00f3n dirigido por Vicente Mallols y Pangur Animation, el estudio valenciano especializado en animaci\u00f3n stop-motion, que acaba de ser galardonado con el Premio Lola Gaos al Mejor Corto de Animaci\u00f3n por esta propuesta audiovisual producida en colaboraci\u00f3n con Mansalva Films y Foliascope.<\/p>\n<p>El logro llega en un momento de gran impulso para Pangur, ya que Carmela figura como candidata al Goya al Mejor Cortometraje de Animaci\u00f3n, lo que confirma su estatus como uno de los trabajos m\u00e1s destacados de la temporada. Adem\u00e1s, <b>otro proyecto del estudio relacionado con el simbolismo revolucionario y tierno de las flores en mitad de un cl\u00e1sico barrio portugu\u00e9s y dirigido por Cynthia Levitan, \u00abPietra\u00bb<\/b>, tambi\u00e9n est\u00e1 entre las candidaturas al Goya, reforzando la presencia de Pangur en la escena nacional. Cabe destacar en t\u00e9rminos de subrayado local que, seg\u00fan fuentes, el 25 % de las candidaturas a cortos animados de los Goya 2026 proceden de la Comunidad Valenciana, incluyendo a \u00abCarmela\u00bb y \u00abPietra\u00bb.<\/p>\n<p>Sensibilidad narrativa<\/p>\n<p>Paralelamente, Pangur Animation ha estrenado recientemente su campa\u00f1a navide\u00f1a para Suchard, un anuncio genuinamente esperado por los salones de muchas casas que recupera la tradici\u00f3n y la artesan\u00eda. Bajo la direcci\u00f3n de Ogilvy, el spot combina imagen real y animaci\u00f3n en stop-motion para evocar la nostalgia familiar con nada menos que 2.900 im\u00e1genes hechas a mano. Pangur Animation \u2013cooperativa fundada por profesionales del arte y la comunicaci\u00f3n audiovisual\u2013 contin\u00faa consolid\u00e1ndose como un referente emergente en la animaci\u00f3n espa\u00f1ola. Con su est\u00e9tica artesanal y su sensibilidad narrativa, el estudio no s\u00f3lo destaca en el \u00e1mbito publicitario, sino tambi\u00e9n en festivales y premios cinematogr\u00e1ficos.<\/p>\n","protected":false},"excerpt":{"rendered":"Est\u00e1bamos agradecida y necesariamente familiarizados con el tratamiento de la Guerra Civil en el cine, pero no tanto&hellip;\n","protected":false},"author":2,"featured_media":252906,"comment_status":"","ping_status":"","sticky":false,"template":"","format":"standard","meta":{"footnotes":""},"categories":[169],"tags":[177,146,147,25,24,176,175,23],"class_list":{"0":"post-252905","1":"post","2":"type-post","3":"status-publish","4":"format-standard","5":"has-post-thumbnail","7":"category-cine","8":"tag-cine","9":"tag-entertainment","10":"tag-entretenimiento","11":"tag-es","12":"tag-espana","13":"tag-film","14":"tag-movies","15":"tag-spain"},"share_on_mastodon":{"url":"https:\/\/pubeurope.com\/@es\/115603966784584976","error":""},"_links":{"self":[{"href":"https:\/\/www.europesays.com\/es\/wp-json\/wp\/v2\/posts\/252905","targetHints":{"allow":["GET"]}}],"collection":[{"href":"https:\/\/www.europesays.com\/es\/wp-json\/wp\/v2\/posts"}],"about":[{"href":"https:\/\/www.europesays.com\/es\/wp-json\/wp\/v2\/types\/post"}],"author":[{"embeddable":true,"href":"https:\/\/www.europesays.com\/es\/wp-json\/wp\/v2\/users\/2"}],"replies":[{"embeddable":true,"href":"https:\/\/www.europesays.com\/es\/wp-json\/wp\/v2\/comments?post=252905"}],"version-history":[{"count":0,"href":"https:\/\/www.europesays.com\/es\/wp-json\/wp\/v2\/posts\/252905\/revisions"}],"wp:featuredmedia":[{"embeddable":true,"href":"https:\/\/www.europesays.com\/es\/wp-json\/wp\/v2\/media\/252906"}],"wp:attachment":[{"href":"https:\/\/www.europesays.com\/es\/wp-json\/wp\/v2\/media?parent=252905"}],"wp:term":[{"taxonomy":"category","embeddable":true,"href":"https:\/\/www.europesays.com\/es\/wp-json\/wp\/v2\/categories?post=252905"},{"taxonomy":"post_tag","embeddable":true,"href":"https:\/\/www.europesays.com\/es\/wp-json\/wp\/v2\/tags?post=252905"}],"curies":[{"name":"wp","href":"https:\/\/api.w.org\/{rel}","templated":true}]}}