{"id":252916,"date":"2025-11-24T09:33:22","date_gmt":"2025-11-24T09:33:22","guid":{"rendered":"https:\/\/www.europesays.com\/es\/252916\/"},"modified":"2025-11-24T09:33:22","modified_gmt":"2025-11-24T09:33:22","slug":"la-gente-que-mas-anos-vive-no-hace-crossfit-o-pilates","status":"publish","type":"post","link":"https:\/\/www.europesays.com\/es\/252916\/","title":{"rendered":"La gente que m\u00e1s a\u00f1os vive no hace Crossfit o Pilates"},"content":{"rendered":"\n<p> <a href=\"https:\/\/www.elconfidencial.com\/alma-corazon-vida\/2025-11-13\/dan-buettner-experto-longevidad-actividad-fisica-huerto_4246543\/\" target=\"_self\" rel=\"nofollow noopener\">Dan Buettner, investigador de referencia<\/a> en las <strong>zonas azules<\/strong>, sostiene que \u201c<strong>la gente que m\u00e1s a\u00f1os vive no hace Crossfit o Pilates<\/strong>\u201d. Tras dos d\u00e9cadas analizando regiones donde la longevidad es excepcional, explica que estas comunidades no estructuran el ejercicio, sino que incorporan el movimiento en su rutina diaria. Su trabajo se centra en \u00e1reas como <strong>Cerde\u00f1a<\/strong>, <strong>Okinawa<\/strong>, <strong>Icaria<\/strong>, <strong>Loma Linda<\/strong> y la <strong>pen\u00ednsula de Nicoya<\/strong>. Para \u00e9l, la clave est\u00e1 en h\u00e1bitos constantes y naturales. Un enfoque que cuestiona el modelo actual de actividad f\u00edsica. <\/p>\n<p> En una reciente conversaci\u00f3n en el p\u00f3dcast de ZOE, Buettner record\u00f3 que un centenario es \u201csimplemente alguien que ha cumplido 100 a\u00f1os\u201d. Sin embargo, destaca que estas poblaciones envejecen sin <strong>diabetes<\/strong>, <strong><a href=\"https:\/\/www.elconfidencial.com\/alma-corazon-vida\/2025-04-19\/jeremy-london-cirujano-razon-enfermedades-cardiacas-primer-causa-muerte-mundo-1qrt_4110241\/\" target=\"_self\" rel=\"nofollow noopener\">enfermedades card\u00edacas<\/a><\/strong>, <strong>c\u00e1ncer<\/strong> o <strong>demencia<\/strong>. El experto subraya que <strong>no cuentan con una gen\u00e9tica superior<\/strong> ni con una disciplina estricta. Su longevidad se debe a evitar, en mayor medida, enfermedades que acortan la vida. De ah\u00ed que lleguen a edades avanzadas con buena salud. <\/p>\n<p>              <img decoding=\"async\" class=\"inTextNews__img\" alt=\"Foto: ana-belen-ropero-bioquimica-comida-hijos-inversion\" src=\"https:\/\/www.europesays.com\/es\/wp-content\/uploads\/2025\/11\/f.elconfidencial.com\/original\/8be\/9e9\/b38\/8be9e9b3853e554510f33ea81bd164ed.jpg\"  \/>     <\/p>\n<p>TE PUEDE INTERESAR<\/p>\n<p>      <a class=\"inTextNews__title\" href=\"https:\/\/www.elconfidencial.com\/alma-corazon-vida\/2025-11-22\/ana-belen-ropero-bioquimica-comida-hijos-inversion_4252550\/\" onclick=\"window.ECCO.emit(&#039;amplitude&#039;, { dataEventName: &#039;click_related_article_module&#039;, data: { related_article_url: &#039;https:\/\/www.elconfidencial.com\/alma-corazon-vida\/2025-11-22\/ana-belen-ropero-bioquimica-comida-hijos-inversion_4252550\/&#039;, related_article_author: &#039;Silvia L\u00f3pez&#039;, related_article_section: &#039;alma-corazon-vida&#039; } })\" rel=\"nofollow noopener\" target=\"_blank\"> Ana Bel\u00e9n Ropero, bioqu\u00edmica: \u00abEl desayuno, el almuerzo y la merienda son una inversi\u00f3n: de ellos depende el crecimiento sano de nuestros hijos\u00bb <\/a>   <\/p>\n<p>    Silvia L\u00f3pez   <\/p>\n<p> Uno de los aspectos m\u00e1s llamativos es la <strong>ausencia de ejercicio programado<\/strong>. Buettner insiste en que \u201c<strong>la gente de las zonas azules no hace ejercicio<\/strong>\u201d en el sentido moderno. No practican Pilates, CrossFit ni entrenamientos dirigidos, sino que se mantienen activos de manera natural. Caminan a diario, cuidan sus <strong>huertos<\/strong> y realizan tareas dom\u00e9sticas sin m\u00e1quinas que reduzcan el esfuerzo. Ese <strong>movimiento constante y espont\u00e1neo<\/strong> resulta decisivo para su longevidad. <\/p>\n<p> El investigador a\u00f1ade que se mueven aproximadamente cada veinte minutos sin ser conscientes. En cambio, en las sociedades actuales se intenta compensar muchas horas sentados con una sesi\u00f3n de gimnasio que, a menudo, no se cumple. Incluso cuando se hace, asegura que no equivale al beneficio de <strong>distribuir el movimiento durante el d\u00eda<\/strong>. Para Buettner, el secreto de las zonas azules est\u00e1 en un <strong>estilo de vida activo sin forzarlo<\/strong>, donde lo cotidiano funciona mejor que cualquier plan de entrenamiento. <\/p>\n<p> <a href=\"https:\/\/www.elconfidencial.com\/alma-corazon-vida\/2025-11-13\/dan-buettner-experto-longevidad-actividad-fisica-huerto_4246543\/\" target=\"_self\" rel=\"nofollow noopener\">Dan Buettner, investigador de referencia<\/a> en las <strong>zonas azules<\/strong>, sostiene que \u201c<strong>la gente que m\u00e1s a\u00f1os vive no hace Crossfit o Pilates<\/strong>\u201d. Tras dos d\u00e9cadas analizando regiones donde la longevidad es excepcional, explica que estas comunidades no estructuran el ejercicio, sino que incorporan el movimiento en su rutina diaria. Su trabajo se centra en \u00e1reas como <strong>Cerde\u00f1a<\/strong>, <strong>Okinawa<\/strong>, <strong>Icaria<\/strong>, <strong>Loma Linda<\/strong> y la <strong>pen\u00ednsula de Nicoya<\/strong>. Para \u00e9l, la clave est\u00e1 en h\u00e1bitos constantes y naturales. Un enfoque que cuestiona el modelo actual de actividad f\u00edsica. <\/p>\n","protected":false},"excerpt":{"rendered":"Dan Buettner, investigador de referencia en las zonas azules, sostiene que \u201cla gente que m\u00e1s a\u00f1os vive no&hellip;\n","protected":false},"author":2,"featured_media":36869,"comment_status":"","ping_status":"","sticky":false,"template":"","format":"standard","meta":{"footnotes":""},"categories":[42],"tags":[17,18,13,14,11,61,62,63,64,19,20,9,10,15,16,12,21,22,65,66,67],"class_list":{"0":"post-252916","1":"post","2":"type-post","3":"status-publish","4":"format-standard","5":"has-post-thumbnail","7":"category-internacional","8":"tag-breaking-news","9":"tag-breakingnews","10":"tag-featured-news","11":"tag-featurednews","12":"tag-headlines","13":"tag-internacional","14":"tag-international","15":"tag-international-news","16":"tag-internationalnews","17":"tag-latest-news","18":"tag-latestnews","19":"tag-news","20":"tag-noticias","21":"tag-noticias-destacadas","22":"tag-noticiasdestacadas","23":"tag-titulares","24":"tag-ultimas-noticias","25":"tag-ultimasnoticias","26":"tag-world","27":"tag-world-news","28":"tag-worldnews"},"share_on_mastodon":{"url":"https:\/\/pubeurope.com\/@es\/115603990789621935","error":""},"_links":{"self":[{"href":"https:\/\/www.europesays.com\/es\/wp-json\/wp\/v2\/posts\/252916","targetHints":{"allow":["GET"]}}],"collection":[{"href":"https:\/\/www.europesays.com\/es\/wp-json\/wp\/v2\/posts"}],"about":[{"href":"https:\/\/www.europesays.com\/es\/wp-json\/wp\/v2\/types\/post"}],"author":[{"embeddable":true,"href":"https:\/\/www.europesays.com\/es\/wp-json\/wp\/v2\/users\/2"}],"replies":[{"embeddable":true,"href":"https:\/\/www.europesays.com\/es\/wp-json\/wp\/v2\/comments?post=252916"}],"version-history":[{"count":0,"href":"https:\/\/www.europesays.com\/es\/wp-json\/wp\/v2\/posts\/252916\/revisions"}],"wp:featuredmedia":[{"embeddable":true,"href":"https:\/\/www.europesays.com\/es\/wp-json\/wp\/v2\/media\/36869"}],"wp:attachment":[{"href":"https:\/\/www.europesays.com\/es\/wp-json\/wp\/v2\/media?parent=252916"}],"wp:term":[{"taxonomy":"category","embeddable":true,"href":"https:\/\/www.europesays.com\/es\/wp-json\/wp\/v2\/categories?post=252916"},{"taxonomy":"post_tag","embeddable":true,"href":"https:\/\/www.europesays.com\/es\/wp-json\/wp\/v2\/tags?post=252916"}],"curies":[{"name":"wp","href":"https:\/\/api.w.org\/{rel}","templated":true}]}}