{"id":252917,"date":"2025-11-24T09:34:09","date_gmt":"2025-11-24T09:34:09","guid":{"rendered":"https:\/\/www.europesays.com\/es\/252917\/"},"modified":"2025-11-24T09:34:09","modified_gmt":"2025-11-24T09:34:09","slug":"la-policia-pide-ayuda-ciudadana-para-detener-a-los-diez-fugitivos-mas-buscados-en-espana","status":"publish","type":"post","link":"https:\/\/www.europesays.com\/es\/252917\/","title":{"rendered":"La Polic\u00eda pide ayuda ciudadana para detener a los diez fugitivos m\u00e1s buscados en Espa\u00f1a"},"content":{"rendered":"<p>La Polic\u00eda Nacional ha solicitado la <strong>colaboraci\u00f3n ciudadana para detener a los diez fugitivos m\u00e1s buscados en Espa\u00f1a<\/strong>, con distintos perfiles delictivos y perseguidos por delitos graves como asesinato, agresiones sexuales a menores, tr\u00e1fico de drogas, trata de seres humanos y robos con violencia. <\/p>\n<p>La colaboraci\u00f3n ciudadana puede ser determinante para su localizaci\u00f3n, por lo que se ha habilitado una <strong>direcci\u00f3n de correo electr\u00f3nico espec\u00edfica, losmasbuscados@policia.es<\/strong> para que los ciudadanos que crean tener alg\u00fan dato que pueda conducir a su localizaci\u00f3n lo comuniquen a los investigadores de forma totalmente confidencial. <\/p>\n<p>Las im\u00e1genes que se difunden de los fugitivos son fotogramas reales y se han a\u00f1adido fotograf\u00edas en las que, mediante inteligencia artificial, se recrean cambios que se hubieran podido realizar los pr\u00f3fugos para modificar su apariencia y evitar ser reconocido. <\/p>\n<p>Durante el a\u00f1o 2024 la Secci\u00f3n de Localizaci\u00f3n de Fugitivos,  junto al resto de equipos de la red nacional, ha participado en la detenci\u00f3n de <strong>460 pr\u00f3fugos de la justicia por distintas reclamaciones tanto nacionales como internacionales.<\/strong><\/p>\n<p>Para la localizaci\u00f3n de estos fugitivos, la colaboraci\u00f3n ciudadana puede resultar fundamental, ya que son susceptibles de ser vistos a lo largo del pa\u00eds. Tambi\u00e9n, en caso de que las informaciones que se reciban indiquen que pueden ser detectados fuera de nuestras fronteras, la secci\u00f3n de Localizaci\u00f3n de Fugitivos cuenta con <strong>herramientas de cooperaci\u00f3n internacional que resultan imprescindibles<\/strong>. Entre estas herramientas se cuenta con la Red Europea de Equipos de B\u00fasqueda Activa de Fugitivos -ENFAST-,  que est\u00e1 disponible las 24 horas del d\u00eda, los siete d\u00edas de la semana, para emprender acciones inmediatas encaminadas a la localizaci\u00f3n y detenci\u00f3n de fugitivos en el entorno europeo.<\/p>\n<p>Los 10 m\u00e1s buscados<\/p>\n<p>&#8211;<strong>Daniel V\u00e1zquez Pati\u00f1o<\/strong>, natural de A Coru\u00f1a y de 46 a\u00f1os de edad. Se encuentra reclamado por <strong>abusos y agresiones sexuales<\/strong> a una menor de 10 a\u00f1os. Su complexi\u00f3n es obesa, tiene el cabello casta\u00f1o con entradas, 1,70 m de altura, piel blanca y ojos marrones, est\u00e1 considerado altamente peligroso.<\/p>\n<p>&#8211;<strong>Jes\u00fas Manuel Heredia Heredia<\/strong>, alias \u201cEl Pantoja\u201d y natural de Algeciras (C\u00e1diz), de 40 a\u00f1os. Est\u00e1 reclamado por delitos contra la salud p\u00fablica y quebrantamiento de condena. Se le considera <strong>uno de los mayores traficantes de droga de la historia de Espa\u00f1a<\/strong>, es l\u00edder del clan de \u201cLos Pantoja\u201d, est\u00e1 vinculado al narcotr\u00e1fico en el Campo de Gibraltar y se le considera disc\u00edpulo de Abdellah El Haj, conocido como \u201cel Messi del hach\u00eds\u201d. De complexi\u00f3n obesa, 1,80 m de altura, piel morena, ojos marrones y pelo oscuro con entradas, est\u00e1 considerado como de alta peligrosidad.<\/p>\n<p>&#8211;<strong>Juan Herrera Guerrero<\/strong>, es natural de Puente Genil (C\u00f3rdoba), de 53 a\u00f1os. Reclamado por <strong>abusos y agresiones sexuales a menores<\/strong>. Mide 1,73 m, es de complexi\u00f3n atl\u00e9tica, cabello casta\u00f1o, piel blanca, ojos marrones y puede utilizar gafas graduadas. Est\u00e1 considerado por los investigadores como altamente peligroso.<\/p>\n<p>&#8211;<strong>Juan Miguel Garc\u00eda Santos<\/strong>, de Vilanova de Arousa (Pontevedra), de 51 a\u00f1os. Buscado por tr\u00e1fico de drogas, es considerado el <strong>cerebro de un entramado de narcotr\u00e1fico gallego <\/strong>y est\u00e1 implicado en el env\u00edo de coca\u00edna desde Ecuador camuflada en cargamentos de pl\u00e1tanos. Su complexi\u00f3n es obesa, tiene el cabello negro, piel blanca y ojos negros. Est\u00e1 considerado de alta peligrosidad.<\/p>\n<p>&#8211;<strong>Manuel Rodr\u00edguez L\u00f3pez<\/strong>, es de Barcelona y tiene 63 a\u00f1os. Acumula m\u00faltiples requisitorias por <strong>robos con violencia, tenencia il\u00edcita de armas, lesiones<\/strong> y quebrantamiento de condena. Tiene una altura de 1,75 m, es de complexi\u00f3n delgada, cabello canoso, piel blanca y ojos marrones.<strong> Se le considera muy peligroso.<\/strong><\/p>\n<p>&#8211;<strong>Marti\u00f1o Ramos Soto<\/strong>, natural de Ourense, de 50 a\u00f1os. Era profesor y est\u00e1 condenado a 13 a\u00f1os de prisi\u00f3n por <strong>abusos sexuales a una alumna menor de edad<\/strong>, mediante pr\u00e1cticas s\u00e1dicas, cuando la v\u00edctima ten\u00eda entre 12 y 16 a\u00f1os. Su complexi\u00f3n es delgada, tiene la piel morena y el cabello canoso y rizado, con ojos marrones. <strong>Est\u00e1 calificado como de alta peligrosidad<\/strong>.<\/p>\n<p>&#8211;<strong>Jos\u00e9 Mar\u00eda Pav\u00f3n Pereira<\/strong>, de Huelva y de 52 a\u00f1os de edad. Est\u00e1 condenado a 41 a\u00f1os de prisi\u00f3n por el <strong>asesinato con alevos\u00eda y ensa\u00f1amiento de dos personas en Granada<\/strong>. Tiene complexi\u00f3n atl\u00e9tica, mide 1,65 m de altura, y su cabello es moreno, piel blanca y ojos negros. <strong>Considerado altamente peligroso<\/strong>.<\/p>\n<p><strong>-Ionut Ramon Raducan<\/strong>, alias \u201cFlorin\u201d. Es natural de la ciudad rumana de Tecuci  y tiene 33 a\u00f1os de edad. Se encuentra condenado por<strong> trata de seres humanos con fines de explotaci\u00f3n sexual y laboral<\/strong>, en un caso en el que oblig\u00f3 a su hermana menor y a su pareja a prostituirse en el Pol\u00edgono Industrial Marconi (Madrid). De complexi\u00f3n atl\u00e9tica y una altura de 1,72 m, tiene el cabello casta\u00f1o y la piel blanca.<strong> Se le considera de alta peligrosidad.<\/strong><\/p>\n<p><strong>-Julio Herrera Nieto<\/strong>, es de Sancti-Sp\u00edritus (Salamanca), tiene 56 a\u00f1os y est\u00e1 reclamado por <strong>tr\u00e1fico de drogas, tenencia il\u00edcita de armas y blanqueo de capitales<\/strong>. Se encontrar\u00eda vinculado un grupo criminal de proveedores y distribuidores de hero\u00edna y coca\u00edna a peque\u00f1os consumidores de la zona de Plasencia y alrededores. Su complexi\u00f3n es atl\u00e9tica, y mide 1,73 m de altura, con ojos claros y es calvo. Est\u00e1 considerado de<strong> alta peligrosidad<\/strong> al estar vinculado con el uso de armas de fuego.<\/p>\n<p><strong>-Sergio Jes\u00fas Mora Carrasco,<\/strong> alias \u201cYeyo\u201d. De Huelva y con 48 a\u00f1os de edad, est\u00e1 considerado<strong> uno de los mayores traficantes de drogas de Europa<\/strong> y, acusado de tr\u00e1fico de drogas y blanqueo de capitales, est\u00e1 especializado en el transporte mar\u00edtimo de hach\u00eds mediante lanchas r\u00e1pidas. Su complexi\u00f3n es obesa y mide 1,72 m de altura con piel blanca, ojos marrones y cabello oscuro. <strong>Se le considera altamente peligroso<\/strong>.<\/p>\n","protected":false},"excerpt":{"rendered":"La Polic\u00eda Nacional ha solicitado la colaboraci\u00f3n ciudadana para detener a los diez fugitivos m\u00e1s buscados en Espa\u00f1a,&hellip;\n","protected":false},"author":2,"featured_media":252918,"comment_status":"","ping_status":"","sticky":false,"template":"","format":"standard","meta":{"footnotes":""},"categories":[8],"tags":[17,18,25,24,13,14,11,19,20,9,10,15,16,23,12,21,22],"class_list":{"0":"post-252917","1":"post","2":"type-post","3":"status-publish","4":"format-standard","5":"has-post-thumbnail","7":"category-espana","8":"tag-breaking-news","9":"tag-breakingnews","10":"tag-es","11":"tag-espana","12":"tag-featured-news","13":"tag-featurednews","14":"tag-headlines","15":"tag-latest-news","16":"tag-latestnews","17":"tag-news","18":"tag-noticias","19":"tag-noticias-destacadas","20":"tag-noticiasdestacadas","21":"tag-spain","22":"tag-titulares","23":"tag-ultimas-noticias","24":"tag-ultimasnoticias"},"share_on_mastodon":{"url":"https:\/\/pubeurope.com\/@es\/115603994425134769","error":""},"_links":{"self":[{"href":"https:\/\/www.europesays.com\/es\/wp-json\/wp\/v2\/posts\/252917","targetHints":{"allow":["GET"]}}],"collection":[{"href":"https:\/\/www.europesays.com\/es\/wp-json\/wp\/v2\/posts"}],"about":[{"href":"https:\/\/www.europesays.com\/es\/wp-json\/wp\/v2\/types\/post"}],"author":[{"embeddable":true,"href":"https:\/\/www.europesays.com\/es\/wp-json\/wp\/v2\/users\/2"}],"replies":[{"embeddable":true,"href":"https:\/\/www.europesays.com\/es\/wp-json\/wp\/v2\/comments?post=252917"}],"version-history":[{"count":0,"href":"https:\/\/www.europesays.com\/es\/wp-json\/wp\/v2\/posts\/252917\/revisions"}],"wp:featuredmedia":[{"embeddable":true,"href":"https:\/\/www.europesays.com\/es\/wp-json\/wp\/v2\/media\/252918"}],"wp:attachment":[{"href":"https:\/\/www.europesays.com\/es\/wp-json\/wp\/v2\/media?parent=252917"}],"wp:term":[{"taxonomy":"category","embeddable":true,"href":"https:\/\/www.europesays.com\/es\/wp-json\/wp\/v2\/categories?post=252917"},{"taxonomy":"post_tag","embeddable":true,"href":"https:\/\/www.europesays.com\/es\/wp-json\/wp\/v2\/tags?post=252917"}],"curies":[{"name":"wp","href":"https:\/\/api.w.org\/{rel}","templated":true}]}}