{"id":252919,"date":"2025-11-24T09:35:10","date_gmt":"2025-11-24T09:35:10","guid":{"rendered":"https:\/\/www.europesays.com\/es\/252919\/"},"modified":"2025-11-24T09:35:10","modified_gmt":"2025-11-24T09:35:10","slug":"telefonica-empieza-a-negociar-el-ere-con-los-sindicatos","status":"publish","type":"post","link":"https:\/\/www.europesays.com\/es\/252919\/","title":{"rendered":"Telef\u00f3nica empieza a negociar el ERE con los sindicatos"},"content":{"rendered":"<p>Telef\u00f3nica comenzar\u00e1 a negociar este lunes <strong>tres de los siete expedientes de regulaci\u00f3n de empleo (ERE)<\/strong> que <a href=\"https:\/\/www.rtve.es\/noticias\/20251117\/telefonica-ere-empleo\/16758391.shtml\" target=\"_blank\" rel=\"nofollow noopener\">ha anunciado que presentar\u00e1 en varias filiales<\/a> del grupo en un contexto del plan estrat\u00e9gico, con el que busca una reducci\u00f3n de costes operativos de hasta un 25%.<\/p>\n<p>Este lunes comenzar\u00e1 la primera reuni\u00f3n entre direcci\u00f3n y sindicatos, en una mesa de negociaci\u00f3n en la que se prev\u00e9 que la compa\u00f1\u00eda exponga <strong>la motivaci\u00f3n de los ERE y el n\u00famero de afectados<\/strong> en Telef\u00f3nica M\u00f3viles, Telef\u00f3nica Soluciones y Telef\u00f3nica Espa\u00f1a, las tres empresas que est\u00e1n amparadas en el Convenio de Empresas Vinculadas (CEV) del operador, seg\u00fan han informado a EFE fuentes sindicales.<\/p>\n<p>Los ERE restantes, un total de cuatro \u2014en la matriz, Telef\u00f3nica S.A; Movistar+, Telef\u00f3nica Global Solutions y Telef\u00f3nica Innovaci\u00f3n Digital\u2014 <strong>se comenzar\u00e1n a tratar el martes <\/strong>en una reuni\u00f3n de la mesa de negociaci\u00f3n.<\/p>\n<p>La compa\u00f1\u00eda notific\u00f3 que presentar\u00eda estos ERE el pasado lunes a los representantes de los trabajadores. A partir de ah\u00ed, comenz\u00f3 a contar el plazo de una semana para constituir las mesas de negociaci\u00f3n. De momento no se han adelantado cifras, aunque algunos medios de comunicaci\u00f3n apuntan a que <strong>puede llegar a los 6.000 afectados<\/strong>, un extremo que la direcci\u00f3n de Telef\u00f3nica no ha confirmado.<\/p>\n<p>Gobierno y sindicatos insisten en que haya acuerdo<\/p>\n<p>El plan estrat\u00e9gico de Telef\u00f3nica, presentado el 4 de noviembre, incluye medidas como una reducci\u00f3n del 25% de sus costes operativos del centro corporativo y de sus unidades globales (Telef\u00f3nica Tech, Telef\u00f3nica Infra y su unidad de Innovaci\u00f3n), lo que supone una estimaci\u00f3n de <strong>unos 2.010 millones en un horizonte de 2030<\/strong>. <\/p>\n<p>UGT y CC.OO. han pedido que cualquier medida de este tipo se efect\u00fae con acuerdo de la parte sindical. Adem\u00e1s, han reclamado que <strong>se garanticen las condiciones laborales<\/strong> del resto de la plantilla hasta 2030. <\/p>\n<p>En la misma l\u00ednea, el ministro de Transformaci\u00f3n Digital y para la Funci\u00f3n P\u00fablica, \u00d3scar L\u00f3pez, ha advertido de que cualquier medida de este tipo en Telef\u00f3nica tiene que estar consensuada con los sindicatos. Cabe recordar que <strong>el Gobierno posee un 10% <\/strong>de la compa\u00f1\u00eda a trav\u00e9s de la Sociedad Estatal de Participaciones Industriales (SEPI). <\/p>\n<p><strong><a href=\"https:\/\/www.rtve.es\/noticias\/20240103\/telefonica-sindicatos-ere-convenio-colectivo\/2470355.shtml\" target=\"_blank\" rel=\"nofollow noopener\">Empresa y sindicatos firmaron el \u00faltimo ERE en enero de 2024<\/a><\/strong>, con 3.421 bajas en la compa\u00f1\u00eda y un periodo para acogerse de forma voluntaria. La negociaci\u00f3n de UGT, CC.OO. y Sumamos Fetico consigui\u00f3 entonces reducir en m\u00e1s de 1.700 personas el n\u00famero de afectados por el expediente en las tres principales filiales en Espa\u00f1a (Telef\u00f3nica de Espa\u00f1a, M\u00f3viles y Soluciones).<\/p>\n","protected":false},"excerpt":{"rendered":"Telef\u00f3nica comenzar\u00e1 a negociar este lunes tres de los siete expedientes de regulaci\u00f3n de empleo (ERE) que ha&hellip;\n","protected":false},"author":2,"featured_media":252920,"comment_status":"","ping_status":"","sticky":false,"template":"","format":"standard","meta":{"footnotes":""},"categories":[5],"tags":[17,18,25,24,13,14,11,19,20,9,10,15,16,23,12,21,22],"class_list":{"0":"post-252919","1":"post","2":"type-post","3":"status-publish","4":"format-standard","5":"has-post-thumbnail","7":"category-titulares","8":"tag-breaking-news","9":"tag-breakingnews","10":"tag-es","11":"tag-espana","12":"tag-featured-news","13":"tag-featurednews","14":"tag-headlines","15":"tag-latest-news","16":"tag-latestnews","17":"tag-news","18":"tag-noticias","19":"tag-noticias-destacadas","20":"tag-noticiasdestacadas","21":"tag-spain","22":"tag-titulares","23":"tag-ultimas-noticias","24":"tag-ultimasnoticias"},"share_on_mastodon":{"url":"https:\/\/pubeurope.com\/@es\/115603998180510461","error":""},"_links":{"self":[{"href":"https:\/\/www.europesays.com\/es\/wp-json\/wp\/v2\/posts\/252919","targetHints":{"allow":["GET"]}}],"collection":[{"href":"https:\/\/www.europesays.com\/es\/wp-json\/wp\/v2\/posts"}],"about":[{"href":"https:\/\/www.europesays.com\/es\/wp-json\/wp\/v2\/types\/post"}],"author":[{"embeddable":true,"href":"https:\/\/www.europesays.com\/es\/wp-json\/wp\/v2\/users\/2"}],"replies":[{"embeddable":true,"href":"https:\/\/www.europesays.com\/es\/wp-json\/wp\/v2\/comments?post=252919"}],"version-history":[{"count":0,"href":"https:\/\/www.europesays.com\/es\/wp-json\/wp\/v2\/posts\/252919\/revisions"}],"wp:featuredmedia":[{"embeddable":true,"href":"https:\/\/www.europesays.com\/es\/wp-json\/wp\/v2\/media\/252920"}],"wp:attachment":[{"href":"https:\/\/www.europesays.com\/es\/wp-json\/wp\/v2\/media?parent=252919"}],"wp:term":[{"taxonomy":"category","embeddable":true,"href":"https:\/\/www.europesays.com\/es\/wp-json\/wp\/v2\/categories?post=252919"},{"taxonomy":"post_tag","embeddable":true,"href":"https:\/\/www.europesays.com\/es\/wp-json\/wp\/v2\/tags?post=252919"}],"curies":[{"name":"wp","href":"https:\/\/api.w.org\/{rel}","templated":true}]}}