{"id":252923,"date":"2025-11-24T09:44:13","date_gmt":"2025-11-24T09:44:13","guid":{"rendered":"https:\/\/www.europesays.com\/es\/252923\/"},"modified":"2025-11-24T09:44:13","modified_gmt":"2025-11-24T09:44:13","slug":"papa-dmitrovic-ante-una-gestacion-de-105-meses","status":"publish","type":"post","link":"https:\/\/www.europesays.com\/es\/252923\/","title":{"rendered":"Pap\u00e1 Dmitrovic, ante una gestaci\u00f3n de 105 meses"},"content":{"rendered":"<p><img decoding=\"async\" src=\"https:\/\/www.europesays.com\/es\/wp-content\/uploads\/2025\/11\/JDBB3ZPWUFEDPH3PL6CFJEPAOI.jpg\" alt=\"Pap\u00e1 Dmitrovic, ante una gestaci\u00f3n de 105 meses\" height=\"900\" width=\"980\"   loading=\"lazy\"\/><\/p>\n<p class=\"\">Nadie se pregunta d\u00f3nde estaba aquel <b>29 de enero de 2017<\/b>. Portadas como la de El Pa\u00eds hablaban al d\u00eda siguiente del veto de <b>Trump <\/b>a la inmigraci\u00f3n, de las revelaciones de un juez o del precio de la luz. Vamos, que podr\u00eda ser el peri\u00f3dico de ayer. No fue, digamos, una <b>fecha hist\u00f3rica<\/b>. \u00bfO s\u00ed? Porque aquel domingo por la tarde sucedi\u00f3 un hecho razonable, <b>derrot\u00f3 el Espanyol al Sevilla<\/b>, 3-1 en<b> Cornell\u00e0-El Prat<\/b>\u2026 Algo que, sin embargo, <b>nunca m\u00e1s ha vuelto a suceder<\/b>, por mucho que se han reencontrado<b> una docena <\/b>de veces.<\/p>\n<p class=\"\">Casi <b>nueve a\u00f1os,<\/b> <b>3.221 d\u00edas, 105 meses<\/b> despu\u00e9s, como si se tratara de la <b>gestaci\u00f3n m\u00e1s larga<\/b> de todos los tiempos, la racha contin\u00faa. Y se vuelven a citar en el mismo lugar lo poqu\u00edsimo que queda de aquel <b>Espanyol <\/b>que acab\u00f3 <b>octavo <\/b>de la mano de<b> Quique S\u00e1nchez Flores<\/b>, en los albores de la era <b>Chen<\/b>, y de un <b>Sevilla <\/b>que fue <b>cuarto <\/b>con <b>Jorge Sampaoli<\/b>, que ven\u00eda de conquistar la<b> Europa League<\/b> el curso anterior y al cual a\u00fan le quedaban por ganar otras dos. De la \u00faltima de ellas, en la temporada 2022-23, form\u00f3 parte un <b>padre<\/b>, como dicen los modernos, pero de verdad: <b>Marko Dmitrovic <\/b><a href=\"https:\/\/as.com\/resultados\/futbol\/primera\/2025_2026\/directo\/regular_a_13_68644b77652b786\/\" target=\"_self\" rel=\"nofollow noopener\" title=\"https:\/\/as.com\/resultados\/futbol\/primera\/2025_2026\/directo\/regular_a_13_68644b77652b786\/\">(sigue el partido de hoy en directo en As.com).<\/a><\/p>\n<p class=\"\">El entonces <b>sevillista<\/b>, que ha aprovechado m\u00e1s que ning\u00fan otro este \u00faltimo par\u00f3n de <b>Liga <\/b>puesto que el pasado s\u00e1bado d\u00eda 15 <b>estren\u00f3 paternidad<\/b>, defiende ahora la porter\u00eda de un <b>Espanyol <\/b>que para mantenerse en <b>zona europea <\/b>trata de reencontrarse despu\u00e9s de sufrir <b>dos derrotas consecutivas <\/b>y de <a href=\"https:\/\/as.com\/futbol\/primera\/gerard-enfant-terrible-revitaliza-a-un-villarreal-que-ya-es-segundo-f202511-n\/\" target=\"_self\" rel=\"nofollow noopener\" title=\"https:\/\/as.com\/futbol\/primera\/gerard-enfant-terrible-revitaliza-a-un-villarreal-que-ya-es-segundo-f202511-n\/\">quedarse ante el Villarreal por primera vez<\/a><b> sin marcar en casa <\/b>(0-2), aquejado de una creciente <b>imprecisi\u00f3n en el \u00e1rea rival<\/b>, pese a contar con p\u00f3lvora suficiente.<\/p>\n<p class=\"\">Ah\u00ed se juntan <b>el hambre con las ganas de comer<\/b>, ya que el problema del <b>Sevilla <\/b>es justo el contrario: a pesar de contar con <b>un sinf\u00edn de centrales, defiende a trancas y a barrancas<\/b>. As\u00ed, es capaz de combinar un espectacular <a href=\"https:\/\/as.com\/futbol\/el-sevilla-aplasta-al-blandibarca-n\/\" target=\"_self\" rel=\"nofollow noopener\" title=\"https:\/\/as.com\/futbol\/el-sevilla-aplasta-al-blandibarca-n\/\">4-1 ante el Barcelona <\/a>con un<b> 1-3 desfavorable frente al Mallorca<\/b> a la jornada siguiente. O de <b>puntuar m\u00e1s a domicilio<\/b>, donde ha sumado nueve de sus 16 puntos, <b>que en el Pizju\u00e1n<\/b>, cosas seguramente de la presi\u00f3n.<\/p>\n<p class=\"\">Pese a esto \u00faltimo, ahora<b> <\/b><a href=\"https:\/\/as.com\/futbol\/vargas-alivia-al-sevilla-f202511-n\/\" target=\"_self\" rel=\"nofollow noopener\" title=\"https:\/\/as.com\/futbol\/vargas-alivia-al-sevilla-f202511-n\/\">viene de ganar a Osasuna (1-0)<\/a>, tras haber encadenado<b> tres derrotas<\/b>, exactamente lo que pretende evitar el Espanyol, y cuenta <b>Almeyda <\/b>con buenas y malas noticias. La peor la supo ya frente a los rojillos: la <b>baja de Carmona<\/b> por sanci\u00f3n. Las buenas est\u00e1n en la<b> recuperaci\u00f3n de Alexis S\u00e1nchez<\/b><a href=\"https:\/\/as.com\/futbol\/primera\/frenar-al-soldado-alexis-f202511-n\/\" target=\"_self\" rel=\"nofollow noopener\" title=\"https:\/\/as.com\/futbol\/primera\/frenar-al-soldado-alexis-f202511-n\/\"><b> <\/b>antes de tiempo<\/a>, tambi\u00e9n de <b>Marcao, Cardoso y de un Agoum\u00e9 que apunta como ning\u00fan otro a titular<\/b>. A\u00fan <b>no la de Azpilicueta<\/b>, quien acelera para el <b>derbi <\/b>de la pr\u00f3xima jornada.<\/p>\n<p><img decoding=\"async\" src=\"https:\/\/www.europesays.com\/es\/wp-content\/uploads\/2025\/11\/GR463NNZLRHWLBLAXU5VXAYEGI.jpg\" alt=\"Pap\u00e1 Dmitrovic, ante una gestaci\u00f3n de 105 meses\" height=\"900\" width=\"1600\"   loading=\"lazy\"\/>Grupo del Espanyol en el inicio del entrenamiento de este domingo.Gorka Leiza \/ Diario ASLa \u2018vuelta\u2019 del Congo-Nigeria<\/p>\n<p class=\"\">Aunque, para morbo, el posible<b> cara a cara entre Akor Adams y Ejuke con Pickel<\/b>, tan solo ocho d\u00edas despu\u00e9s del <b>Rep\u00fablica Democr\u00e1tica del Congo-Nigeria<\/b> que ape\u00f3 a los \u00e1guilas verdes de la pr\u00f3xima <b>Copa del Mundo<\/b>, entre <a href=\"https:\/\/as.com\/futbol\/primera\/pickel-camino-de-la-copa-del-mundo-acusado-de-hacer-vudu-f202511-n\/\" target=\"_self\" rel=\"nofollow noopener\" title=\"https:\/\/as.com\/futbol\/primera\/pickel-camino-de-la-copa-del-mundo-acusado-de-hacer-vudu-f202511-n\/\">acusaciones de vud\u00fa<\/a>. <\/p>\n<p>Noticias relacionadas<a href=\"https:\/\/as.com\/futbol\/primera\/manolo-jugar-el-lunes-a-las-9-no-tiene-ni-pies-ni-cabeza-f202511-n\/\" class=\"s_m_w _rt-16x9\" title=\"El t\u00e9cnico del Espanyol avis\u00f3 de la dificultad de ganar al Sevilla destacando el buen momento del equipo\" data-tb-link=\"\" rel=\"nofollow noopener\" target=\"_blank\"><img decoding=\"async\" src=\"https:\/\/www.europesays.com\/es\/wp-content\/uploads\/2025\/11\/TFWPNNUTANMODLLDFN3XZX6JBE.jpg\" alt=\"Manolo: \u201cJugar el lunes a las 9 no tiene ni pies ni cabeza\u201d\" class=\"\" height=\"9\" width=\"16\"   loading=\"lazy\" data-tb-thumbnail=\"\"\/><\/a><a href=\"https:\/\/as.com\/futbol\/primera\/almeyda-entroniza-al-espanyol-sabe-a-lo-que-juega-f202511-n\/\" class=\"s_m_w _rt-16x9\" title=\"El t\u00e9cnico del Sevilla elogia a Manolo Gonz\u00e1lez: \u201cLo que m\u00e1s me gust\u00f3 es el apoyo que ha recibido de sus jugadores en determinados momentos\u201d.\" data-tb-link=\"\" rel=\"nofollow noopener\" target=\"_blank\"><img decoding=\"async\" src=\"https:\/\/www.europesays.com\/es\/wp-content\/uploads\/2025\/11\/3F3TF3NS4FM5JOEELQNF4AGMDY.jpg\" alt=\"Almeyda entroniza al Espanyol: \u201cSabe a lo que juega\u201d\" class=\"\" height=\"9\" width=\"16\"   loading=\"lazy\" data-tb-thumbnail=\"\"\/><\/a><\/p>\n<p class=\"\">En el caso del mediocampista perico, pugna por un puesto con <b>Urko<\/b>, en un <b>Espanyol <\/b>que recupera a <b>Carlos Romero<\/b> y <b>Terrats<\/b>, ausentes contra el <b>Villarreal <\/b>por la <b>cl\u00e1usula del miedo<\/b>. Y que <a href=\"https:\/\/as.com\/futbol\/primera\/el-bigoton-del-yo-cantera-que-inicio-el-camino-a-leverkusen-f202511-n\/\" target=\"_self\" rel=\"nofollow noopener\" title=\"https:\/\/as.com\/futbol\/primera\/el-bigoton-del-yo-cantera-que-inicio-el-camino-a-leverkusen-f202511-n\/\">recordar\u00e1 al tristemente desaparecido Xabier Azkargorta<\/a>, <b>relevante entrenador en la historia perica y tambi\u00e9n del Sevilla<\/b>, el segundo equipo al que m\u00e1s veces dirigi\u00f3. Si \u201c<b>se juega como se vive<\/b>\u201d, como dec\u00eda el maestro, el mejor homenaje ser\u00eda brindarle un partidazo al <b>eterno bigot\u00f3n<\/b>.<\/p>\n<p class=\"\"><b>\u00a1Tus opiniones importan!<\/b> Comenta en los art\u00edculos y suscr\u00edbete gratis a nuestra <a href=\"https:\/\/asfan.as.com\/newsletters\/\" target=\"_blank\" rel=\"nofollow noopener\" title=\"https:\/\/asfan.as.com\/newsletters\/\">newsletter<\/a> y a las alertas informativas en la <a href=\"https:\/\/as.com\/aplicacion-de-as-n\/\" target=\"_blank\" rel=\"nofollow noopener\" title=\"https:\/\/as.com\/aplicacion-de-as-n\/\">App<\/a> o el canal de <a href=\"https:\/\/www.whatsapp.com\/channel\/0029VaAasdA7j6g745nz9M10\" target=\"_blank\" rel=\"nofollow noopener\" title=\"https:\/\/www.whatsapp.com\/channel\/0029VaAasdA7j6g745nz9M10\">WhatsApp<\/a>. \u00bfBuscas licenciar contenido? Haz clic <a href=\"https:\/\/profesional.elpais.com\/soluciones-sindicacion?utm_medium=interno&amp;utm_source=crosslinking&amp;utm_campaign=sindicacion_as_pie_articulos\" target=\"_blank\" rel=\"nofollow noopener\" title=\"https:\/\/profesional.elpais.com\/soluciones-sindicacion?utm_medium=interno&amp;utm_source=crosslinking&amp;utm_campaign=sindicacion_as_pie_articulos\">aqu\u00ed<\/a><\/p>\n<p>                    L\u00edderes<\/p>\n<p>                            Recuperaciones de posesi\u00f3n<\/p>\n","protected":false},"excerpt":{"rendered":"Nadie se pregunta d\u00f3nde estaba aquel 29 de enero de 2017. Portadas como la de El Pa\u00eds hablaban&hellip;\n","protected":false},"author":2,"featured_media":252924,"comment_status":"","ping_status":"","sticky":false,"template":"","format":"standard","meta":{"footnotes":""},"categories":[268],"tags":[168,25,24,280,282,281,23,167],"class_list":{"0":"post-252923","1":"post","2":"type-post","3":"status-publish","4":"format-standard","5":"has-post-thumbnail","7":"category-futbol","8":"tag-deportes","9":"tag-es","10":"tag-espana","11":"tag-football","12":"tag-futbol","13":"tag-soccer","14":"tag-spain","15":"tag-sports"},"share_on_mastodon":{"url":"https:\/\/pubeurope.com\/@es\/115604034689674741","error":""},"_links":{"self":[{"href":"https:\/\/www.europesays.com\/es\/wp-json\/wp\/v2\/posts\/252923","targetHints":{"allow":["GET"]}}],"collection":[{"href":"https:\/\/www.europesays.com\/es\/wp-json\/wp\/v2\/posts"}],"about":[{"href":"https:\/\/www.europesays.com\/es\/wp-json\/wp\/v2\/types\/post"}],"author":[{"embeddable":true,"href":"https:\/\/www.europesays.com\/es\/wp-json\/wp\/v2\/users\/2"}],"replies":[{"embeddable":true,"href":"https:\/\/www.europesays.com\/es\/wp-json\/wp\/v2\/comments?post=252923"}],"version-history":[{"count":0,"href":"https:\/\/www.europesays.com\/es\/wp-json\/wp\/v2\/posts\/252923\/revisions"}],"wp:featuredmedia":[{"embeddable":true,"href":"https:\/\/www.europesays.com\/es\/wp-json\/wp\/v2\/media\/252924"}],"wp:attachment":[{"href":"https:\/\/www.europesays.com\/es\/wp-json\/wp\/v2\/media?parent=252923"}],"wp:term":[{"taxonomy":"category","embeddable":true,"href":"https:\/\/www.europesays.com\/es\/wp-json\/wp\/v2\/categories?post=252923"},{"taxonomy":"post_tag","embeddable":true,"href":"https:\/\/www.europesays.com\/es\/wp-json\/wp\/v2\/tags?post=252923"}],"curies":[{"name":"wp","href":"https:\/\/api.w.org\/{rel}","templated":true}]}}