{"id":252925,"date":"2025-11-24T09:45:09","date_gmt":"2025-11-24T09:45:09","guid":{"rendered":"https:\/\/www.europesays.com\/es\/252925\/"},"modified":"2025-11-24T09:45:09","modified_gmt":"2025-11-24T09:45:09","slug":"jordi-gonzalez-anuncia-su-retirada-de-la-television-y-cuenta-el-sorprendente-motivo-de-su-decision","status":"publish","type":"post","link":"https:\/\/www.europesays.com\/es\/252925\/","title":{"rendered":"Jordi Gonz\u00e1lez anuncia su retirada de la televisi\u00f3n y cuenta el sorprendente motivo de su decisi\u00f3n"},"content":{"rendered":"<p style=\"\">Fue a finales del pasado mes de septiembre cuando <strong>Jordi Gonz\u00e1lez<\/strong> (63 a\u00f1os) regres\u00f3 a la peque\u00f1a pantalla tras<a href=\"https:\/\/www.abc.es\/gente\/jordi-gonzalez-vuelve-television-hablar-enfermedad-cuesta-20250608145305-nt.html\" target=\"_self\" data-voc-vtm-id=\"in-text-traffic\" title=\" un verdadero infierno\" data-mrf-link=\"www.abc.es\" rel=\"nofollow noopener\"> un verdadero infierno<\/a>. El presentador de televisi\u00f3n <strong>padeci\u00f3 una grave enfermedad<\/strong> provocada por una bacteria que contrajo en Medell\u00edn, Colombia. Fue de vacaciones  &#8230; y vivi\u00f3 una aut\u00e9ntica \u00abpesadilla\u00bb de la que hace apenas unos pocos meses pudo afirmar por fin que se encontraba \u00abcompletamente recuperado\u00bb. <\/p>\n<p class=\"voc-p\" style=\"\">Y es que el periodista estuvo a punto de morir, ingresado a comienzos de 2024 en un hospital colombiana, donde estuvo tres semanas en coma y un total de dos meses ingresado. Una vez le dieron el alta, ya en Madrid, es que se supo lo que hab\u00eda vivido. \u00abQuise mantenerlo todo en secreto para no inquietar a mi familia y solo sab\u00edan personas muy \u00edntimas de mi entorno m\u00e1s cercano. <strong>Tuve que aprender a hacerlo todo de cero<\/strong>, a comer, caminar, hablar, sincronizar movimientos\u2026 Imagina, 60 d\u00edas completamente paralizado\u00bb, detall\u00f3 en &#8216;TardeAR&#8217; el pasado mes de junio, durante su primera entrevista a una televisi\u00f3n nacional tras <a href=\"https:\/\/www.abc.es\/gente\/jordi-gonzalez-vuelve-television-hablar-enfermedad-cuesta-20250608145305-nt.html\" target=\"_self\" data-voc-vtm-id=\"in-text-traffic\" title=\"su dura recuperaci\u00f3n\" data-mrf-link=\"www.abc.es\" rel=\"nofollow noopener\">su dura recuperaci\u00f3n<\/a>.<\/p>\n<p class=\"voc-p\" style=\"\">Jordi Gonz\u00e1lez volvi\u00f3 el s\u00e1bado 27 de septiembre a TV3 por la puerta grande. El veterano presentador debut\u00f3 como nuevo director y conductor de &#8216;Col\u00b7lapse&#8217;, un programa de entrevistas y debate. \u00abNueve mil ciento veinticinco noches despu\u00e9s, en mi lengua y en TV3, os digo: \u00a1Buenas noches!\u00bb, exclam\u00f3 a su llegada. \u00abCuarenta a\u00f1os haciendo esto&#8230; y todav\u00eda me pongo nervioso\u00bb, confes\u00f3.<\/p>\n<p>\nRetirada\n<\/p>\n<p class=\"voc-p\" style=\"\">Ahora, casi dos meses m\u00e1s tarde, el televisivo ha sorprendido a todos anunciando su jubilaci\u00f3n. Ha sido a trav\u00e9s de una entrevista concedida con &#8216;Diari Ara&#8217;, en la que el presentador se ha sincerado como nunca sobre su papel en la peque\u00f1a pantalla. El catal\u00e1n ha explicado que que uno de los principales motivos de esta decisi\u00f3n ha sido el hecho de que <a href=\"https:\/\/www.abc.es\/gente\/jordi-gonzalez-vuelve-television-hablar-enfermedad-cuesta-20250608145305-nt.html\" target=\"_self\" data-voc-vtm-id=\"in-text-traffic\" title=\"\u00abtengo dinero y no tengo hijos\u00bb\" data-mrf-link=\"www.abc.es\" rel=\"nofollow noopener\">\u00abtengo dinero y no tengo hijos\u00bb<\/a>, lo que le permite tener solvencia econ\u00f3mica para el resto de su vida. Y es que Gonz\u00e1lez <strong>ha amasado una gran fortuna<\/strong> despu\u00e9s de d\u00e9cadas al frente de diferentes formatos como  &#8216;Moros y Cristianos&#8217;, &#8216;La casa de tu vida&#8217;, &#8216;TNT&#8217;, &#8216;Gran Hermano&#8217;, &#8216;Las joyas de la corona&#8217;, &#8216;Supervivientes&#8217;, &#8216;Lazos de sangre&#8217;, entre muchos otros. <\/p>\n<p class=\"voc-p\" style=\"\">Algo que tiene completamente claro es que &#8216;Col\u00b7lapse&#8217; ser\u00e1 el programa con el que despida su carrera: \u00abEs mi ep\u00edlogo, seguro. Lo podemos escribir ante notario. Puede durar tres meses o tres a\u00f1os, pero no har\u00e9 otro programa\u00bb, ah asegurado. Sobre su pr\u00f3xima jubilaci\u00f3n, el presentador afirma que \u00abal d\u00eda siguiente ir\u00e9 a Jap\u00f3n, que todav\u00eda no he ido\u00bb, adem\u00e1s tambi\u00e9n \u00abquiero aprender ingl\u00e9s y aprender a cocinar. Son las cosas que me propuse cuando ten\u00eda 40 a\u00f1os y que todav\u00eda no he podido hacer\u00bb. <\/p>\n","protected":false},"excerpt":{"rendered":"Fue a finales del pasado mes de septiembre cuando Jordi Gonz\u00e1lez (63 a\u00f1os) regres\u00f3 a la peque\u00f1a pantalla&hellip;\n","protected":false},"author":2,"featured_media":252926,"comment_status":"","ping_status":"","sticky":false,"template":"","format":"standard","meta":{"footnotes":""},"categories":[174],"tags":[4187,255,2196,2347,146,147,25,24,256,5976,12833,5135,1367,9172,23,807],"class_list":{"0":"post-252925","1":"post","2":"type-post","3":"status-publish","4":"format-standard","5":"has-post-thumbnail","7":"category-famosos","8":"tag-anuncia","9":"tag-celebrities","10":"tag-cuenta","11":"tag-decision","12":"tag-entertainment","13":"tag-entretenimiento","14":"tag-es","15":"tag-espana","16":"tag-famosos","17":"tag-gonzalez","18":"tag-jordi","19":"tag-motivo","20":"tag-retirada","21":"tag-sorprendente","22":"tag-spain","23":"tag-television"},"share_on_mastodon":{"url":"","error":""},"_links":{"self":[{"href":"https:\/\/www.europesays.com\/es\/wp-json\/wp\/v2\/posts\/252925","targetHints":{"allow":["GET"]}}],"collection":[{"href":"https:\/\/www.europesays.com\/es\/wp-json\/wp\/v2\/posts"}],"about":[{"href":"https:\/\/www.europesays.com\/es\/wp-json\/wp\/v2\/types\/post"}],"author":[{"embeddable":true,"href":"https:\/\/www.europesays.com\/es\/wp-json\/wp\/v2\/users\/2"}],"replies":[{"embeddable":true,"href":"https:\/\/www.europesays.com\/es\/wp-json\/wp\/v2\/comments?post=252925"}],"version-history":[{"count":0,"href":"https:\/\/www.europesays.com\/es\/wp-json\/wp\/v2\/posts\/252925\/revisions"}],"wp:featuredmedia":[{"embeddable":true,"href":"https:\/\/www.europesays.com\/es\/wp-json\/wp\/v2\/media\/252926"}],"wp:attachment":[{"href":"https:\/\/www.europesays.com\/es\/wp-json\/wp\/v2\/media?parent=252925"}],"wp:term":[{"taxonomy":"category","embeddable":true,"href":"https:\/\/www.europesays.com\/es\/wp-json\/wp\/v2\/categories?post=252925"},{"taxonomy":"post_tag","embeddable":true,"href":"https:\/\/www.europesays.com\/es\/wp-json\/wp\/v2\/tags?post=252925"}],"curies":[{"name":"wp","href":"https:\/\/api.w.org\/{rel}","templated":true}]}}