{"id":252927,"date":"2025-11-24T09:46:14","date_gmt":"2025-11-24T09:46:14","guid":{"rendered":"https:\/\/www.europesays.com\/es\/252927\/"},"modified":"2025-11-24T09:46:14","modified_gmt":"2025-11-24T09:46:14","slug":"la-dura-perdida-de-joaquin-torres-descansa-en-paz","status":"publish","type":"post","link":"https:\/\/www.europesays.com\/es\/252927\/","title":{"rendered":"La dura p\u00e9rdida de Joaqu\u00edn Torres: \u00abDescansa en paz\u00bb"},"content":{"rendered":"<p data-gtm-element-container=\"modulo-texto-link\" class=\"paragraph\">Los \u00faltimos meses han supuesto un profundo desgaste emocional para el arquitecto <strong>Joaqu\u00edn Torres<\/strong>, inmerso en cambios personales significativos. A la ruptura con Ra\u00fal Prieto, su pareja durante dos a\u00f1os, se suma ahora la muerte de su padre. \u00c9l mismo comunic\u00f3 la noticia con un mensaje: \u00ab<strong>Acaba de fallecer mi padre, Juan Torres Pi\u00f1\u00f3n. Descansa en paz, pap\u00e1<\/strong>\u00ab.<\/p>\n<p data-gtm-element-container=\"modulo-texto-link\" class=\"paragraph\">El fallecido, figura empresarial reconocida en Ferrol, fue uno de los fundadores de ACS junto a Florentino P\u00e9rez. Su hijo ha recordado en distintas ocasiones el car\u00e1cter ambicioso que defini\u00f3 a su progenitor, se\u00f1alando que <strong>\u00absu \u00fanica obsesi\u00f3n era montar una empresa familiar para hacerse m\u00e1s rico que Florentino\u00bb.<\/strong><\/p>\n<p>                <img loading=\"lazy\" decoding=\"async\" data-full-src=\"https:\/\/www.mundodeportivo.com\/uploads\/2024\/05\/06\/6638c61fb392f.png\" alt=\"Joaqu\u00edn Torres, en 'Ma\u00f1aneros'\" width=\"449\" height=\"253\" src=\"https:\/\/www.europesays.com\/es\/wp-content\/uploads\/2025\/11\/6638c61fb392f.png\" class=\"lazy\"\/><\/p>\n<p class=\"caption-title \">Joaqu\u00edn Torres, en &#8216;Ma\u00f1aneros&#8217;<\/p>\n<p data-gtm-element-container=\"modulo-texto-link\" class=\"paragraph\">Adem\u00e1s de su v\u00ednculo con ACS, Torres Pi\u00f1\u00f3n <strong>presidi\u00f3 el Metro de Madrid<\/strong> y mantuvo siempre un inter\u00e9s profundo por el arte. Su afici\u00f3n lo llev\u00f3 a convertirse en coleccionista y mecenas, participando como patrono del Museo Reina Sof\u00eda y siendo nombrado <strong>Miembro de Honor del Guggenheim de Bilbao<\/strong>.<\/p>\n<p data-gtm-element-container=\"modulo-texto-link\" class=\"paragraph\">Esta p\u00e9rdida se suma al impacto emocional que ya sufri\u00f3 Joaqu\u00edn Torres tras la muerte de su madre, <strong>Joaquina Verez Vivanco<\/strong>, en marzo del a\u00f1o pasado. Entonces expres\u00f3 su dolor: \u00ab<strong>Una parte de m\u00ed se ha ido junto a ella\u00bb<\/strong>. Aquella despedida marc\u00f3 el primer gran golpe de un periodo especialmente duro para el arquitecto.<\/p>\n<p>                <img loading=\"lazy\" decoding=\"async\" data-full-src=\"https:\/\/www.mundodeportivo.com\/uploads\/2024\/05\/06\/6638c63453787.png\" alt=\"Joaqu\u00edn Torres, en 'Ma\u00f1aneros'\" width=\"449\" height=\"253\" src=\"https:\/\/www.europesays.com\/es\/wp-content\/uploads\/2025\/11\/6638c63453787.png\" class=\"lazy\"\/><\/p>\n<p class=\"caption-title \">Joaqu\u00edn Torres, en &#8216;Ma\u00f1aneros&#8217;<\/p>\n<p>    Lee tambi\u00e9n<\/p>\n<p data-gtm-element-container=\"modulo-texto-link\" class=\"paragraph\">El arquitecto tambi\u00e9n ha debido afrontar<strong> problemas de salud y tensiones familiares<\/strong>. A finales de 2023 fue atropellado cuando circulaba en moto, un accidente que agrav\u00f3 la situaci\u00f3n personal que atravesaba. A ello se a\u00f1adieron sus<strong> desencuentros con su hermano Julio<\/strong>, al que acus\u00f3 de perjudicar a sus padres, y finalmente la separaci\u00f3n de Ra\u00fal Prieto durante este verano.<\/p>\n","protected":false},"excerpt":{"rendered":"Los \u00faltimos meses han supuesto un profundo desgaste emocional para el arquitecto Joaqu\u00edn Torres, inmerso en cambios personales&hellip;\n","protected":false},"author":2,"featured_media":252928,"comment_status":"","ping_status":"","sticky":false,"template":"","format":"standard","meta":{"footnotes":""},"categories":[173],"tags":[229,233,231,230,232,234,146,147,25,24,23],"class_list":{"0":"post-252927","1":"post","2":"type-post","3":"status-publish","4":"format-standard","5":"has-post-thumbnail","7":"category-arte-y-diseno","8":"tag-arte","9":"tag-arte-y-diseno","10":"tag-arts","11":"tag-arts-and-design","12":"tag-design","13":"tag-diseno","14":"tag-entertainment","15":"tag-entretenimiento","16":"tag-es","17":"tag-espana","18":"tag-spain"},"share_on_mastodon":{"url":"","error":""},"_links":{"self":[{"href":"https:\/\/www.europesays.com\/es\/wp-json\/wp\/v2\/posts\/252927","targetHints":{"allow":["GET"]}}],"collection":[{"href":"https:\/\/www.europesays.com\/es\/wp-json\/wp\/v2\/posts"}],"about":[{"href":"https:\/\/www.europesays.com\/es\/wp-json\/wp\/v2\/types\/post"}],"author":[{"embeddable":true,"href":"https:\/\/www.europesays.com\/es\/wp-json\/wp\/v2\/users\/2"}],"replies":[{"embeddable":true,"href":"https:\/\/www.europesays.com\/es\/wp-json\/wp\/v2\/comments?post=252927"}],"version-history":[{"count":0,"href":"https:\/\/www.europesays.com\/es\/wp-json\/wp\/v2\/posts\/252927\/revisions"}],"wp:featuredmedia":[{"embeddable":true,"href":"https:\/\/www.europesays.com\/es\/wp-json\/wp\/v2\/media\/252928"}],"wp:attachment":[{"href":"https:\/\/www.europesays.com\/es\/wp-json\/wp\/v2\/media?parent=252927"}],"wp:term":[{"taxonomy":"category","embeddable":true,"href":"https:\/\/www.europesays.com\/es\/wp-json\/wp\/v2\/categories?post=252927"},{"taxonomy":"post_tag","embeddable":true,"href":"https:\/\/www.europesays.com\/es\/wp-json\/wp\/v2\/tags?post=252927"}],"curies":[{"name":"wp","href":"https:\/\/api.w.org\/{rel}","templated":true}]}}