{"id":252943,"date":"2025-11-24T09:56:17","date_gmt":"2025-11-24T09:56:17","guid":{"rendered":"https:\/\/www.europesays.com\/es\/252943\/"},"modified":"2025-11-24T09:56:17","modified_gmt":"2025-11-24T09:56:17","slug":"hemos-perdido-el-norte-ponseti-alucina-con-los-safaris-humanos-en-sarajevo-sociedad","status":"publish","type":"post","link":"https:\/\/www.europesays.com\/es\/252943\/","title":{"rendered":"\u00abHemos perdido el norte\u00bb: Ponseti alucina con los safaris humanos en Sarajevo | Sociedad"},"content":{"rendered":"<p><a href=\"https:\/\/cadenaser.com\/nacional\/2025\/11\/11\/la-fiscalia-de-milan-investiga-si-se-realizaron-safaris-humanos-para-disparar-contra-los-habitantes-de-sarajevo-en-la-guerra-de-los-balcanes-cadena-ser\/\" target=\"_blank\" rel=\"nofollow noopener\" title=\"https:\/\/cadenaser.com\/nacional\/2025\/11\/11\/la-fiscalia-de-milan-investiga-si-se-realizaron-safaris-humanos-para-disparar-contra-los-habitantes-de-sarajevo-en-la-guerra-de-los-balcanes-cadena-ser\/\">La Fiscal\u00eda de Mil\u00e1n<\/a> ha iniciado una investigaci\u00f3n sobre un caso estremecedor ocurrido durante la guerra de Bosnia: los llamados \u00absafaris humanos\u00bb. Seg\u00fan denuncias presentadas en noviembre de 2025, ciudadanos italianos viajaron a Sarajevo en los a\u00f1os noventa para participar en macabras cacer\u00edas de civiles, pagando entre 80.000 y 100.000 euros por disparar desde posiciones de francotiradores.<\/p>\n<p>\u00abOrganizaban para turistas occidentales, sobre todo italianos, aunque tambi\u00e9n alguno ven\u00eda de Rusia, de Estados Unidos y de Canad\u00e1, organizaban esos safaris humanos, donde t\u00fa pagabas entre 80.000 y 100.000 euros y ten\u00edas derecho a abatir una pieza humana durante el cerco del Sarajevo\u00bb, comienza explicando el periodista Manu Marlasca en Ser Aventureros.<\/p>\n<p>El fiscal Alessandro Gobbis dirige la causa, que se abri\u00f3 tras la denuncia del escritor Ezio Gavazzeni y de los abogados Nicola Brigida y Guido Salvini. La documentaci\u00f3n aportada incluye testimonios de antiguos oficiales de inteligencia bosnios y eslovenos, as\u00ed como familiares de v\u00edctimas.<\/p>\n<p>Las investigaciones apuntan a que los participantes no eran militares, sino empresarios, cazadores y simpatizantes de extrema derecha, principalmente del norte de Italia, aunque tambi\u00e9n habr\u00eda implicados de otros pa\u00edses europeos y de Estados Unidos. En algunos casos, se pagaba m\u00e1s dinero si el objetivo eran ni\u00f1os, lo que convierte estos hechos en uno de los episodios m\u00e1s crueles de la guerra.<\/p>\n<p>El asedio de Sarajevo, que se prolong\u00f3 entre 1992 y 1996, dej\u00f3 m\u00e1s de 10.000 muertos y miles de heridos. Durante esos a\u00f1os, la ciudad estuvo bajo el fuego constante de las fuerzas serbobosnias, y la llamada \u00abavenida de los francotiradores\u00bb se convirti\u00f3 en s\u00edmbolo del terror.<\/p>\n<p>\u00abO sea, que te pon\u00edan y te dejaban dispararle en esa famosa calle, que era la avenida de los francotiradores, y te dejaban abatir a un ser humano. O sea, es que me parece que ya hemos perdido el norte\u00bb, sentencia Ponseti.<\/p>\n<p>Treinta a\u00f1os despu\u00e9s, la justicia italiana busca esclarecer responsabilidades. La investigaci\u00f3n se centra en posibles delitos de homicidio doloso agravado por crueldad y motivos despreciables, aunque todav\u00eda no se ha celebrado ning\u00fan juicio.<\/p>\n","protected":false},"excerpt":{"rendered":"La Fiscal\u00eda de Mil\u00e1n ha iniciado una investigaci\u00f3n sobre un caso estremecedor ocurrido durante la guerra de Bosnia:&hellip;\n","protected":false},"author":2,"featured_media":252944,"comment_status":"","ping_status":"","sticky":false,"template":"","format":"standard","meta":{"footnotes":""},"categories":[42],"tags":[16198,17,18,60564,13,14,11,61,62,63,64,32894,19,20,43526,60565,9,10,15,16,60566,12,21,22,60567,65,66,67],"class_list":{"0":"post-252943","1":"post","2":"type-post","3":"status-publish","4":"format-standard","5":"has-post-thumbnail","7":"category-internacional","8":"tag-bosnia","9":"tag-breaking-news","10":"tag-breakingnews","11":"tag-commemoration","12":"tag-featured-news","13":"tag-featurednews","14":"tag-headlines","15":"tag-internacional","16":"tag-international","17":"tag-international-news","18":"tag-internationalnews","19":"tag-justice","20":"tag-latest-news","21":"tag-latestnews","22":"tag-massacre","23":"tag-mladic","24":"tag-news","25":"tag-noticias","26":"tag-noticias-destacadas","27":"tag-noticiasdestacadas","28":"tag-remembrance","29":"tag-titulares","30":"tag-ultimas-noticias","31":"tag-ultimasnoticias","32":"tag-victims","33":"tag-world","34":"tag-world-news","35":"tag-worldnews"},"share_on_mastodon":{"url":"https:\/\/pubeurope.com\/@es\/115604080970290668","error":""},"_links":{"self":[{"href":"https:\/\/www.europesays.com\/es\/wp-json\/wp\/v2\/posts\/252943","targetHints":{"allow":["GET"]}}],"collection":[{"href":"https:\/\/www.europesays.com\/es\/wp-json\/wp\/v2\/posts"}],"about":[{"href":"https:\/\/www.europesays.com\/es\/wp-json\/wp\/v2\/types\/post"}],"author":[{"embeddable":true,"href":"https:\/\/www.europesays.com\/es\/wp-json\/wp\/v2\/users\/2"}],"replies":[{"embeddable":true,"href":"https:\/\/www.europesays.com\/es\/wp-json\/wp\/v2\/comments?post=252943"}],"version-history":[{"count":0,"href":"https:\/\/www.europesays.com\/es\/wp-json\/wp\/v2\/posts\/252943\/revisions"}],"wp:featuredmedia":[{"embeddable":true,"href":"https:\/\/www.europesays.com\/es\/wp-json\/wp\/v2\/media\/252944"}],"wp:attachment":[{"href":"https:\/\/www.europesays.com\/es\/wp-json\/wp\/v2\/media?parent=252943"}],"wp:term":[{"taxonomy":"category","embeddable":true,"href":"https:\/\/www.europesays.com\/es\/wp-json\/wp\/v2\/categories?post=252943"},{"taxonomy":"post_tag","embeddable":true,"href":"https:\/\/www.europesays.com\/es\/wp-json\/wp\/v2\/tags?post=252943"}],"curies":[{"name":"wp","href":"https:\/\/api.w.org\/{rel}","templated":true}]}}