{"id":252949,"date":"2025-11-24T10:07:16","date_gmt":"2025-11-24T10:07:16","guid":{"rendered":"https:\/\/www.europesays.com\/es\/252949\/"},"modified":"2025-11-24T10:07:16","modified_gmt":"2025-11-24T10:07:16","slug":"barrenetxea-confirma-que-tuvo-rotura-y-que-en-el-golazo-estaba-ahogado-y-ni-se-lo-penso","status":"publish","type":"post","link":"https:\/\/www.europesays.com\/es\/252949\/","title":{"rendered":"Barrenetxea confirma que tuvo rotura y que en el golazo estaba \u00abahogado\u00bb y ni se lo pens\u00f3"},"content":{"rendered":"<p data-gtm-element-container=\"modulo-texto-link\" class=\"paragraph\">No fue protagonista inicial pero s\u00ed el que puso la guinda a una tarde perfecta, y muy importante, de la Real Sociedad en El Sadar con un golazo desde el centro del campo que opositar\u00e1 para el Premio Puskas. <strong>Ander Barrenetxea <\/strong>(Donostia, 2001), atendi\u00f3 a MD tras el encuentro en la zona mixta del estadio navarro con una sonrisa de oreja a oreja por su tanto, por el vital triunfo, haber remontado y tambi\u00e9n, por volver de un par\u00f3n por un molesto golpe que fue m\u00e1s importante de lo previsto. Son cinco goles generados ya en esta Liga, es su a\u00f1o en todos los sentidos, se va confirmando.<\/p>\n<p data-gtm-element-container=\"modulo-texto-link\" class=\"paragraph\"><strong>Ander, ganar, poner fin a la mala racha fuera de casa, tantos perdidos sin remontar un choque y adem\u00e1s marcar ese gol que ha marcado, es un partido so\u00f1ado, \u00bfno?<\/strong><\/p>\n<p data-gtm-element-container=\"modulo-texto-link\" class=\"paragraph\">S\u00ed, la verdad es que era un partido muy importante para nosotros, ten\u00edamos ganas de sumar de tres fuera de casa, creo que es importante que nos hagamos fuertes tambi\u00e9n fuera de Anoeta y muy contentos y con ganas de m\u00e1s.<\/p>\n<p data-gtm-element-container=\"modulo-texto-link\" class=\"paragraph\"><strong>Se ha creado en la primera parte pero se vuelve a encajar a bal\u00f3n parado, \u00bfqu\u00e9 hablaban en el descanso de c\u00f3mo afrontar la segunda mitad?<\/strong><\/p>\n<p data-gtm-element-container=\"modulo-texto-link\" class=\"paragraph\">Corregir matices, creo que la primera parte ha sido buena, aunque hayamos entrado al vestuario perdiendo, creo que hemos hecho cosas muy bien, sobre todo en ataque, creo que hemos estado bastante bien, nos ha faltado un poco de finura en el \u00faltimo tercio. En la segunda parte han salido a jugar otra vez, y es una maravilla verlos jugar a Guedes, a Zakha, a Oyar, tenemos un equipo muy completo y la verdad que hay que aprovecharlo y seguir para arriba.<\/p>\n<p>                <img loading=\"lazy\" decoding=\"async\" data-full-src=\"https:\/\/www.mundodeportivo.com\/uploads\/2025\/11\/22\/69220dc68154c.jpeg\" alt=\"Horizontal\" width=\"449\" height=\"299\" src=\"https:\/\/www.europesays.com\/es\/wp-content\/uploads\/2025\/11\/69220dc68154c.jpeg\" class=\"lazy\"\/><\/p>\n<p class=\"caption-title \">Barrenetxea of Real Sociedad (obscured) celebrates scoring his team&#8217;s third goal with teammates during the LaLiga EA Sports match between CA Osasuna and Real Sociedad<\/p>\n<p>                    Ion Alcoba Beitia \/ Getty<\/p>\n<p data-gtm-element-container=\"modulo-texto-link\" class=\"paragraph\"><strong>Y a Barrene. Cuente, \u00bfcu\u00e1ndo ha visto que estaba adelantado el portero, cu\u00e1ndo lo ha pensado, c\u00f3mo ha golpeado ese bal\u00f3n?<\/strong><\/p>\n<p data-gtm-element-container=\"modulo-texto-link\" class=\"paragraph\">Yo creo que improviso bastante cuando juego, he visto que estaba adelantado, yo sab\u00eda que es un portero que est\u00e1 bastante adelantado y la verdad que no me lo he pensado, estaba bastante ahogado tambi\u00e9n te voy a decir y he dicho, \u2018acabo la jugada y que sea lo que Dios quiera\u2019, y por suerte ha ido dentro y la verdad es que es una locura.<\/p>\n<p data-gtm-element-container=\"modulo-texto-link\" class=\"paragraph\"><strong>Goles de dibujos animados de la Play, \u00bfno?<\/strong><\/p>\n<p data-gtm-element-container=\"modulo-texto-link\" class=\"paragraph\">S\u00ed, s\u00ed, uno que te sale, uno de cada mil, pero bueno, ha salido hoy y contento.<\/p>\n<p>Ander Barrenetxea<br \/>\n\u00abEn el derbi volv\u00ed al campo por dar tiempo a Zakharyan, por estar, y puse un centro de mierda que acab\u00f3 en gol. Estuve tres semanas sin poder moverme\u00bb<\/p>\n<p data-gtm-element-container=\"modulo-texto-link\" class=\"paragraph\"><strong>Ander, hemos hablado alguna vez en alguna entrevista de si este era su a\u00f1o, pero ya indiscutiblemente este s\u00ed es el a\u00f1o de Barrene, \u00bfno?<\/strong><\/p>\n<p data-gtm-element-container=\"modulo-texto-link\" class=\"paragraph\">Bueno, al final eso lo dec\u00eds vosotros, yo no lo s\u00e9, yo cada a\u00f1o quiero dar el m\u00e1ximo, quiero dar mi mejor nivel y la verdad es que este a\u00f1o me est\u00e1n saliendo las cosas bastante bien y tengo ganas de seguir trabajando, de seguir mejorando porque todav\u00eda tengo un margen grande de mejor.<\/p>\n<p>        Lee tambi\u00e9n<\/p>\n<p>    Jorge Serrano<\/p>\n<p>             <img loading=\"lazy\" decoding=\"async\" data-full-src=\"https:\/\/www.mundodeportivo.com\/uploads\/2025\/11\/22\/6922173e53870.jpeg\" alt=\"Horizontal\" width=\"334\" height=\"164\" src=\"https:\/\/www.europesays.com\/es\/wp-content\/uploads\/2025\/11\/6922173e53870.r_d.2365-1608.jpeg\" class=\"lazy\"\/><\/p>\n<p data-gtm-element-container=\"modulo-texto-link\" class=\"paragraph\"><strong>Hoy como revulsivo, algo diferente, porque estaba jugando todo de titular, \u00bfc\u00f3mo se ha visto en esa versi\u00f3n revulsiva? \u00bfQu\u00e9 tal estaba del golpe? \u00bfAl 100%, al 50%?<\/strong><\/p>\n<p data-gtm-element-container=\"modulo-texto-link\" class=\"paragraph\">He estado pr\u00e1cticamente tres semanas sin poder moverme y he entrenado dos d\u00edas. La verdad es que despu\u00e9s del primer d\u00eda de entrenamiento me salieron dolores en todos lados (risas), como es normal, pero del golpe ya estoy perfecto. F\u00edsicamente estoy bien, as\u00ed que hay que seguir y seguir ganando que es lo importante.<\/p>\n<p data-gtm-element-container=\"modulo-texto-link\" class=\"paragraph\"><strong>Era solo el golpe o alguna roturilla que proven\u00eda del golpe, o \u00bfc\u00f3mo ha sido? Porque es verdad que ha estado bastante tiempo fuera.<\/strong><\/p>\n<p data-gtm-element-container=\"modulo-texto-link\" class=\"paragraph\">S\u00ed, al final fue un golpe muy fuerte, que eso me gener\u00f3 una rotura bastante grande, pero al ser un golpe se le quita un poco la importancia, es mejor para recuperarlo, m\u00e1s f\u00e1cil y al final en tres semanas estoy de vuelta con la suerte de que s\u00f3lo me perd\u00ed un partido gracias al par\u00f3n, as\u00ed que bien.<\/p>\n<p>                <img loading=\"lazy\" decoding=\"async\" data-full-src=\"https:\/\/www.mundodeportivo.com\/uploads\/2025\/11\/22\/69220dca32782.jpeg\" alt=\"Horizontal\" width=\"449\" height=\"309\" src=\"https:\/\/www.europesays.com\/es\/wp-content\/uploads\/2025\/11\/69220dca32782.jpeg\" class=\"lazy\"\/><\/p>\n<p class=\"caption-title \">Ander Barrenetxea of Real Sociedad (centre) celebrates scoring his team&#8217;s third goal with teammates during the LaLiga EA Sports match between CA Osasuna and Real Sociedad<\/p>\n<p>                    Ion Alcoba Beitia \/ Getty<\/p>\n<p data-gtm-element-container=\"modulo-texto-link\" class=\"paragraph\"><strong>\u00bfC\u00f3mo ha visto al equipo? Porque ellos en esos cinco minutos han estado algo mejor pero la Real ha sido mucho mejor en el primer tiempo, dominando el centro del campo. \u00bfC\u00f3mo ha visto al equipo desde el banquillo?<\/strong><\/p>\n<p data-gtm-element-container=\"modulo-texto-link\" class=\"paragraph\">A m\u00ed me ha gustado mucho, creo que ha hecho m\u00e9ritos el equipo como para incluso meter alg\u00fan gol. Es que tenemos gente de mucha calidad, entonces cuando se junta esa gente salen cosas y creo que en la primera parte tambi\u00e9n han salido bastantes cosas bien. Intentar darle continuidad a esto, que creo que vamos por un buen camino.<\/p>\n<p>    Lee tambi\u00e9n<\/p>\n<p data-gtm-element-container=\"modulo-texto-link\" class=\"paragraph\"><strong>Con su gol ha habido locura. \u00bfCu\u00e1nto de importante era la victoria por eso de la remontada, por ganar fuera, por dar continuidad a los resultados?<\/strong><\/p>\n<p data-gtm-element-container=\"modulo-texto-link\" class=\"paragraph\">Creo que nosotros no le damos tanta importancia, bueno obviamente s\u00ed, pero no pensamos en cu\u00e1nto tiempo llevamos sin remontar. Cada partido que empiezas perdiendo quieres remontarlo, yo creo que contra el Espanyol ya hicimos una buena remontada aunque no acab\u00e1ramos ganando el partido, creo que se est\u00e1n viendo buenas reacciones a los goles que nos meten este a\u00f1o y bueno, yo creo que ha sido un poco de las dos, el gol y la victoria que ya pr\u00e1cticamente estaba sentenciada. Ha sido una locura, yo no pod\u00eda ni respirar, les estaba diciendo que se quitaran de encima porque no pod\u00eda respirar. Una locura.<\/p>\n<p data-gtm-element-container=\"modulo-texto-link\" class=\"paragraph\"><strong>Alguno habr\u00e1 temido hasta por una lesi\u00f3n en esa celebraci\u00f3n. Todav\u00eda no ha contado la asistencia del cojo del derbi, \u00bfc\u00f3mo fue aquello?<\/strong><\/p>\n<p data-gtm-element-container=\"modulo-texto-link\" class=\"paragraph\">Bueno (risas), eso no fue asistencia en realidad, ya os digo que fue de Oyar, que la toc\u00f3. Yo sab\u00eda que hab\u00eda sido un golpe, que no pod\u00eda ir a m\u00e1s como tal, ten\u00eda que dar tiempo a que pudieran hacer el cambio para que pudiera calentar Zakha, entonces sal\u00ed un poco para estar en el campo b\u00e1sicamente y me llega la bola, y bueno, pongo un centro de mierda, pero que la toca Oyar y luego la mete Brais, entonces\u2026 asistencia, asistencia. Si quer\u00e9is, asistencia.<\/p>\n<p data-gtm-element-container=\"modulo-texto-link\" class=\"paragraph\"><strong>Aquel d\u00eda no pudo celebrar por el dolor que ten\u00eda, esta vez s\u00ed que pudo, y vio de frente adem\u00e1s a toda la grada visitante de la Real celebr\u00e1ndolo, un d\u00eda importante para ellos tambi\u00e9n, el derbi, mucha afici\u00f3n en Iru\u00f1a, \u00bfc\u00f3mo lo ha vivido? \u00bfQu\u00e9 les quiere decir a ellos?<\/strong><\/p>\n<p data-gtm-element-container=\"modulo-texto-link\" class=\"paragraph\">Una locura, agradecerles siempre el apoyo, se les escuch\u00f3 casi m\u00e1s que a los de Osasuna, que tambi\u00e9n aprietan como los que m\u00e1s. Agradecerles a todos los que han venido, ha sido una locura, y ahora a seguir, con ganas de volver a Anoeta para darles otros tres puntos.<\/p>\n<p>                <img loading=\"lazy\" decoding=\"async\" data-full-src=\"https:\/\/www.mundodeportivo.com\/uploads\/2025\/11\/01\/6906587a89400.jpeg\" alt=\"Horizontal\" width=\"449\" height=\"300\" src=\"https:\/\/www.europesays.com\/es\/wp-content\/uploads\/2025\/11\/6906587a89400.jpeg\" class=\"lazy\"\/><\/p>\n<p class=\"caption-title \">Brais Mendez of Real Sociedad celebrates with his teammate Ander Barrenetxea of Real Sociedad after scoring the first goal during the LaLiga EA Sports match between Real Sociedad and Athletic Club<\/p>\n<p>                    Juan Manuel Serrano Arce \/ Getty<\/p>\n<p data-gtm-element-container=\"modulo-texto-link\" class=\"paragraph\"><strong>11 de 15, por fin se refrenda con puntos la clara mejor\u00eda del equipo, hac\u00edan falta grandes partidos, pero hab\u00eda que rematar, ya por fin parece que se despega, \u00bfno?<\/strong><\/p>\n<p data-gtm-element-container=\"modulo-texto-link\" class=\"paragraph\">S\u00ed, est\u00e1 claro que venimos ya en una din\u00e1mica positiva, que el equipo se cree que puede ganar, que el equipo est\u00e1 luchando por cada punto, que creo que es clave en esta liga tan apretada. A seguir trabajando, como os he dicho, seguir en esta din\u00e1mica que es importante.<\/p>\n<p data-gtm-element-container=\"modulo-texto-link\" class=\"paragraph\"><strong>Y el m\u00edster cambia de una situaci\u00f3n de hace cuatro o cinco semanas, en la que tambi\u00e9n lo pas\u00f3 mal, a esta situaci\u00f3n de ahora, porque transmite calma, \u00bfno?<\/strong><\/p>\n<p data-gtm-element-container=\"modulo-texto-link\" class=\"paragraph\">S\u00ed, bueno, es que tambi\u00e9n venimos como de Imanol a Sergio, se nota un poco la diferencia, pero \u00e9l siempre nos ha transmitido esa calma, que estemos tranquilos, que disfrutemos tambi\u00e9n jugando, pero que si no competimos, que al final no vamos a sacar los puntos. Creo que se ha visto en estas \u00faltimas semanas que el equipo ha competido, aunque no hubiese jugado tan bien, el equipo compet\u00eda e iba unido, y creo que se ha visto y se refleja tambi\u00e9n en los puntos.<\/p>\n","protected":false},"excerpt":{"rendered":"No fue protagonista inicial pero s\u00ed el que puso la guinda a una tarde perfecta, y muy importante,&hellip;\n","protected":false},"author":2,"featured_media":252950,"comment_status":"","ping_status":"","sticky":false,"template":"","format":"standard","meta":{"footnotes":""},"categories":[268],"tags":[168,25,24,280,282,281,23,167],"class_list":{"0":"post-252949","1":"post","2":"type-post","3":"status-publish","4":"format-standard","5":"has-post-thumbnail","7":"category-futbol","8":"tag-deportes","9":"tag-es","10":"tag-espana","11":"tag-football","12":"tag-futbol","13":"tag-soccer","14":"tag-spain","15":"tag-sports"},"share_on_mastodon":{"url":"https:\/\/pubeurope.com\/@es\/115604124313649132","error":""},"_links":{"self":[{"href":"https:\/\/www.europesays.com\/es\/wp-json\/wp\/v2\/posts\/252949","targetHints":{"allow":["GET"]}}],"collection":[{"href":"https:\/\/www.europesays.com\/es\/wp-json\/wp\/v2\/posts"}],"about":[{"href":"https:\/\/www.europesays.com\/es\/wp-json\/wp\/v2\/types\/post"}],"author":[{"embeddable":true,"href":"https:\/\/www.europesays.com\/es\/wp-json\/wp\/v2\/users\/2"}],"replies":[{"embeddable":true,"href":"https:\/\/www.europesays.com\/es\/wp-json\/wp\/v2\/comments?post=252949"}],"version-history":[{"count":0,"href":"https:\/\/www.europesays.com\/es\/wp-json\/wp\/v2\/posts\/252949\/revisions"}],"wp:featuredmedia":[{"embeddable":true,"href":"https:\/\/www.europesays.com\/es\/wp-json\/wp\/v2\/media\/252950"}],"wp:attachment":[{"href":"https:\/\/www.europesays.com\/es\/wp-json\/wp\/v2\/media?parent=252949"}],"wp:term":[{"taxonomy":"category","embeddable":true,"href":"https:\/\/www.europesays.com\/es\/wp-json\/wp\/v2\/categories?post=252949"},{"taxonomy":"post_tag","embeddable":true,"href":"https:\/\/www.europesays.com\/es\/wp-json\/wp\/v2\/tags?post=252949"}],"curies":[{"name":"wp","href":"https:\/\/api.w.org\/{rel}","templated":true}]}}