{"id":252951,"date":"2025-11-24T10:08:17","date_gmt":"2025-11-24T10:08:17","guid":{"rendered":"https:\/\/www.europesays.com\/es\/252951\/"},"modified":"2025-11-24T10:08:17","modified_gmt":"2025-11-24T10:08:17","slug":"del-rey-felipe-y-letizia-a-don-juan-carlos","status":"publish","type":"post","link":"https:\/\/www.europesays.com\/es\/252951\/","title":{"rendered":"del Rey Felipe y Letizia a Don Juan Carlos"},"content":{"rendered":"<p class=\"paragraph\">Hace solo unas horas que la <b>Familia Real<\/b> al completo se reun\u00eda en el palacio de El <b>Pardo <\/b>para celebrar el medio siglo de la restauraci\u00f3n de la monarqu\u00eda, un almuerzo ofrecido por el Rey que ha permitido contemplar los <b>coches <\/b>en los que se han desplazado cada uno de los asistentes principales.<\/p>\n<p class=\"paragraph\">Don Juan Carlos llegaba a bordo de un <b>Audi Q8 <\/b>con acabado deportivo <b>S-Line<\/b>, un coche con una potencia entre los 200 y los 600 caballos y en el que ocupaba el asiento del <b>copiloto<\/b> (que es, l\u00f3gicamente, el de m\u00e1s sencillo acceso). Un veh\u00edculo con un precio por encima de los 100.000 euros.<\/p>\n<p>Juan Carlos I en un Audi<\/p>\n<p class=\"paragraph\">La Infanta <b>Elena <\/b>llegaba a bordo de lo que parece ser un <b>Volvo XC60<\/b>, mientras que el <b>Rey <\/b>Felipe, la Reina Letizia y sus hijas, la Princesa Leonor y la Infanta Sof\u00eda llegaban a bordo de un <b>SUV nuevo<\/b> con etiqueta Cero conducido por el propio monarca.<\/p>\n<p class=\"c-detail__media__subtitle composite_image\">\n<p>        Juan Carlos I a bordo de un Audi Q8<\/p>\n<p class=\"paragraph\">En este caso se trata de un <b>Lexus RX<\/b>, uno de los coches m\u00e1s espectaculares de la firma de lujo japonesa, un coche que cuesta en torno a los <b>100.000 euros<\/b> en funci\u00f3n de la versi\u00f3n y que dispone de etiqueta <b>Cero<\/b> (como se vio en las im\u00e1genes) al ser un h\u00edbrido enchufable.<\/p>\n<p>El Rey, con etiqueta Cero<\/p>\n<p class=\"paragraph\">Se trata de un veh\u00edculo que tiene 310 caballos de potencia y es etiqueta <b>Cero <\/b>gracias a un sistema h\u00edbrido que le permite circular hasta <b>65 kil\u00f3metros<\/b> en modo 100 % el\u00e9ctrico, para despu\u00e9s pasar a funcionar con el motor de gasolina.<\/p>\n<p class=\"c-detail__media__subtitle composite_image\">\n<p>        El Rey, la Reina y las Infantas en los asientos traseros del Lexus<\/p>\n<p class=\"paragraph\">Se trata de un coche con una velocidad m\u00e1xima de <b>200 kil\u00f3metros a la hora<\/b> y un 0-100 km\/h de 6,5 segundos, un veh\u00edculo tan <b>lujoso <\/b>como aparente que destaca adem\u00e1s por su <b>habit\u00e1culo <\/b>amplio, imprescindible para que viaje la Familia Real al completo hasta el palacio de El Pardo. Todo ello con <b>460 litros<\/b> adicionales de maletero. Un veh\u00edculo discreto a la vez que muy fiable, lujoso y funcional.<\/p>\n","protected":false},"excerpt":{"rendered":"Hace solo unas horas que la Familia Real al completo se reun\u00eda en el palacio de El Pardo&hellip;\n","protected":false},"author":2,"featured_media":252952,"comment_status":"","ping_status":"","sticky":false,"template":"","format":"standard","meta":{"footnotes":""},"categories":[174],"tags":[255,146,147,25,24,256,23],"class_list":{"0":"post-252951","1":"post","2":"type-post","3":"status-publish","4":"format-standard","5":"has-post-thumbnail","7":"category-famosos","8":"tag-celebrities","9":"tag-entertainment","10":"tag-entretenimiento","11":"tag-es","12":"tag-espana","13":"tag-famosos","14":"tag-spain"},"share_on_mastodon":{"url":"https:\/\/pubeurope.com\/@es\/115604127968684028","error":""},"_links":{"self":[{"href":"https:\/\/www.europesays.com\/es\/wp-json\/wp\/v2\/posts\/252951","targetHints":{"allow":["GET"]}}],"collection":[{"href":"https:\/\/www.europesays.com\/es\/wp-json\/wp\/v2\/posts"}],"about":[{"href":"https:\/\/www.europesays.com\/es\/wp-json\/wp\/v2\/types\/post"}],"author":[{"embeddable":true,"href":"https:\/\/www.europesays.com\/es\/wp-json\/wp\/v2\/users\/2"}],"replies":[{"embeddable":true,"href":"https:\/\/www.europesays.com\/es\/wp-json\/wp\/v2\/comments?post=252951"}],"version-history":[{"count":0,"href":"https:\/\/www.europesays.com\/es\/wp-json\/wp\/v2\/posts\/252951\/revisions"}],"wp:featuredmedia":[{"embeddable":true,"href":"https:\/\/www.europesays.com\/es\/wp-json\/wp\/v2\/media\/252952"}],"wp:attachment":[{"href":"https:\/\/www.europesays.com\/es\/wp-json\/wp\/v2\/media?parent=252951"}],"wp:term":[{"taxonomy":"category","embeddable":true,"href":"https:\/\/www.europesays.com\/es\/wp-json\/wp\/v2\/categories?post=252951"},{"taxonomy":"post_tag","embeddable":true,"href":"https:\/\/www.europesays.com\/es\/wp-json\/wp\/v2\/tags?post=252951"}],"curies":[{"name":"wp","href":"https:\/\/api.w.org\/{rel}","templated":true}]}}