{"id":252966,"date":"2025-11-24T10:18:09","date_gmt":"2025-11-24T10:18:09","guid":{"rendered":"https:\/\/www.europesays.com\/es\/252966\/"},"modified":"2025-11-24T10:18:09","modified_gmt":"2025-11-24T10:18:09","slug":"el-casar-gana-el-primer-premio-de-loteria-nacional","status":"publish","type":"post","link":"https:\/\/www.europesays.com\/es\/252966\/","title":{"rendered":"El Casar gana el Primer Premio de Loter\u00eda Nacional"},"content":{"rendered":"<p><strong>Este premio est\u00e1 dotado con 600.000 euros al n\u00famero<\/strong><\/p>\n<p>En el sorteo n\u00famero 94 de fecha 22 de noviembre de 2025, el primer premio afortunado de este sorteo ha sido para el n\u00famero 74.622, el cual ha sido vendido en el Punto de Venta n.\u00ba 38.170 de la localidad de el Casar, situado en la calle Alcaldes de la Villa S\/N Local 7.<\/p>\n<p>\u00a0<\/p>\n<p>Este premio est\u00e1 dotado con 600.000 euros al n\u00famero.<\/p>\n","protected":false},"excerpt":{"rendered":"Este premio est\u00e1 dotado con 600.000 euros al n\u00famero En el sorteo n\u00famero 94 de fecha 22 de&hellip;\n","protected":false},"author":2,"featured_media":252967,"comment_status":"","ping_status":"","sticky":false,"template":"","format":"standard","meta":{"footnotes":""},"categories":[80],"tags":[82,95,94,63913,63912,25,24,18865,23],"class_list":{"0":"post-252966","1":"post","2":"type-post","3":"status-publish","4":"format-standard","5":"has-post-thumbnail","7":"category-economia","8":"tag-business","9":"tag-economia","10":"tag-economy","11":"tag-el-casar-loteria-nacional","12":"tag-el-casar-primer-premio","13":"tag-es","14":"tag-espana","15":"tag-loteria-nacional","16":"tag-spain"},"share_on_mastodon":{"url":"https:\/\/pubeurope.com\/@es\/115604167348773196","error":""},"_links":{"self":[{"href":"https:\/\/www.europesays.com\/es\/wp-json\/wp\/v2\/posts\/252966","targetHints":{"allow":["GET"]}}],"collection":[{"href":"https:\/\/www.europesays.com\/es\/wp-json\/wp\/v2\/posts"}],"about":[{"href":"https:\/\/www.europesays.com\/es\/wp-json\/wp\/v2\/types\/post"}],"author":[{"embeddable":true,"href":"https:\/\/www.europesays.com\/es\/wp-json\/wp\/v2\/users\/2"}],"replies":[{"embeddable":true,"href":"https:\/\/www.europesays.com\/es\/wp-json\/wp\/v2\/comments?post=252966"}],"version-history":[{"count":0,"href":"https:\/\/www.europesays.com\/es\/wp-json\/wp\/v2\/posts\/252966\/revisions"}],"wp:featuredmedia":[{"embeddable":true,"href":"https:\/\/www.europesays.com\/es\/wp-json\/wp\/v2\/media\/252967"}],"wp:attachment":[{"href":"https:\/\/www.europesays.com\/es\/wp-json\/wp\/v2\/media?parent=252966"}],"wp:term":[{"taxonomy":"category","embeddable":true,"href":"https:\/\/www.europesays.com\/es\/wp-json\/wp\/v2\/categories?post=252966"},{"taxonomy":"post_tag","embeddable":true,"href":"https:\/\/www.europesays.com\/es\/wp-json\/wp\/v2\/tags?post=252966"}],"curies":[{"name":"wp","href":"https:\/\/api.w.org\/{rel}","templated":true}]}}