{"id":252978,"date":"2025-11-24T10:31:28","date_gmt":"2025-11-24T10:31:28","guid":{"rendered":"https:\/\/www.europesays.com\/es\/252978\/"},"modified":"2025-11-24T10:31:28","modified_gmt":"2025-11-24T10:31:28","slug":"la-emotiva-carta-que-ha-escrito-sergio-peris-mencheta-sobre-la-muerte-de-veronica-echegui","status":"publish","type":"post","link":"https:\/\/www.europesays.com\/es\/252978\/","title":{"rendered":"La emotiva carta que ha escrito Sergio Peris-Mencheta sobre la muerte de Ver\u00f3nica Echegui"},"content":{"rendered":"<p><strong>Sergio Peris-Mencheta<\/strong> se ha convertido en un referente de la lucha contra el c\u00e1ncer. El actor se ha enfrentado a la enfermedad y su discurso ha animado a muchos pacientes a seguir sus pasos. <strong>Nunca ha negado que es un problema duro, complicado y profundamente injusto<\/strong>, pero su capacidad para superar los obst\u00e1culos ha demostrado que la esperanza tendr\u00eda que ser lo \u00faltimo en perderse. <strong>El artista tiene una gran capacidad para comunicar<\/strong> y ahora la ha puesto en pr\u00e1ctica con una carta que le ha dedicado a su compa\u00f1era Ver\u00f3nica Echegui.<\/p>\n<p>Tal y como informamos en LOOK, <a href=\"https:\/\/okdiario.com\/look\/actualidad\/muere-veronica-echegui-actriz-42-anos-2363928\" rel=\"nofollow noopener\" target=\"_blank\">la actriz falleci\u00f3 el 24 de agosto de 2025 a causa de un c\u00e1ncer<\/a>. Era bastante reservada con su vida privada, as\u00ed que siempre llev\u00f3 su lucha desde la <strong>discreci\u00f3n<\/strong>. No obstante, su entorno era consciente del proceso que estaba atravesando y poco a poco han ido dando pasos adelante. <strong>El \u00faltimo ha sido Sergio, quien se ha animado a abrir su coraz\u00f3n<\/strong> por una buena causa.<\/p>\n<p>La carta de Sergio Peris-Mencheta<\/p>\n<p>El actor ha publicado una imagen de su amiga y ha escrito: \u00ab<strong>Me encuentro esta foto que le rob\u00e9 hace unos a\u00f1os en Los \u00c1ngeles<\/strong>. Y es que llevo d\u00edas teniendo muy presente a Vero. Despierto, en sue\u00f1os y en el duermevela. Y me vienen los recuerdos de ella siempre sali\u00e9ndose de lo com\u00fan. <strong>Derram\u00e1ndose<\/strong>\u00bb. Estas palabras confirman, una vez m\u00e1s, que la artista fallecida ha dejado una huella imborrable entre sus familiares y amigos. De hecho, el p\u00fablico tampoco la ha olvidado.<\/p>\n<p>\n<img decoding=\"async\" loading=\"lazy\" class=\"size-medium wp-image-2432838\" alt=\"\" width=\"620\" height=\"446\"  src=\"https:\/\/www.europesays.com\/es\/wp-content\/uploads\/2025\/10\/placeholder.jpg\"  bad-src=\"https:\/\/www.europesays.com\/es\/wp-content\/uploads\/2025\/10\/placeholder.jpg\"\/><\/p>\n<p><img decoding=\"async\" loading=\"lazy\" class=\"size-medium wp-image-2432838\" src=\"https:\/\/www.europesays.com\/es\/wp-content\/uploads\/2025\/11\/la-carta-a-veronica-echegui-620x446.jpg\" alt=\"\" width=\"620\" height=\"446\"  \/><\/p>\n<p> La carta a Ver\u00f3nica Echegui. (Foto: Instagram)\n<\/p>\n<p>Como era de esperar, son muchos se han puesto en contacto con Sergio para felicitarle por<a href=\"https:\/\/okdiario.com\/look\/actualidad\/vocacion-temprana-gran-amor-vida-personal-veronica-echegui-2363999\" rel=\"nofollow noopener\" target=\"_blank\"> el gesto que ha tenido con Ver\u00f3nica Echegui<\/a>. \u00abYo coincid\u00ed con Ver\u00f3nica, en Or\u00edgenes Secretos. Aunque en aquel momento solo hice una peque\u00f1a participaci\u00f3n, tuve la oportunidad de saludarla y<strong> la energ\u00eda que desprend\u00eda era tan especial<\/strong> que me transmiti\u00f3 una paz enorme en aquel precioso momento\u00bb, le escribe un usuario que asegura que tuvo el placer de conocerla. <strong>\u00abLo que has escrito es precioso\u00bb<\/strong>, a\u00f1ade otro.<\/p>\n<p>La actriz <strong>Melani Olivares<\/strong> ha querido sumarse a la corriente y le ha puesto: \u00abEra la vida a borbotones, que bellas tus palabras Sergio\u00bb.<\/p>\n<p>Un bonito homenaje<\/p>\n<p>\n<img decoding=\"async\" loading=\"lazy\" class=\"size-medium wp-image-2307541\" alt=\"Sergio Peris-Mencheta en el estreno de su nueva obra. (Foto: Gtres)\" width=\"620\" height=\"349\"  src=\"https:\/\/www.europesays.com\/es\/wp-content\/uploads\/2025\/10\/placeholder.jpg\"  bad-src=\"https:\/\/www.europesays.com\/es\/wp-content\/uploads\/2025\/10\/placeholder.jpg\"\/><\/p>\n<p><img decoding=\"async\" loading=\"lazy\" class=\"size-medium wp-image-2307541\" src=\"https:\/\/www.europesays.com\/es\/wp-content\/uploads\/2025\/11\/u584254_024-1-620x349.jpg\" alt=\"Sergio Peris-Mencheta en el estreno de su nueva obra. (Foto: Gtres)\" width=\"620\" height=\"349\"  \/><\/p>\n<p> Sergio Peris-Mencheta en el estreno de su nueva obra. (Foto: Gtres)\n<\/p>\n<p>Gracias a la dedicatoria de <strong>Sergio Peris-Mencheta<\/strong>, hemos descubierto a una Ver\u00f3nica que no siempre se dejaba ver, debido a la discreci\u00f3n de la que hemos hablado con anterioridad. \u00ab<strong>Siempre estaba riendo, siempre con la risa por bandera<\/strong>. Es la escena que tengo de ella. No la fantaseo correctita, vaya. <strong>Hasta en los photocalls no posaba<\/strong>, jugaba en otra liga, daba la sensaci\u00f3n de estar pensando: no os tom\u00e9is esto tan en serio, que en 100 a\u00f1os todos calvos. Y esa manera de mirar, como con una mira telesc\u00f3pica detr\u00e1s de la cual se imaginaba un pa\u00eds de las maravillas\u00bb.<\/p>\n<p>Sergio recalca que Vero, como la llama cari\u00f1osamente, \u00abjugaba en otra liga\u00bb. Y para finalizar a\u00f1ade: \u00ab<strong>S\u00ed, la Echegui era el paradigma de las ganas de vivir sin cortapisas<\/strong>. A cada instante. Como si fuera su se\u00f1a de identidad. Como si descubriera una jugueter\u00eda o un parque de atracciones en cada momento. Como si no tuviera tiempo que perder en conversaciones de ascensor\u2026 no me la imagino en un ascensor teniendo una conversaci\u00f3n de ascensor\u00bb.<\/p>\n","protected":false},"excerpt":{"rendered":"Sergio Peris-Mencheta se ha convertido en un referente de la lucha contra el c\u00e1ncer. El actor se ha&hellip;\n","protected":false},"author":2,"featured_media":252979,"comment_status":"","ping_status":"","sticky":false,"template":"","format":"standard","meta":{"footnotes":""},"categories":[174],"tags":[255,146,147,25,24,256,27928,23],"class_list":{"0":"post-252978","1":"post","2":"type-post","3":"status-publish","4":"format-standard","5":"has-post-thumbnail","7":"category-famosos","8":"tag-celebrities","9":"tag-entertainment","10":"tag-entretenimiento","11":"tag-es","12":"tag-espana","13":"tag-famosos","14":"tag-sergio-peris-mencheta","15":"tag-spain"},"share_on_mastodon":{"url":"https:\/\/pubeurope.com\/@es\/115604219045173849","error":""},"_links":{"self":[{"href":"https:\/\/www.europesays.com\/es\/wp-json\/wp\/v2\/posts\/252978","targetHints":{"allow":["GET"]}}],"collection":[{"href":"https:\/\/www.europesays.com\/es\/wp-json\/wp\/v2\/posts"}],"about":[{"href":"https:\/\/www.europesays.com\/es\/wp-json\/wp\/v2\/types\/post"}],"author":[{"embeddable":true,"href":"https:\/\/www.europesays.com\/es\/wp-json\/wp\/v2\/users\/2"}],"replies":[{"embeddable":true,"href":"https:\/\/www.europesays.com\/es\/wp-json\/wp\/v2\/comments?post=252978"}],"version-history":[{"count":0,"href":"https:\/\/www.europesays.com\/es\/wp-json\/wp\/v2\/posts\/252978\/revisions"}],"wp:featuredmedia":[{"embeddable":true,"href":"https:\/\/www.europesays.com\/es\/wp-json\/wp\/v2\/media\/252979"}],"wp:attachment":[{"href":"https:\/\/www.europesays.com\/es\/wp-json\/wp\/v2\/media?parent=252978"}],"wp:term":[{"taxonomy":"category","embeddable":true,"href":"https:\/\/www.europesays.com\/es\/wp-json\/wp\/v2\/categories?post=252978"},{"taxonomy":"post_tag","embeddable":true,"href":"https:\/\/www.europesays.com\/es\/wp-json\/wp\/v2\/tags?post=252978"}],"curies":[{"name":"wp","href":"https:\/\/api.w.org\/{rel}","templated":true}]}}