{"id":252982,"date":"2025-11-24T10:34:10","date_gmt":"2025-11-24T10:34:10","guid":{"rendered":"https:\/\/www.europesays.com\/es\/252982\/"},"modified":"2025-11-24T10:34:10","modified_gmt":"2025-11-24T10:34:10","slug":"estos-son-los-invitados-de-el-hormiguero-hoy-y-toda-la-semana-en-antena-3-del-24-al-27-de-noviembre","status":"publish","type":"post","link":"https:\/\/www.europesays.com\/es\/252982\/","title":{"rendered":"Estos son los invitados de &#8216;El hormiguero&#8217; hoy, y toda la semana, en Antena 3 (del 24 al 27 de noviembre)"},"content":{"rendered":"\n<p> Nueva semana televisiva y los responsables de <a href=\"https:\/\/www.elconfidencial.com\/television\/programas-tv\/2025-11-21\/el-hormiguero-pablo-motos-tamara-falco-abronca-callada_4251678\/\" target=\"_blank\" rel=\"nofollow noopener\"><strong>El hormiguero<\/strong><\/a> ya lo tienen todo listo para ofrecer cuatro nuevos programas en directo desde Antena 3 para seguir haciendo las delicias de sus p\u00fablico fiel. De esta forma, cuatro nuevos invitados se sentar\u00e1n con Pablo Motos para hablar de su vida privada y profesional, acerc\u00e1ndose a los espectadores de una forma cercana y natural. <strong>Aqu\u00ed tienes el listado.<\/strong> <\/p>\n<p>                Lunes 24: \u00c1lex M\u00e1rquez           <\/p>\n<p> La semana la abre el subcampe\u00f3n del mundo de Moto GP 2025, <strong>\u00c1lex M\u00e1rquez<\/strong>. El piloto del equipo Gresini Racing acaba de completar su mejor temporada en la m\u00e1xima categor\u00eda, donde ha firmado tres victorias, m\u00e1s de una decena de podios y varias victorias al sprint. <\/p>\n<p>                \u00c1lex M\u00e1rquez. (EFE &#8211; Ana Escobar)           Martes 25: Jos\u00e9 Andr\u00e9s           <\/p>\n<p> <strong>Jos\u00e9 Andr\u00e9s<\/strong>, no de los chefs y emprendedores m\u00e1s aclamados del mundo visita a Trancas y Barrancas. Acaba de publicar el libro Cambia la receta. Porque no puedes construir un mundo mejor sin romper unos cuantos huevos, una s\u00edntesis de las lecciones de vida m\u00e1s conmovedoras e impactantes que ha vivido. A trav\u00e9s de su organizaci\u00f3n, World Central Kitchen, el espa\u00f1ol lidera una aplaudida labor humanitaria que da de comer a cientos de personas de todo el mundo afectadas por desastres naturales o conflictos b\u00e9licos. <\/p>\n<p>                Jos\u00e9 Andr\u00e9s. (Andrew Leyden &#8211; Zuma Press)           Mi\u00e9rcoles 26: David Bisbal           <\/p>\n<p> El plat\u00f3 de la calle Alcal\u00e1, en Madrid, comienza a respirar aire navide\u00f1o con la visita de David Bisbal y la gira de conciertos Todo es posible en Navidad, donde interpreta los temas de su disco hom\u00f3nimo. El almeriense har\u00e1 varias paradas en nuestro pa\u00eds con este tour que finaliza en el Palau Sant Jordi de Barcelona el pr\u00f3ximo 23 de diciembre. <\/p>\n<p>                David Bisbal. (Marian Le\u00f3n &#8211; Europa Press)           Jueves 27: Dabiz Mu\u00f1oz           <\/p>\n<p> El chef <strong>Dabiz Mu\u00f1oz<\/strong> que va a presentar un proyecto muy distinto a lo que nos tiene habituados: su comic titulado XOTIME. Disponible desde el pr\u00f3ximo 24 de noviembre, es la primera vez en la historia de un c\u00f3mic en la que un cocinero es protagonista \u00fanico de su propia colecci\u00f3n de c\u00f3mics de aventuras, con la gastronom\u00eda como hilo conductor de todas ellas. <\/p>\n<p>                Dabid Mu\u00f1oz            <\/p>\n<p> Con estos cuatro hombres, Motos y c\u00eda intentar\u00e1 <strong>mantener el liderazgo en el <\/strong><strong>access prime time<\/strong> desde el canal principal de Atresmedia Televisi\u00f3n, luchando una semana m\u00e1s contra La revuelta en Televisi\u00f3n Espa\u00f1ola y La isla de las tentaciones en Telecinco, \u00bfqu\u00e9 decidir\u00e1 ver la audiencia? <\/p>\n<p> Nueva semana televisiva y los responsables de <a href=\"https:\/\/www.elconfidencial.com\/television\/programas-tv\/2025-11-21\/el-hormiguero-pablo-motos-tamara-falco-abronca-callada_4251678\/\" target=\"_blank\" rel=\"nofollow noopener\"><strong>El hormiguero<\/strong><\/a> ya lo tienen todo listo para ofrecer cuatro nuevos programas en directo desde Antena 3 para seguir haciendo las delicias de sus p\u00fablico fiel. De esta forma, cuatro nuevos invitados se sentar\u00e1n con Pablo Motos para hablar de su vida privada y profesional, acerc\u00e1ndose a los espectadores de una forma cercana y natural. <strong>Aqu\u00ed tienes el listado.<\/strong> <\/p>\n","protected":false},"excerpt":{"rendered":"Nueva semana televisiva y los responsables de El hormiguero ya lo tienen todo listo para ofrecer cuatro nuevos&hellip;\n","protected":false},"author":2,"featured_media":252983,"comment_status":"","ping_status":"","sticky":false,"template":"","format":"standard","meta":{"footnotes":""},"categories":[171],"tags":[146,147,25,24,23,214],"class_list":{"0":"post-252982","1":"post","2":"type-post","3":"status-publish","4":"format-standard","5":"has-post-thumbnail","7":"category-tv","8":"tag-entertainment","9":"tag-entretenimiento","10":"tag-es","11":"tag-espana","12":"tag-spain","13":"tag-tv"},"share_on_mastodon":{"url":"https:\/\/pubeurope.com\/@es\/115604230229506314","error":""},"_links":{"self":[{"href":"https:\/\/www.europesays.com\/es\/wp-json\/wp\/v2\/posts\/252982","targetHints":{"allow":["GET"]}}],"collection":[{"href":"https:\/\/www.europesays.com\/es\/wp-json\/wp\/v2\/posts"}],"about":[{"href":"https:\/\/www.europesays.com\/es\/wp-json\/wp\/v2\/types\/post"}],"author":[{"embeddable":true,"href":"https:\/\/www.europesays.com\/es\/wp-json\/wp\/v2\/users\/2"}],"replies":[{"embeddable":true,"href":"https:\/\/www.europesays.com\/es\/wp-json\/wp\/v2\/comments?post=252982"}],"version-history":[{"count":0,"href":"https:\/\/www.europesays.com\/es\/wp-json\/wp\/v2\/posts\/252982\/revisions"}],"wp:featuredmedia":[{"embeddable":true,"href":"https:\/\/www.europesays.com\/es\/wp-json\/wp\/v2\/media\/252983"}],"wp:attachment":[{"href":"https:\/\/www.europesays.com\/es\/wp-json\/wp\/v2\/media?parent=252982"}],"wp:term":[{"taxonomy":"category","embeddable":true,"href":"https:\/\/www.europesays.com\/es\/wp-json\/wp\/v2\/categories?post=252982"},{"taxonomy":"post_tag","embeddable":true,"href":"https:\/\/www.europesays.com\/es\/wp-json\/wp\/v2\/tags?post=252982"}],"curies":[{"name":"wp","href":"https:\/\/api.w.org\/{rel}","templated":true}]}}