{"id":253004,"date":"2025-11-24T10:52:28","date_gmt":"2025-11-24T10:52:28","guid":{"rendered":"https:\/\/www.europesays.com\/es\/253004\/"},"modified":"2025-11-24T10:52:28","modified_gmt":"2025-11-24T10:52:28","slug":"el-efecto-del-magic-ruso-y-hugo-gonzalez-a-falta-de-un-tercero","status":"publish","type":"post","link":"https:\/\/www.europesays.com\/es\/253004\/","title":{"rendered":"el efecto del &#8216;Magic ruso&#8217; y Hugo Gonz\u00e1lez a falta de un tercero"},"content":{"rendered":"<p data-mrf-recirculation=\"Links P\u00e1rrafos\" class=\"ue-c-article__paragraph paragraph ue-c-article--first-letter-highlighted\"><a href=\"https:\/\/www.marca.com\/baloncesto\/nba\/2025\/04\/10\/magic-ruso-jugo-madrid-vuela-nba-triunfo-fe-egor-demin-universidad-mormona.html\" rel=\"nofollow noopener\" target=\"_blank\"><strong>Egor Demin<\/strong><\/a> (3 de marzo de 2006) y <a href=\"https:\/\/www.marca.com\/personajes\/hugo-gonzalez.html\" rel=\"nofollow noopener\" target=\"_blank\"><strong>Hugo Gonz\u00e1lez<\/strong><\/a> (5 de febrero de 2006) se reencontraron en la NBA tras forjarse en el Real Madrid a las \u00f3rdenes de Javi Ju\u00e1rez.<\/p>\n<p data-mrf-recirculation=\"Links P\u00e1rrafos\" class=\"ue-c-article__paragraph paragraph\">El <a href=\"https:\/\/www.marca.com\/baloncesto\/nba\/2025\/02\/26\/magic-ruso-18-anos-dejo-madrid-deslumbra-nba-base-unico-mundo.html\" rel=\"nofollow noopener\" target=\"_blank\"><strong>polivalente &#8216;Magic Ruso&#8217; de 2,06 m.<\/strong><\/a>, que la temporada pasada <a href=\"https:\/\/www.marca.com\/baloncesto\/acb\/2024\/11\/07\/egor-demin-magic-ruso-cambio-real-madrid-universidad-mormona-maravilla-ncaa.html\" rel=\"nofollow noopener\" target=\"_blank\"><strong>dej\u00f3 la casa blanca para jugar con BYU en la NCAA<\/strong><\/a>, fue seleccionado con el <strong>n\u00famero 8 del Draft<\/strong> por los Brooklyn Nets del entrenador espa\u00f1ol Jordi Fern\u00e1ndez.<\/p>\n<blockquote class=\"ue-c-article__blockquote\">\n<p>No corr\u00eda, levantaba pesas durante tres horas y com\u00eda como un loco. Desde el draft, he subido unos 5 kilos<\/p>\n<p>Egor Demin<\/p><\/blockquote>\n<p data-mrf-recirculation=\"Links P\u00e1rrafos\" class=\"ue-c-article__paragraph paragraph\">Hugo Gonz\u00e1lez, que apost\u00f3 por no dar el salto a la NCAA y estar un a\u00f1o compitiendo en el primer equipo del Real Madrid, fue seleccionado por los Boston Celtics con el <strong>n\u00famero 28 del Draft 2025<\/strong>.<\/p>\n<p><img decoding=\"async\" width=\"561\" height=\"739\" class=\"ue-c-article__image lazyload\" alt=\"Egor Demin y Hugo Gonz\u00e1lez, dos canteranos del Real Madrid que apuntan alto en la NBA\" loading=\"lazy\" src=\"https:\/\/www.europesays.com\/es\/wp-content\/uploads\/2025\/11\/69242c32b4da5.png\"\/><\/p>\n<p>Egor Demin y Hugo Gonz\u00e1lez, dos canteranos del Real Madrid que apuntan alto en la NBA@3gorr<\/p>\n<p data-mrf-recirculation=\"Links P\u00e1rrafos\" class=\"ue-c-article__paragraph paragraph\">En <a href=\"https:\/\/www.marca.com\/baloncesto\/nba\/2025\/11\/22\/jordi-fernandez-lleva-derbi-espanol-hugo-gonzalez.html\" rel=\"nofollow noopener\" target=\"_blank\"><strong>su reencuentro en una pista NBA los Nets ganaron 105-113 a los Celtics<\/strong><\/a>, en un partido en el que Egor Demin brill\u00f3 como titular con <strong>12 puntos (su segunda mejor anotaci\u00f3n en su primer a\u00f1o en la NBA), 6 rebotes, 5 asistencias y 1 tap\u00f3n<\/strong>.<\/p>\n<p data-mrf-recirculation=\"Links P\u00e1rrafos\" class=\"ue-c-article__paragraph paragraph\">Hugo Gonz\u00e1lez, que apenas pudo disputar 5 minutos, s\u00f3lo tuvo tiempo de robar un bal\u00f3n.<\/p>\n<p><img decoding=\"async\" width=\"651\" height=\"831\" class=\"ue-c-article__image lazyload\" alt=\"Egor Demin y Hugo Gonz\u00e1lez, dos canteranos del Real Madrid que apuntan alto en la NBA\" loading=\"lazy\" src=\"https:\/\/www.europesays.com\/es\/wp-content\/uploads\/2025\/11\/69242c6c2769c.png\"\/><\/p>\n<p>Egor Demin y Hugo Gonz\u00e1lez, dos canteranos del Real Madrid que apuntan alto en la NBA@hugoglezz_<\/p>\n<p data-mrf-recirculation=\"Links P\u00e1rrafos\" class=\"ue-c-article__paragraph paragraph\">Egor Demin tiene unos promedios como novato de <strong>7,7 puntos, 3,2 rebotes, 3,5 asistencias en 21,4 minutos<\/strong>, mientras que las estad\u00edsticas de Hugo gonz\u00e1lez son de<strong> 2,8 puntos y 1,8 rebotes en 11,8 minutos<\/strong>.<\/p>\n<p>\u200bEli John Ndiaye, otro canterano del Madrid, juega en la G-League y espera su oportunidad en la NBA<\/p>\n<p data-mrf-recirculation=\"Links P\u00e1rrafos\" class=\"ue-c-article__paragraph paragraph\"><a href=\"https:\/\/www.marca.com\/baloncesto\/nba\/2025\/11\/14\/espanol-eli-john-n-diaye-sigue-debutar-atlanta-hawks-nba.html\" rel=\"nofollow noopener\" target=\"_blank\"><strong>Eli John Ndiaye<\/strong><\/a> (2004), jugador internacional con Espa\u00f1a que <a href=\"https:\/\/www.marca.com\/baloncesto\/nba\/2025\/10\/14\/nino-minicopa-madrid-roba-nba-triple-ganador-espanol-n-diaye-reivindica.html\" rel=\"nofollow noopener\" target=\"_blank\"><strong>firm\u00f3 un contrato dual con los Atlanta Hawks<\/strong><\/a>, podr\u00eda convertirse en el tercer canterano del Real Madrid en debutar esta temporada en la NBA.<\/p>\n<p data-mrf-recirculation=\"Links P\u00e1rrafos\" class=\"ue-c-article__paragraph paragraph\">El alero de 21 a\u00f1os y 2,04 m., que el pasado curso form\u00f3 parte del primer equipo del Madrid, milita en los <strong>College Park Skyhawks de la G-League<\/strong> a la espera de su oportunidad en los Hawks.<\/p>\n<p><img decoding=\"async\" width=\"830\" height=\"826\" class=\"ue-c-article__image lazyload\" alt=\"Eli John Ndiaye, otro canterano del Madrid, juega en la G-League y espera su oportunidad en la NBA\" loading=\"lazy\" src=\"https:\/\/www.europesays.com\/es\/wp-content\/uploads\/2025\/11\/69242b51248e3.png\"\/><\/p>\n<p>Eli John Ndiaye, otro canterano del Madrid, juega en la G-League y espera su oportunidad en la NBA@johnny_eli4<\/p>\n<p data-mrf-recirculation=\"Links P\u00e1rrafos\" class=\"ue-c-article__paragraph paragraph\">En el equipo vinculado de la franquicia de Atlanta, con el que ha jugado dos partidos, promedia <strong>8 puntos, 5 rebotes y 1,5 asistencias en 25,5 minutos<\/strong>.<\/p>\n<p>La mutaci\u00f3n f\u00edsica de\u00a0Egor Demin en la NBA: \u00abMi mam\u00e1 siempre me dice que todo pasa por algo\u00bb<\/p>\n<p data-mrf-recirculation=\"Links P\u00e1rrafos\" class=\"ue-c-article__paragraph paragraph\">Egor Demin le confes\u00f3 a <strong>Jimmer Fredette<\/strong> en <strong>&#8216;From the Logo Podcast&#8217;<\/strong> las dificultades f\u00edsicas, en forma de una fascitis plantar que le afect\u00f3 su capacidad para correr, saltar y doblar las rodillas, que ha tenido que superar para llegar a la NBA.<\/p>\n<blockquote class=\"ue-c-article__blockquote\">\n<p>Estoy contento de haberlo superado porque tuve la oportunidad de ganar masa muscular y hacerme m\u00e1s fuerte. Me prepar\u00f3 para lo que se avecinaba en la NBA<\/p>\n<p>Egor Demin<\/p><\/blockquote>\n<p data-mrf-recirculation=\"Links P\u00e1rrafos\" class=\"ue-c-article__paragraph paragraph\">\u00abMi mam\u00e1 siempre me dice que todo pasa por algo. As\u00ed que ese fue el momento en que tuve la oportunidad de ganar m\u00fasculo. No corr\u00eda, levantaba pesas durante tres horas y com\u00eda como un loco. Desde el draft, he subido unos 5 kilos\u00bb, reconoci\u00f3.<\/p>\n<p><img decoding=\"async\" width=\"3000\" height=\"2000\" class=\"ue-c-article__image lazyload\" alt=\"Egor Demin y Hugo Gonz\u00e1lez, dos canteranos del Real Madrid que apuntan alto en la NBA\" loading=\"lazy\" src=\"https:\/\/www.europesays.com\/es\/wp-content\/uploads\/2025\/11\/69242ba48f559.jpeg\"\/><\/p>\n<p>Egor Demin y Hugo Gonz\u00e1lez, dos canteranos del Real Madrid que apuntan alto en la NBAAP<\/p>\n<p data-mrf-recirculation=\"Links P\u00e1rrafos\" class=\"ue-c-article__paragraph paragraph\">El &#8216;Magic Ruso&#8217; que forj\u00f3 el Real Madrid en su cantera explic\u00f3 que \u00abfue muy dif\u00edcil no jugar al baloncesto y estar tan limitado en ese momento. Fue un proceso largu\u00edsimo. Pero estoy contento de haberlo superado porque tuve la oportunidad de ganar masa muscular y hacerme m\u00e1s fuerte. Me prepar\u00f3 para lo que se avecinaba en la NBA\u00bb.<\/p>\n<blockquote class=\"ue-c-article__blockquote\">\n<p>Hugo Gonz\u00e1lez tiene los intangibles que no puedes ense\u00f1ar.<\/p>\n<p>Phil Pressey<\/p><\/blockquote>\n<p data-mrf-recirculation=\"Links P\u00e1rrafos\" class=\"ue-c-article__paragraph paragraph\">Egor Demin recuerda que \u00abla gente cuestionaba mucho mi tiro de tres puntos, incluso si los iba a lanzar. Tengo la suerte de contar con un excelente cuerpo t\u00e9cnico a mi alrededor que quiere que tire siempre que pueda\u00bb.<\/p>\n<p>Phil Pressey: \u00abHugo Gonz\u00e1lez va a tener una gran carrera en la NBA\u00bb<\/p>\n<p data-mrf-recirculation=\"Links P\u00e1rrafos\" class=\"ue-c-article__paragraph paragraph\">Por su parte Hugo Gonz\u00e1lez, al que le est\u00e1 costando mucho entrar con regularidad en la rotaci\u00f3n de los Celtics, logra ganarse minutos gracias a esa intensidad y competitividad que tanto han destacado en el cuerpo t\u00e9cnico de la franquicia de Boston.<\/p>\n<blockquote class=\"ue-c-article__blockquote\">\n<p>Hugo Gonz\u00e1lez tiene el talento para correr, saltar, moverse lateralmente, una gran anticipaci\u00f3n, todo eso es incre\u00edble<\/p>\n<p>Phil Pressey<\/p><\/blockquote>\n<p data-mrf-recirculation=\"Links P\u00e1rrafos\" class=\"ue-c-article__paragraph paragraph\">Phil Pressey, ex jugador de Barcelona y Estudiantes y actual entrenador de los Maine Celtics (equipo vinculado a los Celtics en la G-League), dijo sobre Hugo Gonz\u00e1lez que \u00abva a tener una gran carrera en la NBA\u00bb.<\/p>\n<p><img decoding=\"async\" width=\"3000\" height=\"2000\" class=\"ue-c-article__image lazyload\" alt=\"Egor Demin y Hugo Gonz\u00e1lez, dos canteranos del Real Madrid que apuntan alto en la NBA\" loading=\"lazy\" src=\"https:\/\/www.europesays.com\/es\/wp-content\/uploads\/2025\/11\/69242bcd8050c.jpeg\"\/><\/p>\n<p>Egor Demin y Hugo Gonz\u00e1lez, dos canteranos del Real Madrid que apuntan alto en la NBAAP<\/p>\n<p data-mrf-recirculation=\"Links P\u00e1rrafos\" class=\"ue-c-article__paragraph paragraph\">\u00abHugo Gonz\u00e1lez tiene los intangibles que no puedes ense\u00f1ar. Estoy entusiasmado con su carrera, estoy seguro de que va a tener una larga\u00bb, le reconoci\u00f3 a Bobby Manning.<\/p>\n<p data-mrf-recirculation=\"Links P\u00e1rrafos\" class=\"ue-c-article__paragraph paragraph\">Pressey destac\u00f3 que \u00abcuando Hugo Gonz\u00e1lez est\u00e9 en la pista lo va a dar todo, y el nivel de esfuerzo va a ser de 10. Tiene el talento para correr, saltar, moverse lateralmente, una gran anticipaci\u00f3n, todo eso es incre\u00edble pero empieza con sus conductas profesionales, entendiendo c\u00f3mo presentarse a tiempo, c\u00f3mo de comprometido est\u00e1 cada d\u00eda entrenando, la seriedad con la que se toma la dieta y las pesas. La G-League es para eso y \u00e9l ya tiene eso\u00bb.<\/p>\n","protected":false},"excerpt":{"rendered":"Egor Demin (3 de marzo de 2006) y Hugo Gonz\u00e1lez (5 de febrero de 2006) se reencontraron en&hellip;\n","protected":false},"author":2,"featured_media":253005,"comment_status":"","ping_status":"","sticky":false,"template":"","format":"standard","meta":{"footnotes":""},"categories":[269],"tags":[299,298,168,25,24,23,167],"class_list":{"0":"post-253004","1":"post","2":"type-post","3":"status-publish","4":"format-standard","5":"has-post-thumbnail","7":"category-baloncesto","8":"tag-baloncesto","9":"tag-basketball","10":"tag-deportes","11":"tag-es","12":"tag-espana","13":"tag-spain","14":"tag-sports"},"share_on_mastodon":{"url":"https:\/\/pubeurope.com\/@es\/115604301644984880","error":""},"_links":{"self":[{"href":"https:\/\/www.europesays.com\/es\/wp-json\/wp\/v2\/posts\/253004","targetHints":{"allow":["GET"]}}],"collection":[{"href":"https:\/\/www.europesays.com\/es\/wp-json\/wp\/v2\/posts"}],"about":[{"href":"https:\/\/www.europesays.com\/es\/wp-json\/wp\/v2\/types\/post"}],"author":[{"embeddable":true,"href":"https:\/\/www.europesays.com\/es\/wp-json\/wp\/v2\/users\/2"}],"replies":[{"embeddable":true,"href":"https:\/\/www.europesays.com\/es\/wp-json\/wp\/v2\/comments?post=253004"}],"version-history":[{"count":0,"href":"https:\/\/www.europesays.com\/es\/wp-json\/wp\/v2\/posts\/253004\/revisions"}],"wp:featuredmedia":[{"embeddable":true,"href":"https:\/\/www.europesays.com\/es\/wp-json\/wp\/v2\/media\/253005"}],"wp:attachment":[{"href":"https:\/\/www.europesays.com\/es\/wp-json\/wp\/v2\/media?parent=253004"}],"wp:term":[{"taxonomy":"category","embeddable":true,"href":"https:\/\/www.europesays.com\/es\/wp-json\/wp\/v2\/categories?post=253004"},{"taxonomy":"post_tag","embeddable":true,"href":"https:\/\/www.europesays.com\/es\/wp-json\/wp\/v2\/tags?post=253004"}],"curies":[{"name":"wp","href":"https:\/\/api.w.org\/{rel}","templated":true}]}}