{"id":253006,"date":"2025-11-24T10:53:11","date_gmt":"2025-11-24T10:53:11","guid":{"rendered":"https:\/\/www.europesays.com\/es\/253006\/"},"modified":"2025-11-24T10:53:11","modified_gmt":"2025-11-24T10:53:11","slug":"el-regalo-de-cumpleanos-mas-cule-de-frenkie-de-jong-a-su-hijo-miles","status":"publish","type":"post","link":"https:\/\/www.europesays.com\/es\/253006\/","title":{"rendered":"El regalo de cumplea\u00f1os m\u00e1s cul\u00e9 de Frenkie de Jong a su hijo Miles"},"content":{"rendered":"<p data-gtm-element-container=\"modulo-texto-link\" class=\"paragraph\">El pasado viernes, <strong>Miles de Jong<\/strong> cumpli\u00f3 dos a\u00f1os de vida y <strong>Frenkie de Jong<\/strong>, su padre, centrocampista del FC Barcelona de 28 a\u00f1os, le hizo el regalo m\u00e1s cul\u00e9. El d\u00eda antes del regreso del equipo azulgrana al Spotify Camp Nou jugaron juntos en el c\u00e9sped del estadio en el que los compa\u00f1eros del internacional holand\u00e9s, sancionado, ganaron 4-0 al Athletic 24 horas despu\u00e9s. <strong>Miles<\/strong> llevaba la camiseta del Bar\u00e7a con el dorsal 21 de su padre y Pap\u00e1 sobre el n\u00famero.<\/p>\n<p>                <img loading=\"lazy\" decoding=\"async\" data-full-src=\"https:\/\/www.mundodeportivo.com\/uploads\/2025\/11\/24\/69240acf5ea67.png\" alt=\"Frenkie y Miles de Jong, en el Spotify Camp Nou\" width=\"449\" height=\"662\" src=\"https:\/\/www.europesays.com\/es\/wp-content\/uploads\/2025\/11\/69240acf5ea67.png\" class=\"lazy\"\/><\/p>\n<p class=\"caption-title \">Frenkie y Miles de Jong, en el Spotify Camp Nou<\/p>\n<p>                    Instagram<\/p>\n<p data-gtm-element-container=\"modulo-texto-link\" class=\"paragraph\">\u00ab21-11-2023. El mundo es tuyo, te amo\u00bb, escribi\u00f3 <strong>Frenkie de Jong<\/strong>, con la fecha de nacimiento <strong>Miles<\/strong>, el primer hijo que tuvo con su pareja,\u00a0<strong>Mikky Kiemeney<\/strong>. El 21 de agosto de 2025 naci\u00f3 <strong>Mason<\/strong>, su segundo hijo.<\/p>\n<p>    Lee tambi\u00e9n<\/p>\n<p data-gtm-element-container=\"modulo-texto-link\" class=\"paragraph\"><strong>Frenkie de Jong<\/strong> no pudo jugar el s\u00e1bado por su expulsi\u00f3n ante el Cekta en Vigo, donde vio dos amarillas. S\u00ed podr\u00e1 hacerlo este martes en Londres ante el Chelsea en la Champions League.<\/p>\n","protected":false},"excerpt":{"rendered":"El pasado viernes, Miles de Jong cumpli\u00f3 dos a\u00f1os de vida y Frenkie de Jong, su padre, centrocampista&hellip;\n","protected":false},"author":2,"featured_media":253007,"comment_status":"","ping_status":"","sticky":false,"template":"","format":"standard","meta":{"footnotes":""},"categories":[268],"tags":[168,25,24,280,282,281,23,167],"class_list":{"0":"post-253006","1":"post","2":"type-post","3":"status-publish","4":"format-standard","5":"has-post-thumbnail","7":"category-futbol","8":"tag-deportes","9":"tag-es","10":"tag-espana","11":"tag-football","12":"tag-futbol","13":"tag-soccer","14":"tag-spain","15":"tag-sports"},"share_on_mastodon":{"url":"https:\/\/pubeurope.com\/@es\/115604305133904524","error":""},"_links":{"self":[{"href":"https:\/\/www.europesays.com\/es\/wp-json\/wp\/v2\/posts\/253006","targetHints":{"allow":["GET"]}}],"collection":[{"href":"https:\/\/www.europesays.com\/es\/wp-json\/wp\/v2\/posts"}],"about":[{"href":"https:\/\/www.europesays.com\/es\/wp-json\/wp\/v2\/types\/post"}],"author":[{"embeddable":true,"href":"https:\/\/www.europesays.com\/es\/wp-json\/wp\/v2\/users\/2"}],"replies":[{"embeddable":true,"href":"https:\/\/www.europesays.com\/es\/wp-json\/wp\/v2\/comments?post=253006"}],"version-history":[{"count":0,"href":"https:\/\/www.europesays.com\/es\/wp-json\/wp\/v2\/posts\/253006\/revisions"}],"wp:featuredmedia":[{"embeddable":true,"href":"https:\/\/www.europesays.com\/es\/wp-json\/wp\/v2\/media\/253007"}],"wp:attachment":[{"href":"https:\/\/www.europesays.com\/es\/wp-json\/wp\/v2\/media?parent=253006"}],"wp:term":[{"taxonomy":"category","embeddable":true,"href":"https:\/\/www.europesays.com\/es\/wp-json\/wp\/v2\/categories?post=253006"},{"taxonomy":"post_tag","embeddable":true,"href":"https:\/\/www.europesays.com\/es\/wp-json\/wp\/v2\/tags?post=253006"}],"curies":[{"name":"wp","href":"https:\/\/api.w.org\/{rel}","templated":true}]}}