{"id":253008,"date":"2025-11-24T10:54:11","date_gmt":"2025-11-24T10:54:11","guid":{"rendered":"https:\/\/www.europesays.com\/es\/253008\/"},"modified":"2025-11-24T10:54:11","modified_gmt":"2025-11-24T10:54:11","slug":"la-nieta-de-john-f-kennedy-revelo-que-le-diagnosticaron-un-cancer-terminal","status":"publish","type":"post","link":"https:\/\/www.europesays.com\/es\/253008\/","title":{"rendered":"La nieta de John F. Kennedy revel\u00f3 que le diagnosticaron un c\u00e1ncer terminal"},"content":{"rendered":"<p> Tatiana Schlossberg, nieta del expresidente estadounidense John F. Kennedy, revel\u00f3 que padece un c\u00e1ncer terminal, en un ensayo que escribi\u00f3 para \u201cThe New Yorker\u201d donde indica que uno de sus m\u00e9dicos le dijo que podr\u00eda tener un a\u00f1o m\u00e1s de vida.<\/p>\n<p>Schlossberg, hija de Caroline Kennedy y Edwin Schlossberg, escribi\u00f3 que en mayo de 2024 recibi\u00f3 su diagn\u00f3stico, a los 34 a\u00f1os de edad. Despu\u00e9s del nacimiento de su segundo hijo, su m\u00e9dico not\u00f3 que su conteo de gl\u00f3bulos blancos era elevado. Result\u00f3 ser leucemia mieloide aguda con una rara mutaci\u00f3n, patolog\u00eda que se observa principalmente en personas mayores, escribi\u00f3.<\/p>\n<p> Su ensayo fue publicado en el 62\u00ba aniversario del asesinato de su abuelo.<\/p>\n<p>Schlossberg, periodista ambiental, escribi\u00f3 que pas\u00f3 por varias sesiones de quimioterapia y dos trasplantes de c\u00e9lulas madre, el primero con su hermana como donante, adem\u00e1s de que particip\u00f3 en ensayos cl\u00ednicos. Durante su m\u00e1s reciente ensayo, escribi\u00f3 que su m\u00e9dico le dijo \u201cpodr\u00eda mantenerme con vida por un a\u00f1o, tal vez\u201d.<\/p>\n<p>La nieta de Kennedy dijo que las pol\u00edticas que impulsa su primo, el secretario de Salud y Servicios Humanos Robert F. Kennedy Jr., podr\u00edan perjudicar a pacientes con c\u00e1ncer como ella. \u201cConforme pasaba m\u00e1s y m\u00e1s tiempo de vida bajo el cuidado de m\u00e9dicos, enfermeras e investigadores que se esfuerzan por mejorar la vida de los dem\u00e1s, pude ver c\u00f3mo Bobby recort\u00f3 casi 500.000 millones de d\u00f3lares para la investigaci\u00f3n en vacunas de ARNm, tecnolog\u00eda que podr\u00eda usarse contra ciertos tipos de c\u00e1ncer\u201d, escribi\u00f3.<\/p>\n<p>\u201cDurante toda mi vida he tratado de ser buena, de ser una buena estudiante y una buena hermana y una buena hija, y de proteger a mi madre y nunca hacerla enojar o molestar. Ahora a\u00f1ad\u00ed una nueva tragedia a su vida, a la vida de nuestra familia, y no hay nada que pueda hacer para detenerlo\u201d, indic\u00f3.<\/p>\n","protected":false},"excerpt":{"rendered":"Tatiana Schlossberg, nieta del expresidente estadounidense John F. Kennedy, revel\u00f3 que padece un c\u00e1ncer terminal, en un ensayo&hellip;\n","protected":false},"author":2,"featured_media":253009,"comment_status":"","ping_status":"","sticky":false,"template":"","format":"standard","meta":{"footnotes":""},"categories":[174],"tags":[255,146,147,25,24,256,23],"class_list":{"0":"post-253008","1":"post","2":"type-post","3":"status-publish","4":"format-standard","5":"has-post-thumbnail","7":"category-famosos","8":"tag-celebrities","9":"tag-entertainment","10":"tag-entretenimiento","11":"tag-es","12":"tag-espana","13":"tag-famosos","14":"tag-spain"},"share_on_mastodon":{"url":"https:\/\/pubeurope.com\/@es\/115604308963236428","error":""},"_links":{"self":[{"href":"https:\/\/www.europesays.com\/es\/wp-json\/wp\/v2\/posts\/253008","targetHints":{"allow":["GET"]}}],"collection":[{"href":"https:\/\/www.europesays.com\/es\/wp-json\/wp\/v2\/posts"}],"about":[{"href":"https:\/\/www.europesays.com\/es\/wp-json\/wp\/v2\/types\/post"}],"author":[{"embeddable":true,"href":"https:\/\/www.europesays.com\/es\/wp-json\/wp\/v2\/users\/2"}],"replies":[{"embeddable":true,"href":"https:\/\/www.europesays.com\/es\/wp-json\/wp\/v2\/comments?post=253008"}],"version-history":[{"count":0,"href":"https:\/\/www.europesays.com\/es\/wp-json\/wp\/v2\/posts\/253008\/revisions"}],"wp:featuredmedia":[{"embeddable":true,"href":"https:\/\/www.europesays.com\/es\/wp-json\/wp\/v2\/media\/253009"}],"wp:attachment":[{"href":"https:\/\/www.europesays.com\/es\/wp-json\/wp\/v2\/media?parent=253008"}],"wp:term":[{"taxonomy":"category","embeddable":true,"href":"https:\/\/www.europesays.com\/es\/wp-json\/wp\/v2\/categories?post=253008"},{"taxonomy":"post_tag","embeddable":true,"href":"https:\/\/www.europesays.com\/es\/wp-json\/wp\/v2\/tags?post=253008"}],"curies":[{"name":"wp","href":"https:\/\/api.w.org\/{rel}","templated":true}]}}