{"id":253010,"date":"2025-11-24T10:55:10","date_gmt":"2025-11-24T10:55:10","guid":{"rendered":"https:\/\/www.europesays.com\/es\/253010\/"},"modified":"2025-11-24T10:55:10","modified_gmt":"2025-11-24T10:55:10","slug":"las-fotografias-ganadoras-del-nature-photographer-of-the-year-diario-as","status":"publish","type":"post","link":"https:\/\/www.europesays.com\/es\/253010\/","title":{"rendered":"Las fotograf\u00edas ganadoras del \u2018Nature Photographer of the Year\u2019 &#8211; Diario AS"},"content":{"rendered":"<ol>\n<li><a href=\"https:\/\/news.google.com\/rss\/articles\/CBMirwFBVV95cUxPaEhPTk1aNC1wRXFiaFJrZ1J2RlZlUUN2ekVMcmNWRFlCSnk4eTJLTHdFUzNucTlGRmN5SGlvRlE0aWVtd1BSUlBxS2FOXzZHblRoZDJlcjJmNG82RUZ6ZGozcmlwTkF6bFByMkk2ZVduOU9rZmMybzJDOS1vRHhuQjNyaTNUSlU0MXZ3Rnh2UF9XZ3doNGVFSHlQYTJtT09FcHc0S3M4RDFBTlVETVZn?oc=5\" target=\"_blank\" rel=\"nofollow noopener\">Las fotograf\u00edas ganadoras del \u2018Nature Photographer of the Year\u2019<\/a>&nbsp;&nbsp;Diario AS<\/li>\n<li><a href=\"https:\/\/news.google.com\/rss\/articles\/CBMijwFBVV95cUxOZEN2bXB5SW9BVkFpZkJ1U1BkZlhCY3JPcWFWUlhKMUNvV1BBMkYtUjRFOUZSMFJDUDlqMnRrNlMxNndZa3ZGVmUtdTZUMXN3Zmd0ckpSeXc3VFZlMGtKX3FpalBLdG1sQ1dlTGlDNGN0d0o3RnpCem1Ec2czVzBiX3V4ZEZndDBrVS1lRmVmdw?oc=5\" target=\"_blank\" rel=\"nofollow noopener\">Naturaleza asombrosa: 21 fotos que compiten por el premio al \u00abFot\u00f3grafo de primer plano 2025\u00bb<\/a>&nbsp;&nbsp;Yahoo<\/li>\n<li><a href=\"https:\/\/news.google.com\/rss\/articles\/CBMi2gFBVV95cUxNTnRsTV9oMkVkUmNtQkFlUTlXTEdlUnpVLTlZeVdfY29PV3Uza0JITkFMTmRiVm9FOWYwUEt3V083ejRsOEdvN3J6Y0dVdWFXRUJXTTBnUGJGcld2ZWNONWcxcmtiYWRYYzlUV0FMNmFGazJqTXN4NG8ycThtRnYtcjZIQTdYdHBtVm4wX3o5dDFBVWhMQ2kzSXA1VkFJUlNnZy1JVWotcC1GWTVCTy1QdkpxbHE0OVpFLVAzNTNzQ29mbWRKMmxhQml5cUR0NU83eGlhdmdRak9kUQ?oc=5\" target=\"_blank\" rel=\"nofollow noopener\">\u00c5smund Keilen, fot\u00f3grafo noruego, gana el Nature Photographer of the Year 2025<\/a>&nbsp;&nbsp;MUNDIARIO<\/li>\n<li><a href=\"https:\/\/news.google.com\/rss\/articles\/CBMiugFBVV95cUxQUlZURmNWa002Q21EMUlfdWhjRDRGaEFoSGpENmFOVkpqeVFiakdkZHFuenBGejBKVmZhMkR5VXhvZDI1ZFhKNk5pSHVPT0xodkRhU0szX0RvUUtlaE9zSWJBQVM5NndDNWNTWjY4WFpMMnNzSFY2emRuVE5HcW1ETEpLcHpqTWdLN0YtQmhOYTNUR1hRTVd0Z3dHWWEwV055d1NEVVRpS3lsUmVyTjdBTVM1M2pvc2hibWc?oc=5\" target=\"_blank\" rel=\"nofollow noopener\">Im\u00e1genes asombrosas de fauna y paisajes: los ganadores del concurso fotogr\u00e1fico Nature inFocus 2025 sorprenden al jurado y al p\u00fablico<\/a>&nbsp;&nbsp;russpain.com<\/li>\n<li><a href=\"https:\/\/news.google.com\/rss\/articles\/CBMiswFBVV95cUxOcUtFUkcxV3RwU1g3MWdmU2otMVllZEhnZUhGUzlZMi1yaWVWQ05RN3g3eTBXbW1mbDFPU2JPamVWWHVTdzRnaDZZNXRUbzB6bkFjOUxjY3Y2MUNkRlduWjgyckViaGR3dVY5S2VYTUpOMFowdDBUNEFnbDVtWWQyWVFRc0YxYW5BUVA1UENid1BaMlRlRGlzSjlyWGppdUZ6Wi01VlJsR1NieXZFSHk0THkySQ?oc=5\" target=\"_blank\" rel=\"nofollow noopener\">El fot\u00f3grafo que derram\u00f3 un caf\u00e9 y se convirti\u00f3 en el Nature Photographer of the year 2025<\/a>&nbsp;&nbsp;photolari.com<\/li>\n<\/ol>\n","protected":false},"excerpt":{"rendered":"Las fotograf\u00edas ganadoras del \u2018Nature Photographer of the Year\u2019&nbsp;&nbsp;Diario AS Naturaleza asombrosa: 21 fotos que compiten por el&hellip;\n","protected":false},"author":2,"featured_media":253011,"comment_status":"","ping_status":"","sticky":false,"template":"","format":"standard","meta":{"footnotes":""},"categories":[173],"tags":[229,233,231,230,232,234,146,147,25,24,23],"class_list":{"0":"post-253010","1":"post","2":"type-post","3":"status-publish","4":"format-standard","5":"has-post-thumbnail","7":"category-arte-y-diseno","8":"tag-arte","9":"tag-arte-y-diseno","10":"tag-arts","11":"tag-arts-and-design","12":"tag-design","13":"tag-diseno","14":"tag-entertainment","15":"tag-entretenimiento","16":"tag-es","17":"tag-espana","18":"tag-spain"},"share_on_mastodon":{"url":"https:\/\/pubeurope.com\/@es\/115604312723907943","error":""},"_links":{"self":[{"href":"https:\/\/www.europesays.com\/es\/wp-json\/wp\/v2\/posts\/253010","targetHints":{"allow":["GET"]}}],"collection":[{"href":"https:\/\/www.europesays.com\/es\/wp-json\/wp\/v2\/posts"}],"about":[{"href":"https:\/\/www.europesays.com\/es\/wp-json\/wp\/v2\/types\/post"}],"author":[{"embeddable":true,"href":"https:\/\/www.europesays.com\/es\/wp-json\/wp\/v2\/users\/2"}],"replies":[{"embeddable":true,"href":"https:\/\/www.europesays.com\/es\/wp-json\/wp\/v2\/comments?post=253010"}],"version-history":[{"count":0,"href":"https:\/\/www.europesays.com\/es\/wp-json\/wp\/v2\/posts\/253010\/revisions"}],"wp:featuredmedia":[{"embeddable":true,"href":"https:\/\/www.europesays.com\/es\/wp-json\/wp\/v2\/media\/253011"}],"wp:attachment":[{"href":"https:\/\/www.europesays.com\/es\/wp-json\/wp\/v2\/media?parent=253010"}],"wp:term":[{"taxonomy":"category","embeddable":true,"href":"https:\/\/www.europesays.com\/es\/wp-json\/wp\/v2\/categories?post=253010"},{"taxonomy":"post_tag","embeddable":true,"href":"https:\/\/www.europesays.com\/es\/wp-json\/wp\/v2\/tags?post=253010"}],"curies":[{"name":"wp","href":"https:\/\/api.w.org\/{rel}","templated":true}]}}